{"id":52841,"date":"2019-06-12T06:50:44","date_gmt":"2019-06-12T04:50:44","guid":{"rendered":"https:\/\/israelmagazine.net\/?p=52841"},"modified":"2019-06-12T06:50:44","modified_gmt":"2019-06-12T04:50:44","slug":"a-laube-de-la-3ieme-guerre-du-liban","status":"publish","type":"post","link":"https:\/\/israelmagazine.net\/?p=52841","title":{"rendered":"A l\u2019aube de la 3i\u00e8me Guerre du Liban ?"},"content":{"rendered":"<img class=\\\"size-medium wp-image-52842\\\" src=\\\"https:\/\/israelmagazine.co.il\/wp-content\/uploads\/2019\/06\/o-NASRALLAH-facebook-300x150.jpg\\\" alt=\\\"hezbollah\\\" width=\\\"300\\\" height=\\\"150\\\" \/>\n<p>par\u00a0 RICHARD DARMON<\/p>\n<p>Forte de plus de 40 000 hommes bien entra\u00een\u00e9s et fanatis\u00e9s &#8211; dont 15000 r\u00e9servistes, \u00e9quip\u00e9e de dizaines de milliers de missiles et roquettes, la milice chiite pr\u00e9pare activement sa prochaine guerre contre Isra\u00ebl. Alors que les tensions montent s\u00e9rieusement dans le Golfe persique entre l\u2019Am\u00e9rique et l\u2019Iran, dont le Hezbollah est le \u00ab bras avanc\u00e9 \u00bb au nord d\u2019Isra\u00ebl, cette 3i\u00e8me Guerre du Liban qui se profile \u00e0 l\u2019horizon et\u00a0<span class=\\\"text_exposed_show\\\">qui aura lieu t\u00f4t ou tard, risque d\u2019\u00eatre bien pire que celle de l\u2019\u00e9t\u00e9 2006\u2026<\/span><\/p>\n<div class=\\\"text_exposed_show\\\">\n<p>Acteur r\u00e9gional de premier plan et puissamment surarm\u00e9, le Hezbollah se trouve aujourd\u2019hui dans une phase transitoire, voire contradictoire : alors qu\u2019il est en train de replier ses bataillons d\u2019\u00e9lite engag\u00e9s depuis presque 8 ans aux c\u00f4t\u00e9s du r\u00e9gime Assad \u2013 un engagement qui l\u2019a \u00e0 la fois affaibli au niveau de ses effectifs (puisqu\u2019il y a perdu 1500 miliciens avec, en plus, pr\u00e8s de 5 000 bless\u00e9s), mais aussi renforc\u00e9 au niveau de son \u00ab exp\u00e9rience combattante \u00bb -, il se pr\u00e9pare activement et avec beaucoup de patience et de d\u00e9termination au prochain choc frontal qui in\u00e9vitablement, l\u2019opposera un jour \u00e0 Isra\u00ebl.<br \/>\nCertes, affirment des experts en la mati\u00e8re, la milice chiite ne souhaite pas voir cette nouvelle guerre s\u2019ouvrir maintenant : \u00e0 la fois parce qu\u2019elle est dans une tr\u00e8s mauvaise situation financi\u00e8re, entre autres, les sanctions \u00e9conomiques frappant l\u2019Iran, son principal pourvoyeur de fonds &#8211; son budget annuel est pass\u00e9 d\u2019un milliard de $ par an \u00e0 600 000 $ -, mais aussi parce qu\u2019elle sait pertinemment qu\u2019en cas de conflit, elle a beaucoup \u00e0 perdre au niveau militaire et politique. Elle entrainerait le Liban dans une guerre cataclysmique dont la majorit\u00e9 de ses citoyens ne veulent \u00e9videmment pas\u2026 Et ce, m\u00eame le Hezbollah pourra sans doute infliger des coups tr\u00e8s dur \u00e0 l\u2019Etat juif.<br \/>\nsuite dans le numero 221 d\u2019Isra\u00ebl Magazine<\/p>\n<p>La suite de l\u2019article se trouve dans le prochain num\u00e9ro d\u2019Isra\u00ebl Magazine<\/p>\n<p>S\u2019abonner au magazine par t\u00e9l\u00e9phone ou par whats app 00972 (0) 54 254 45 20\u00a0 01 77 47 57 67<\/p>\n<p>Par email\u00a0 Andredarmon78@gmail.com<\/p>\n<p>D\u00e9couvrez un exemplaire du magazine gratuitement et cliquez sur le rebord droit du mag<\/p>\n<p><a href=\\\"https:\/\/fr.calameo.com\/read\/0010965001feb059d1586?authid=wl2BnKg1JDc5\\\">https:\/\/fr.calameo.com\/read\/0010965001feb059d1586?authid=wl2BnKg1JDc5<\/a><\/p>\n<\/div>\n","protected":false},"excerpt":{"rendered":"<p>par\u00a0 RICHARD DARMON Forte de plus de 40 000 hommes bien entra\u00een\u00e9s et fanatis\u00e9s &#8211; dont 15000 r\u00e9servistes, \u00e9quip\u00e9e de dizaines de milliers de missiles et roquettes, la milice chiite pr\u00e9pare activement sa prochaine guerre contre Isra\u00ebl. Alors que les tensions montent s\u00e9rieusement dans le Golfe persique entre l\u2019Am\u00e9rique et l\u2019Iran, dont le Hezbollah est &hellip;<\/p>\n<p class=\"read-more\"> <a class=\"\" href=\"https:\/\/israelmagazine.net\/?p=52841\"> <span class=\"screen-reader-text\">A l\u2019aube de la 3i\u00e8me Guerre du Liban ?<\/span> Lire la suite \u00bb<\/a><\/p>\n","protected":false},"author":4,"featured_media":52842,"comment_status":"open","ping_status":"open","sticky":false,"template":"","format":"image","meta":{"site-sidebar-layout":"default","site-content-layout":"default","ast-global-header-display":"","ast-main-header-display":"","ast-hfb-above-header-display":"","ast-hfb-below-header-display":"","ast-hfb-mobile-header-display":"","site-post-title":"","ast-breadcrumbs-content":"","ast-featured-img":"","footer-sml-layout":"","theme-transparent-header-meta":"","adv-header-id-meta":"","stick-header-meta":"","header-above-stick-meta":"","header-main-stick-meta":"","header-below-stick-meta":""},"categories":[84,1612],"tags":[1240,1628,1629],"sujet":[],"_links":{"self":[{"href":"https:\/\/israelmagazine.net\/index.php?rest_route=\/wp\/v2\/posts\/52841"}],"collection":[{"href":"https:\/\/israelmagazine.net\/index.php?rest_route=\/wp\/v2\/posts"}],"about":[{"href":"https:\/\/israelmagazine.net\/index.php?rest_route=\/wp\/v2\/types\/post"}],"author":[{"embeddable":true,"href":"https:\/\/israelmagazine.net\/index.php?rest_route=\/wp\/v2\/users\/4"}],"replies":[{"embeddable":true,"href":"https:\/\/israelmagazine.net\/index.php?rest_route=%2Fwp%2Fv2%2Fcomments&post=52841"}],"version-history":[{"count":0,"href":"https:\/\/israelmagazine.net\/index.php?rest_route=\/wp\/v2\/posts\/52841\/revisions"}],"wp:featuredmedia":[{"embeddable":true,"href":"https:\/\/israelmagazine.net\/index.php?rest_route=\/"}],"wp:attachment":[{"href":"https:\/\/israelmagazine.net\/index.php?rest_route=%2Fwp%2Fv2%2Fmedia&parent=52841"}],"wp:term":[{"taxonomy":"category","embeddable":true,"href":"https:\/\/israelmagazine.net\/index.php?rest_route=%2Fwp%2Fv2%2Fcategories&post=52841"},{"taxonomy":"post_tag","embeddable":true,"href":"https:\/\/israelmagazine.net\/index.php?rest_route=%2Fwp%2Fv2%2Ftags&post=52841"},{"taxonomy":"sujet","embeddable":true,"href":"https:\/\/israelmagazine.net\/index.php?rest_route=%2Fwp%2Fv2%2Fsujet&post=52841"}],"curies":[{"name":"wp","href":"https:\/\/api.w.org\/{rel}","templated":true}]}}