{"id":52858,"date":"2019-06-14T08:51:37","date_gmt":"2019-06-14T06:51:37","guid":{"rendered":"https:\/\/israelmagazine.net\/?p=52858"},"modified":"2019-06-14T08:51:37","modified_gmt":"2019-06-14T06:51:37","slug":"le-plan-de-paix-de-trump-au-moyen-orient-dans-limpasse","status":"publish","type":"post","link":"https:\/\/israelmagazine.net\/?p=52858","title":{"rendered":"Le plan de paix de Trump au Moyen Orient dans l\\&rsquo;impasse"},"content":{"rendered":"<p>Le plan de paix de Trump au Moyen Orient dans l\\&rsquo;impasse<\/p>\n<p>&nbsp;<\/p>\n<img class=\\\"size-medium wp-image-52860\\\" src=\\\"https:\/\/israelmagazine.co.il\/wp-content\/uploads\/2019\/06\/jordan-valley-7_wide-c771479e1d2588456d95c528d65559fef03fc251-300x168.jpg\\\" alt=\\\"Trump\\\" width=\\\"300\\\" height=\\\"168\\\" \/>\n<p>Jared Kushner, le gendre de Donald Trump, \u00e9tait mardi \u00e0 Bruxelles pour d\u00e9fendre son plan de paix pour Isra\u00ebl et la Palestine. Il n\u2019a gu\u00e8re convaincu. Isra\u00ebl est pr\u00eat \u00e0 discuter, mais l\u2019absence des Palestiniens et la programmation de nouvelles \u00e9lections compromettent le processus.<\/p>\n<p>Les 25 et 26 juin prochains, Jared Kushner, le gendre et conseiller de Donald Trump, pr\u00e9sentera \u00e0 Bahre\u00efn le volet \u00e9conomique de son plan pour r\u00e9soudre le conflit entre Isra\u00ebl et la Palestine. Cette mission de pacification qui lui a \u00e9t\u00e9 confi\u00e9e en janvier 2017 peine \u00e0 aboutir.<\/p>\n<p>Le plan a \u00e9t\u00e9 annonc\u00e9 et repouss\u00e9 \u00e0 plusieurs reprises, entre autre en raison des \u00e9lections anticip\u00e9es en Isra\u00ebl. Jared Kushner \u00e9tait mardi \u00e0 Bruxelles pour tester ses id\u00e9es aupr\u00e8s d\u2019une Commission europ\u00e9enne plut\u00f4t sceptique. Pour les Etats-Unis, le soutien de l\u2019Europe dans ce processus est vital.<\/p>\n<p>Jared Kushner<\/p>\n<p>Les grandes lignes du plan commencent \u00e0 filtrer. Dans le texte, les Etats-Unis n\u2019appelleraient plus \u00e0 la reconnaissance de l\u2019\u00c9tat palestinien. Une marche arri\u00e8re de plus de vingt ans dans leur doctrine de paix. Une position contraire \u00e0 celle des Europ\u00e9ens qui privil\u00e9gient la solution \u00e0 deux \u00c9tats reconnaissant la Palestine. De surcro\u00eet, le plan reconna\u00eetrait les droits des colons isra\u00e9liens install\u00e9s en Jud\u00e9e Samarie.<br \/>\nEn \u00e9change, les Palestiniens recevraient des dizaines de milliards de dollars pour investir dans la reconstruction de Gaza et en Cisjordanie. L\u2019Egypte et la Jordanie, en paix avec Isra\u00ebl, recevraient leur part. Les \u00c9tats du Golfe devraient assurer une part du financement du plan.<\/p>\n<p>Les Palestiniens, peu convaincus, n\u2019iront pas \u00e0 Bahre\u00efn. Le pr\u00e9sident de l\u2019autorit\u00e9 palestinienne Mahmoud Abbas est en froid avec Washington depuis la reconnaissance de J\u00e9rusalem comme capitale d\u2019Isra\u00ebl. Benjamin Netanyahou se rendra \u00e0 Bahre\u00efn, mais il devra tenir compte des oppositions qui pourraient venir de ses alli\u00e9s de droite radicale. La convocation de nouvelles \u00e9lections en Isra\u00ebl, pour le 7 septembre prochain, est un s\u00e9rieux handicap.<\/p>\n<p>La suite de l\u2019article se trouve dans le prochain num\u00e9ro d\u2019Isra\u00ebl Magazine<\/p>\n<p>S\u2019abonner au magazine par t\u00e9l\u00e9phone ou par whats app 00972 (0) 54 254 45 20\u00a0 01 77 47 57 67<\/p>\n<p>Par email\u00a0 Andredarmon78@gmail.com<\/p>\n<p>D\u00e9couvrez un exemplaire du magazine gratuitement et cliquez sur le rebord droit du mag<\/p>\n<p><a href=\\\"https:\/\/fr.calameo.com\/read\/0010965001feb059d1586?authid=wl2BnKg1JDc5\\\">https:\/\/fr.calameo.com\/read\/0010965001feb059d1586?authid=wl2BnKg1JDc5<\/a><\/p>\n<p>&nbsp;<\/p>\n<p>Isra\u00ebl ne peut n\u00e9gocier seul un accord de paix<\/p>\n<p>\\\u00a0\u00bbJe vois des solutions au conflit isra\u00e9lo-palestinien, mais je ne vois pas de partenaire pour n\u00e9gocier.\\\u00a0\u00bb L\u2019absence des Palestiniens \u00e0 cette r\u00e9union place le plan dans une impasse. Le calendrier de Donald Trump, qui pr\u00e9disait \\\u00a0\u00bbl\u2019accord du si\u00e8cle\\\u00a0\u00bb est compromis.<\/p>\n<p>\\\u00a0\u00bbJe vois des solutions pour le conflit isra\u00e9lo-palestinien palestinien, mais je ne vois pas de partenaire pour n\u00e9gocier\\\u00a0\u00bb, confie Ouzi Dayan, ex-d\u00e9put\u00e9 du Likoud et neveu de Moshe Dayan. \\\u00a0\u00bbLes Palestiniens doivent comprendre qu\u2019il faut venir discuter pour trouver une solution, en commen\u00e7ant par mettre fin au conflit\\\u00a0\u00bb, poursuit-il, int\u00e9ress\u00e9 par le plan, peu convaincu d\u2019un retour des Palestiniens autour de la table. \\\u00a0\u00bbC\u2019est une bonne id\u00e9e de miser d\u2019abord sur l\u2019\u00e9conomie. Tout le monde sait qu\u2019\u00e0 la base le conflit n\u2019est pas \u00e9conomique, mais cette approche pourrait \u00eatre un outil pour trouver une solution\\\u00a0\u00bb.<\/p>\n<p>Ouzi Dayan, ancien commandant des forces sp\u00e9ciales isra\u00e9liennes, ancien n\u00e9gociateur de l\u2019accord de paix avec l\u2019Egypte, affirme qu\u2019il \\\u00a0\u00bbesp\u00e8re la fin du conflit isra\u00e9lo-palestinien comme 70% des Isra\u00e9liens et des Palestiniens\\\u00a0\u00bb. Mais \\\u00a0\u00bbsi les Palestiniens ne sont pas l\u00e0, ils font erreur\\\u00a0\u00bb. Si les Palestiniens ne participent pas \u00e0 la r\u00e9union de Bahre\u00efn, ce sera le statu quo. Isra\u00ebl s\u2019en accommodera. L\u2019\u00e9conomie isra\u00e9lienne est en bonne sant\u00e9, avec une croissance de 3,3%. \\\u00a0\u00bbLe pays a r\u00e9solu ses probl\u00e8mes d\u2019eau et d\u2019\u00e9nergie, ce qui le rend insensible \u00e0 l\u2019argument des p\u00e9trodollars\\\u00a0\u00bb, ajoute-t-il, \\\u00a0\u00bbje suis tr\u00e8s r\u00e9aliste, je suis n\u00e9 au Moyen Orient, j\u2019ai beaucoup d\u2019espoir que nous allons vers le meilleur. F\u00fbt-ce parce que dans une trentaine d\u2019ann\u00e9es, Isra\u00ebl comptera vingt millions d\u2019habitants.\\\u00a0\u00bb<\/p>\n<p>Les \u00e9quilibres au Moyen Orient ne sont plus ceux de l\u2019apr\u00e8s-guerre, et c\u2019est une des raisons du gel des n\u00e9gociations de paix entre Isra\u00ebl et la Palestine. Ouzi Dayan, ex-g\u00e9n\u00e9ral de Tsahal, connu pour avoir \u00e9pargn\u00e9 la vie de Yasser Arafat lors d\u2019une op\u00e9ration, estime que la question isra\u00e9lo-palestinienne n\u2019est plus la racine du probl\u00e8me au Moyen Orient. \\\u00a0\u00bbLe probl\u00e8me n\u2019est plus l\u2019opposition entre juifs et arabes. Le probl\u00e8me, c\u2019est la division de la r\u00e9gion entre deux groupes, ceux qui soutiennent l\u2019Iran et refusent de combattre le terrorisme et ceux refusent que l\u2019Iran d\u00e9tienne l\u2019arme nucl\u00e9aire et combattent le terrorisme\\\u00a0\u00bb, dit-il.<\/p>\n<p>Le d\u00e9put\u00e9 du Likoud estime que la lutte contre le terrorisme reste une des conditions prioritaires \u00e0 la conclusion d\u2019un accord de paix avec les Palestiniens. \\\u00a0\u00bbNotre plus gros probl\u00e8me, c\u2019est le terrorisme. Nous devons le combattre ensemble, isra\u00e9liens et palestiniens\\\u00a0\u00bb, dit-il. Un d\u00e9fi pour cet ancien commandant de Sayeret Matkal, l\u2019unit\u00e9 des forces sp\u00e9ciales isra\u00e9liennes qui d\u00e9livra les otages d\u2019un vol Sabena.<\/p>\n<p>&nbsp;<\/p>\n<p>L\u2019Europe peu convaincue par le plan Kushner<\/p>\n<p>Lors de sa rencontre avec Kushner, le pr\u00e9sident de la Commission europ\u00e9enne Jean-Claude Juncker a rappel\u00e9 que toute \\\u00a0\u00bbsolution politique doit prendre en compte les aspirations l\u00e9gitimes tant des Palestiniens que des Isra\u00e9liens et les param\u00e8tres interrogation convenus\\\u00a0\u00bb. En clair, l\u2019Union reste attach\u00e9e \u00e0 la reconnaissance de l\u2019\u00c9tat palestinien, ce qui fait douter de son soutien au plan Kushner.<br \/>\nLe secr\u00e9taire d\u2019\u00c9tat am\u00e9ricain Mike Pompeo est loin d\u2019\u00eatre un ardent d\u00e9fenseur de ce plan. En priv\u00e9, il a admis r\u00e9cemment qu\u2019il \\\u00a0\u00bbpeut \u00eatre rejet\u00e9\\\u00a0\u00bb et qu\u2019il s\u2019agirait d\u2019un accord \\\u00a0\u00bbque seuls les Isra\u00e9liens pourraient aimer\\\u00a0\u00bb. Mercredi, l\u2019Iran ajoutait son grain de sel en qualifiant le plan Kushner de \\\u00a0\u00bbgrande trahison\\\u00a0\u00bb.<\/p>\n","protected":false},"excerpt":{"rendered":"<p>Le plan de paix de Trump au Moyen Orient dans l\\&rsquo;impasse &nbsp; Jared Kushner, le gendre de Donald Trump, \u00e9tait mardi \u00e0 Bruxelles pour d\u00e9fendre son plan de paix pour Isra\u00ebl et la Palestine. Il n\u2019a gu\u00e8re convaincu. Isra\u00ebl est pr\u00eat \u00e0 discuter, mais l\u2019absence des Palestiniens et la programmation de nouvelles \u00e9lections compromettent le &hellip;<\/p>\n<p class=\"read-more\"> <a class=\"\" href=\"https:\/\/israelmagazine.net\/?p=52858\"> <span class=\"screen-reader-text\">Le plan de paix de Trump au Moyen Orient dans l\\&rsquo;impasse<\/span> Lire la suite \u00bb<\/a><\/p>\n","protected":false},"author":4,"featured_media":52860,"comment_status":"open","ping_status":"open","sticky":false,"template":"","format":"image","meta":{"site-sidebar-layout":"default","site-content-layout":"default","ast-global-header-display":"","ast-main-header-display":"","ast-hfb-above-header-display":"","ast-hfb-below-header-display":"","ast-hfb-mobile-header-display":"","site-post-title":"","ast-breadcrumbs-content":"","ast-featured-img":"","footer-sml-layout":"","theme-transparent-header-meta":"","adv-header-id-meta":"","stick-header-meta":"","header-above-stick-meta":"","header-main-stick-meta":"","header-below-stick-meta":""},"categories":[84,1612],"tags":[1633,1634,1635,1628,1636,1637,1638,742],"sujet":[],"_links":{"self":[{"href":"https:\/\/israelmagazine.net\/index.php?rest_route=\/wp\/v2\/posts\/52858"}],"collection":[{"href":"https:\/\/israelmagazine.net\/index.php?rest_route=\/wp\/v2\/posts"}],"about":[{"href":"https:\/\/israelmagazine.net\/index.php?rest_route=\/wp\/v2\/types\/post"}],"author":[{"embeddable":true,"href":"https:\/\/israelmagazine.net\/index.php?rest_route=\/wp\/v2\/users\/4"}],"replies":[{"embeddable":true,"href":"https:\/\/israelmagazine.net\/index.php?rest_route=%2Fwp%2Fv2%2Fcomments&post=52858"}],"version-history":[{"count":0,"href":"https:\/\/israelmagazine.net\/index.php?rest_route=\/wp\/v2\/posts\/52858\/revisions"}],"wp:featuredmedia":[{"embeddable":true,"href":"https:\/\/israelmagazine.net\/index.php?rest_route=\/"}],"wp:attachment":[{"href":"https:\/\/israelmagazine.net\/index.php?rest_route=%2Fwp%2Fv2%2Fmedia&parent=52858"}],"wp:term":[{"taxonomy":"category","embeddable":true,"href":"https:\/\/israelmagazine.net\/index.php?rest_route=%2Fwp%2Fv2%2Fcategories&post=52858"},{"taxonomy":"post_tag","embeddable":true,"href":"https:\/\/israelmagazine.net\/index.php?rest_route=%2Fwp%2Fv2%2Ftags&post=52858"},{"taxonomy":"sujet","embeddable":true,"href":"https:\/\/israelmagazine.net\/index.php?rest_route=%2Fwp%2Fv2%2Fsujet&post=52858"}],"curies":[{"name":"wp","href":"https:\/\/api.w.org\/{rel}","templated":true}]}}