{"id":52880,"date":"2019-06-17T06:19:41","date_gmt":"2019-06-17T04:19:41","guid":{"rendered":"https:\/\/israelmagazine.net\/?p=52880"},"modified":"2019-06-17T06:19:41","modified_gmt":"2019-06-17T04:19:41","slug":"33-39-les-communautes-juives-occidentales-hostiles-a-larrivee-de-juifs-etrangers","status":"publish","type":"post","link":"https:\/\/israelmagazine.net\/?p=52880","title":{"rendered":"33-39 Les Communaut\u00e9s juives occidentales hostiles \u00e0 l\u2019arriv\u00e9e de Juifs \u00e9trangers.  \u00a0"},"content":{"rendered":"<p><strong>1933-1939\u00a0 <\/strong><\/p>\n<p><strong>Les Communaut\u00e9s juives occidentales hostiles \u00e0 l\u2019arriv\u00e9e de Juifs \u00e9trangers.<\/strong><\/p>\n<img class=\\\"size-medium wp-image-52882\\\" src=\\\"https:\/\/israelmagazine.co.il\/wp-content\/uploads\/2019\/06\/VY6mWe_zXo5w1GGF_VVslk59AYTBGCuqoENe0h2kdBg-300x195.jpg\\\" alt=\\\"Shoah\\\" width=\\\"300\\\" height=\\\"195\\\" \/>\n<p>Par Marc-Andr\u00e9 Chargu\u00e9raud<\/p>\n<p><strong>\u00a0<\/strong><strong>\u00ab\u00a0Dans les moments cruciaux, pendant les ann\u00e9es de l\u2019Holocauste, c\u2019est l\u2019incapacit\u00e9 des Juifs de parler d\u2019une m\u00eame voix qui a emp\u00each\u00e9 de r\u00e9pondre de fa\u00e7on ad\u00e9quate aux dangers qui mena\u00e7aient les Juifs d\u2019Europe. \u00bb<\/strong><a href=\\\"#_ftn1\\\" name=\\\"_ftnref1\\\"><strong>[1]<\/strong><\/a><strong><br \/>\n<\/strong><\/p>\n<p>Ce jugement s\u00e9v\u00e8re du grand historien Henry Feingold s\u2019applique aussi aux ann\u00e9es qui ont pr\u00e9c\u00e9d\u00e9 la guerre. Et pourtant, le 13 juin 1938, l\u2019American Jewish Committee et l\u2019American Jewish Congress joignirent leurs forces avec celles de deux organisations moins importantes, le B\u2019nai B\u2019rith et le Jewish Labor Committee Ils fond\u00e8rent le General Jewish Council, qui repr\u00e9senta l\u2019ensemble de la communaut\u00e9 juive am\u00e9ricaine. Par manque de leadership, en raison du jeu des oppositions, ce nouveau groupement fut incapable de prendre des d\u00e9cisions.<\/p>\n<p>&nbsp;<\/p>\n<p>https:\/\/israelmagazine.co.il\/chasseurs-furtifs-f-35-sortie-fete-nationale\/<\/p>\n<img class=\\\"size-medium wp-image-52882\\\" src=\\\"https:\/\/israelmagazine.co.il\/wp-content\/uploads\/2019\/06\/VY6mWe_zXo5w1GGF_VVslk59AYTBGCuqoENe0h2kdBg-300x195.jpg\\\" alt=\\\"Shoah\\\" width=\\\"300\\\" height=\\\"195\\\" \/>\n<p>Le compte-rendu de la r\u00e9union du 18 d\u00e9cembre 1938 du General Jewish Council illustre cette faillite\u00a0: \u00ab Pour des raisons humanitaires on ne peut s\u2019opposer \u00e0 une \u00e9migration en masse des Juifs allemands.Toutefois il faut reconna\u00eetre que d\u2019autres pays semblent avoir infiniment plus de droits que l\u2019Allemagne. Ils pourraient demander une solution similaire malgr\u00e9 des efforts pour concilier des positions oppos\u00e9es, d\u2019une part donner un accord \u00e0 une \u00e9migration en masse allemande et en m\u00eame temps reconna\u00eetre l\u2019erreur fondamentale d\u2019une telle politique aucune solution satisfaisante ne fut trouv\u00e9e.<\/p>\n<p>Il fut finalement d\u00e9cid\u00e9, pour le moment en tout cas, de ne rien faire \u00e0 ce sujet. \u00bb Et l\u2019auteur qui cite ces lignes de conclure : \u00ab Par inaction les dirigeants juifs am\u00e9ricains devinrent les complices passifs d\u2019une politique qui ferma les portes aux Juifs d\u2019Allemagne (et d\u2019ailleurs, devrait-on ajouter) \u00e0 un moment o\u00f9 leur sauvetage \u00e9tait encore possible.\u00bb<a href=\\\"#_ftn1\\\" name=\\\"_ftnref1\\\">[1]<\/a><\/p>\n<p><a href=\\\"#_ftnref1\\\" name=\\\"_ftn1\\\">[1]<\/a> Minutes de la r\u00e9union du General Jewish Council du 18 d\u00e9cembre 1938 cit\u00e9 par Haskel Lookstein &#8211; Op. Cit. p. 68<\/p>\n<p><a href=\\\"#_ftnref1\\\" name=\\\"_ftn1\\\">[1]<\/a> Henry Feingold &#8211;<em> Time for Searching <\/em>. Op. Cit. p. 189<\/p>\n<blockquote class=\"wp-embedded-content\" data-secret=\"bL4l5MEjiW\"><p><a href=\"https:\/\/israelmagazine.co.il\/a-laube-de-la-3ieme-guerre-du-liban\/\">A l\u2019aube de la 3i\u00e8me Guerre du Liban ?<\/a><\/p><\/blockquote>\n<p><iframe class=\"wp-embedded-content\" sandbox=\"allow-scripts\" security=\"restricted\" style=\"position: absolute; clip: rect(1px, 1px, 1px, 1px);\" title=\"\u00ab\u00a0A l\u2019aube de la 3i\u00e8me Guerre du Liban ?\u00a0\u00bb &#8212; Israel Magazine\" src=\"https:\/\/israelmagazine.co.il\/a-laube-de-la-3ieme-guerre-du-liban\/embed\/#?secret=L8aawxcu97#?secret=bL4l5MEjiW\" data-secret=\"bL4l5MEjiW\" width=\"500\" height=\"282\" frameborder=\"0\" marginwidth=\"0\" marginheight=\"0\" scrolling=\"no\"><\/iframe><\/p>\n<p>La suite de l\u2019article se trouve dans le prochain num\u00e9ro d\u2019Isra\u00ebl Magazine<\/p>\n<p>S\u2019abonner au magazine par t\u00e9l\u00e9phone ou par whats app 00972 (0) 54 254 45 20\u00a0 01 77 47 57 67<\/p>\n<p>Par email\u00a0 Andredarmon78@gmail.com<\/p>\n<p>D\u00e9couvrez un exemplaire du magazine gratuitement et cliquez sur le rebord droit du mag<\/p>\n<p><a href=\\\"https:\/\/fr.calameo.com\/read\/0010965001feb059d1586?authid=wl2BnKg1JDc5\\\">https:\/\/fr.calameo.com\/read\/0010965001feb059d1586?authid=wl2BnKg1JDc5<\/a><\/p>\n<p><strong>\u00a0<\/strong><\/p>\n","protected":false},"excerpt":{"rendered":"<p>1933-1939\u00a0 Les Communaut\u00e9s juives occidentales hostiles \u00e0 l\u2019arriv\u00e9e de Juifs \u00e9trangers. Par Marc-Andr\u00e9 Chargu\u00e9raud \u00a0\u00ab\u00a0Dans les moments cruciaux, pendant les ann\u00e9es de l\u2019Holocauste, c\u2019est l\u2019incapacit\u00e9 des Juifs de parler d\u2019une m\u00eame voix qui a emp\u00each\u00e9 de r\u00e9pondre de fa\u00e7on ad\u00e9quate aux dangers qui mena\u00e7aient les Juifs d\u2019Europe. \u00bb[1] Ce jugement s\u00e9v\u00e8re du grand historien Henry &hellip;<\/p>\n<p class=\"read-more\"> <a class=\"\" href=\"https:\/\/israelmagazine.net\/?p=52880\"> <span class=\"screen-reader-text\">33-39 Les Communaut\u00e9s juives occidentales hostiles \u00e0 l\u2019arriv\u00e9e de Juifs \u00e9trangers.  \u00a0<\/span> Lire la suite \u00bb<\/a><\/p>\n","protected":false},"author":4,"featured_media":52882,"comment_status":"open","ping_status":"open","sticky":false,"template":"","format":"standard","meta":{"site-sidebar-layout":"default","site-content-layout":"default","ast-global-header-display":"","ast-main-header-display":"","ast-hfb-above-header-display":"","ast-hfb-below-header-display":"","ast-hfb-mobile-header-display":"","site-post-title":"","ast-breadcrumbs-content":"","ast-featured-img":"","footer-sml-layout":"","theme-transparent-header-meta":"","adv-header-id-meta":"","stick-header-meta":"","header-above-stick-meta":"","header-main-stick-meta":"","header-below-stick-meta":""},"categories":[84,814,1642],"tags":[1105,1643,1644],"sujet":[],"_links":{"self":[{"href":"https:\/\/israelmagazine.net\/index.php?rest_route=\/wp\/v2\/posts\/52880"}],"collection":[{"href":"https:\/\/israelmagazine.net\/index.php?rest_route=\/wp\/v2\/posts"}],"about":[{"href":"https:\/\/israelmagazine.net\/index.php?rest_route=\/wp\/v2\/types\/post"}],"author":[{"embeddable":true,"href":"https:\/\/israelmagazine.net\/index.php?rest_route=\/wp\/v2\/users\/4"}],"replies":[{"embeddable":true,"href":"https:\/\/israelmagazine.net\/index.php?rest_route=%2Fwp%2Fv2%2Fcomments&post=52880"}],"version-history":[{"count":0,"href":"https:\/\/israelmagazine.net\/index.php?rest_route=\/wp\/v2\/posts\/52880\/revisions"}],"wp:featuredmedia":[{"embeddable":true,"href":"https:\/\/israelmagazine.net\/index.php?rest_route=\/"}],"wp:attachment":[{"href":"https:\/\/israelmagazine.net\/index.php?rest_route=%2Fwp%2Fv2%2Fmedia&parent=52880"}],"wp:term":[{"taxonomy":"category","embeddable":true,"href":"https:\/\/israelmagazine.net\/index.php?rest_route=%2Fwp%2Fv2%2Fcategories&post=52880"},{"taxonomy":"post_tag","embeddable":true,"href":"https:\/\/israelmagazine.net\/index.php?rest_route=%2Fwp%2Fv2%2Ftags&post=52880"},{"taxonomy":"sujet","embeddable":true,"href":"https:\/\/israelmagazine.net\/index.php?rest_route=%2Fwp%2Fv2%2Fsujet&post=52880"}],"curies":[{"name":"wp","href":"https:\/\/api.w.org\/{rel}","templated":true}]}}