{"id":53073,"date":"2019-07-15T06:59:55","date_gmt":"2019-07-15T04:59:55","guid":{"rendered":"https:\/\/israelmagazine.net\/?p=53073"},"modified":"2019-07-15T06:59:55","modified_gmt":"2019-07-15T04:59:55","slug":"la-resilience-des-juifs-allemands-1933-1934","status":"publish","type":"post","link":"https:\/\/israelmagazine.net\/?p=53073","title":{"rendered":"La r\u00e9silience des Juifs allemands 1933-1934\u00a0\u00a0"},"content":{"rendered":"<h3><strong>L\u2019admirable r\u00e9silience des Juifs allemands devant leur \u00e9limination de la vie publique<\/strong><\/h3>\n<p><strong> 1933-1934\u00a0\u00a0<\/strong>Par Marc-Andr\u00e9 Chargu\u00e9raud<\/p>\n<p>D\u00e8s le printemps 1933 la loi \u00e9limine les Juifs de la fonction publique, du service de la sant\u00e9, des professions li\u00e9es \u00e0 la culture, journalisme, cin\u00e9ma, th\u00e9\u00e2tre, musique.<a href=\\\"#_ftn1\\\" name=\\\"_ftnref1\\\">[1]<\/a> Un numerus clausus de 1,5% est institu\u00e9 pour l\u2019admission des Juifs \u00e0 l\u2019universit\u00e9. Les magasins sont boycott\u00e9s. Les Juifs naturalis\u00e9s apr\u00e8s 1918 peuvent se voir retirer la nationalit\u00e9 sans explication. Les r\u00e9actions de la communaut\u00e9 juive peuvent surprendre. Elles sont pourtant conformes \u00e0 la tradition.<\/p>\n<blockquote class=\"wp-embedded-content\" data-secret=\"oCjIEkJwk9\"><p><a href=\"https:\/\/israelmagazine.co.il\/cybersecurite-israel-une-longueur-davance\/\">Cybers\u00e9curit\u00e9 : Isra\u00ebl, une longueur d\u2019avance<\/a><\/p><\/blockquote>\n<p><iframe class=\"wp-embedded-content\" sandbox=\"allow-scripts\" security=\"restricted\" style=\"position: absolute; clip: rect(1px, 1px, 1px, 1px);\" title=\"\u00ab\u00a0Cybers\u00e9curit\u00e9 : Isra\u00ebl, une longueur d\u2019avance\u00a0\u00bb &#8212; Israel Magazine\" src=\"https:\/\/israelmagazine.co.il\/cybersecurite-israel-une-longueur-davance\/embed\/#?secret=HHCk1Iqh5P#?secret=oCjIEkJwk9\" data-secret=\"oCjIEkJwk9\" width=\"500\" height=\"282\" frameborder=\"0\" marginwidth=\"0\" marginheight=\"0\" scrolling=\"no\"><\/iframe><\/p>\n<p>\u00ab Peur ? Nous avons montr\u00e9 par des milliers de martyrs que les actions des hommes ne nous font pas peur. D\u00e9sespoir ? M\u00eame aux \u00e9poques les plus sensibles, les Juifs n\u2019ont jamais d\u00e9sesp\u00e9r\u00e9 et leur foi en Dieu et la conscience de leurs droits les ont toujours amen\u00e9s \u00e0 faire front. Foi et Oui, foi dans la force int\u00e9rieure qui na\u00eet de la connaissance des faits et d\u2019une conscience pure. Espoir ? oui, l\u2019espoir que notre coexistence avec le peuple allemand se montrera plus forte que tous les pr\u00e9jug\u00e9s. \u00bb<a href=\\\"#_ftn2\\\" name=\\\"_ftnref2\\\">[2]<\/a> C\u2019est le message de Bruno Weil, vice-pr\u00e9sident de l\u2019Union Centrale des Citoyens de Confession Juive (Central-Verein Deutscher Staatsb\u00fcrger J\u00fcdischen Glaubens), l\u2019organisation fa\u00eeti\u00e8re.<\/p>\n<h3>Travailler en Allemagne.<\/h3>\n<p>Le 10 janvier 1935 dans une d\u00e9claration, la Central-Verein de Berlin exprime, elle aussi, sa confiance et souligne sa responsabilit\u00e9\u00a0: \u00ab\u00a0Nous devons continuer \u00e0 travailler pour que les g\u00e9n\u00e9rations actuelles et futures puissent vivre et travailler en Allemagne. Nous devons soutenir et motiver la jeunesse juive dont d\u00e9pend l\u2019avenir de notre communaut\u00e9. \u00bb<a href=\\\"#_ftn3\\\" name=\\\"_ftnref3\\\">[3]<\/a><\/p>\n<h3>La raison devait l\u2019emporter<\/h3>\n<img class=\\\"size-medium wp-image-53076\\\" src=\\\"https:\/\/israelmagazine.co.il\/wp-content\/uploads\/2019\/07\/boycotte-juif-300x198.jpg\\\" alt=\\\"juifs allemands\\\" width=\\\"300\\\" height=\\\"198\\\" \/>\n<p>Le patriotisme dont les Juifs allemands avaient fait preuve pendant la Grande guerre, leur engagement dans la reconstruction du pays, leur volont\u00e9 de coop\u00e9rer avec les autorit\u00e9s constituaient pour le Reich un actif qu\u2019il aurait \u00e9t\u00e9 irrationnel de d\u00e9truire en excluant la communaut\u00e9 isra\u00e9lite.<\/p>\n<p><a href=\\\"#_ftnref1\\\" name=\\\"_ftn1\\\">[1]<\/a> Ces exclusions touchent en 1933 entre un quart et la moiti\u00e9 des personnes concern\u00e9es.<\/p>\n<p>&nbsp;<\/p>\n<p><a href=\\\"#_ftnref2\\\" name=\\\"_ftn2\\\">[2]<\/a> Bruno Weil, vice-pr\u00e9sident du Centralverein cit\u00e9 par Lucy Dawidowicz &#8211;\u00a0<em>La Guerre contre les Juifs &#8211; 1933-1945 <\/em>&#8211; Op. Cit. p. 281<\/p>\n<p><a href=\\\"#_ftnref3\\\" name=\\\"_ftn3\\\">[3]<\/a> Communication du Centralverein de Berlin le 10 janvier 1935 cit\u00e9 par Kurt S. Grossmann- <em>Emigration Geschichte de Hitler\u2019s Fluchtlinge &#8211; 1933-1945 <\/em>&#8211; Francfort 1969 &#8211; p. 51<\/p>\n<p>La suite de l\u2019article se trouve dans le prochain num\u00e9ro d\u2019Isra\u00ebl Magazine<\/p>\n<p>S\u2019abonner au magazine par t\u00e9l\u00e9phone ou par whats app 00972 (0) 54 254 45 20\u00a0 01 77 47 57<\/p>\n<p>Par email\u00a0 Andredarmon78@gmail.co.il<\/p>\n<p>D\u00e9couvrez un exemplaire du magazine gratuitement et cliquez sur le rebord droit du mag<\/p>\n<p>&nbsp;<\/p>\n<p><iframe class=\"wp-embedded-content\" sandbox=\"allow-scripts\" security=\"restricted\" title=\"Israel Magazine 201\" src=\"\/\/v.calameo.com\/?bkcode=0010965001feb059d1586&#038;authid=wl2BnKg1JDc5#?secret=RUEc1zIbTV\" data-secret=\"RUEc1zIbTV\" width=\"1086\" height=\"750\" frameborder=\"0\" scrolling=\"no\"><\/iframe><\/p>\n<p>&nbsp;<\/p>\n<p>&nbsp;<\/p>\n","protected":false},"excerpt":{"rendered":"<p>L\u2019admirable r\u00e9silience des Juifs allemands devant leur \u00e9limination de la vie publique 1933-1934\u00a0\u00a0Par Marc-Andr\u00e9 Chargu\u00e9raud D\u00e8s le printemps 1933 la loi \u00e9limine les Juifs de la fonction publique, du service de la sant\u00e9, des professions li\u00e9es \u00e0 la culture, journalisme, cin\u00e9ma, th\u00e9\u00e2tre, musique.[1] Un numerus clausus de 1,5% est institu\u00e9 pour l\u2019admission des Juifs \u00e0 &hellip;<\/p>\n<p class=\"read-more\"> <a class=\"\" href=\"https:\/\/israelmagazine.net\/?p=53073\"> <span class=\"screen-reader-text\">La r\u00e9silience des Juifs allemands 1933-1934\u00a0\u00a0<\/span> Lire la suite \u00bb<\/a><\/p>\n","protected":false},"author":4,"featured_media":53075,"comment_status":"open","ping_status":"open","sticky":false,"template":"","format":"standard","meta":{"site-sidebar-layout":"default","site-content-layout":"default","ast-global-header-display":"","ast-main-header-display":"","ast-hfb-above-header-display":"","ast-hfb-below-header-display":"","ast-hfb-mobile-header-display":"","site-post-title":"","ast-breadcrumbs-content":"","ast-featured-img":"","footer-sml-layout":"","theme-transparent-header-meta":"","adv-header-id-meta":"","stick-header-meta":"","header-above-stick-meta":"","header-main-stick-meta":"","header-below-stick-meta":""},"categories":[1687,1642],"tags":[1688,1689,1690,1105,1691],"sujet":[],"_links":{"self":[{"href":"https:\/\/israelmagazine.net\/index.php?rest_route=\/wp\/v2\/posts\/53073"}],"collection":[{"href":"https:\/\/israelmagazine.net\/index.php?rest_route=\/wp\/v2\/posts"}],"about":[{"href":"https:\/\/israelmagazine.net\/index.php?rest_route=\/wp\/v2\/types\/post"}],"author":[{"embeddable":true,"href":"https:\/\/israelmagazine.net\/index.php?rest_route=\/wp\/v2\/users\/4"}],"replies":[{"embeddable":true,"href":"https:\/\/israelmagazine.net\/index.php?rest_route=%2Fwp%2Fv2%2Fcomments&post=53073"}],"version-history":[{"count":0,"href":"https:\/\/israelmagazine.net\/index.php?rest_route=\/wp\/v2\/posts\/53073\/revisions"}],"wp:featuredmedia":[{"embeddable":true,"href":"https:\/\/israelmagazine.net\/index.php?rest_route=\/"}],"wp:attachment":[{"href":"https:\/\/israelmagazine.net\/index.php?rest_route=%2Fwp%2Fv2%2Fmedia&parent=53073"}],"wp:term":[{"taxonomy":"category","embeddable":true,"href":"https:\/\/israelmagazine.net\/index.php?rest_route=%2Fwp%2Fv2%2Fcategories&post=53073"},{"taxonomy":"post_tag","embeddable":true,"href":"https:\/\/israelmagazine.net\/index.php?rest_route=%2Fwp%2Fv2%2Ftags&post=53073"},{"taxonomy":"sujet","embeddable":true,"href":"https:\/\/israelmagazine.net\/index.php?rest_route=%2Fwp%2Fv2%2Fsujet&post=53073"}],"curies":[{"name":"wp","href":"https:\/\/api.w.org\/{rel}","templated":true}]}}