{"id":53121,"date":"2019-07-18T07:11:33","date_gmt":"2019-07-18T05:11:33","guid":{"rendered":"https:\/\/israelmagazine.net\/?p=53121"},"modified":"2019-07-18T07:11:33","modified_gmt":"2019-07-18T05:11:33","slug":"deputes-francais-jerusalem-est","status":"publish","type":"post","link":"https:\/\/israelmagazine.net\/?p=53121","title":{"rendered":"Des D\u00e9put\u00e9s fran\u00e7ais \u00e0 J\u00e9rusalem-Est"},"content":{"rendered":"<h3>Des D\u00e9put\u00e9s fran\u00e7ais \u00e0 J\u00e9rusalem-Est<\/h3>\n<p>Une d\u00e9l\u00e9gation de 35 parlementaires fran\u00e7ais s\\&rsquo;est rendue mardi sur un site arch\u00e9ologique\u00a0 isra\u00e9lien \u00e0 J\u00e9rusalem-Est<\/p>\n<img class=\\\"size-medium wp-image-53123\\\" src=\\\"https:\/\/israelmagazine.co.il\/wp-content\/uploads\/2019\/07\/City_of_David-270x300.jpg\\\" alt=\\\"J\u00e9rusalem-Est\\\" width=\\\"270\\\" height=\\\"300\\\" \/>\n<p>J\u00e9rusalem-Est.\u00a0 \u00a0Cet immense site arch\u00e9ologique et touristique, appel\u00e9 la Cit\u00e9 de David, se trouve au coeur du quartier arabe de Silwan, en contrebas des murailles de la Vieille ville. Il accueille chaque ann\u00e9e 500.000 visiteurs.<\/p>\n<p>Les d\u00e9put\u00e9s et s\u00e9nateurs fran\u00e7ais ont visit\u00e9 une route souterraine inaugur\u00e9e r\u00e9cemment par l\\&rsquo;association isra\u00e9lienne nationaliste Elad. Elad g\u00e8re le lieu avec l\\&rsquo;Autorit\u00e9 nationale isra\u00e9lienne de la nature et des parcs.<\/p>\n<p><a href=\\\"https:\/\/www.lemonde.fr\/international\/article\/2019\/07\/18\/trump-de-retour-en-campagne-intensifie-ses-attaques-contre-des-elues-democrates_5490615_3210.html\\\">https:\/\/www.lemonde.fr\/international\/article\/2019\/07\/18\/trump-de-retour-en-campagne-intensifie-ses-attaques-contre-des-elues-democrates_5490615_3210.html<\/a><\/p>\n<p>Selon Elad, dont le but avou\u00e9 est de renforcer la pr\u00e9sence des isra\u00e9liens dans ce quartier arabe. Cette route \u00e9tait utilis\u00e9e il y a environ 2.000 ans pour le p\u00e8lerinage vers le Second Temple juif.<\/p>\n<p>https:\/\/israelmagazine.co.il\/start-up-israeliennes-auto-a-suivre\/<\/p>\n<p>Lors de l\\&rsquo;inauguration de la route souterraine le 1er juillet, les Palestiniens avaient d\u00e9nonc\u00e9 la participation de l\\&rsquo;ambassadeur am\u00e9ricain en Isra\u00ebl et d\\&rsquo;un conseiller de la Maison Blanche. cela etait per\u00e7u comme un soutien am\u00e9ricain \u00e0 l\\&rsquo;implantation isra\u00e9lienne \u00e0 J\u00e9rusalem-Est et dans les Territoires palestiniens.<\/p>\n<p>Une ONG isra\u00e9lienne gauchiste, La Paix Maintenant, accuse de son c\u00f4t\u00e9 les auteurs des fouilles d\\&rsquo;avoir endommag\u00e9 les maisons palestiniennes situ\u00e9es au-dessus du tunnel.<\/p>\n<h3>\\\u00a0\u00bbC\\&rsquo;est le berceau de notre civilisation, un lieu historique de premier plan\\\u00a0\u00bb,<\/h3>\n<p>a affirm\u00e9 Simon Sutour, s\u00e9nateur du Gard et l\\&rsquo;un socialiste de la d\u00e9l\u00e9gation, compos\u00e9e notamment d\\&rsquo;\u00e9lus de La R\u00e9publique en marche (LREM), des R\u00e9publicains (LR) et de l\\&rsquo;Union des d\u00e9mocrates et ind\u00e9pendants (UDI). \\\u00a0\u00bbJe comprends ce que les Arabes vivant dans ce quartier peuvent ressentir mais il s\\&rsquo;agit d\\&rsquo;un lieu historique qui prouve encore la pr\u00e9sence juive ici il y a 2.000 ans\\\u00a0\u00bb, a ajout\u00e9 M. Sutour, \u00e9galement vice-pr\u00e9sident du groupe d\\&rsquo;amiti\u00e9 France-Isra\u00ebl. \\\u00a0\u00bbIsra\u00ebl est un pays ami et alli\u00e9 et notre enjeu est de banaliser les relations entre les deux pays ind\u00e9pendamment du conflit isra\u00e9lo-palestinien\\\u00a0\u00bb, a d\u00e9clar\u00e9 Aurore Berg\u00e9, porte-parole de LREM et pr\u00e9sidente du groupe d\\&rsquo;amiti\u00e9.<\/p>\n<p>&nbsp;<\/p>\n<h3>La suite de l\u2019article se trouve dans le prochain num\u00e9ro d\u2019Isra\u00ebl Magazine<\/h3>\n<p>S\u2019abonner au magazine par t\u00e9l\u00e9phone ou par whats app 00972 (0) 54 254 45 20\u00a0 01 77 47 57<\/p>\n<p>&nbsp;<\/p>\n<p>Par email\u00a0 Andredarmon78@gmail.co.il<\/p>\n<p>D\u00e9couvrez un exemplaire du magazine gratuitement et cliquez sur le rebord droit du mag<\/p>\n<p>&nbsp;<\/p>\n<p><iframe class=\"wp-embedded-content\" sandbox=\"allow-scripts\" security=\"restricted\" title=\"Israel Magazine 201\" src=\"\/\/v.calameo.com\/?bkcode=0010965001feb059d1586&#038;authid=wl2BnKg1JDc5#?secret=M2bV51tWbb\" data-secret=\"M2bV51tWbb\" width=\"1086\" height=\"750\" frameborder=\"0\" scrolling=\"no\"><\/iframe><\/p>\n","protected":false},"excerpt":{"rendered":"<p>Des D\u00e9put\u00e9s fran\u00e7ais \u00e0 J\u00e9rusalem-Est Une d\u00e9l\u00e9gation de 35 parlementaires fran\u00e7ais s\\&rsquo;est rendue mardi sur un site arch\u00e9ologique\u00a0 isra\u00e9lien \u00e0 J\u00e9rusalem-Est J\u00e9rusalem-Est.\u00a0 \u00a0Cet immense site arch\u00e9ologique et touristique, appel\u00e9 la Cit\u00e9 de David, se trouve au coeur du quartier arabe de Silwan, en contrebas des murailles de la Vieille ville. Il accueille chaque ann\u00e9e 500.000 &hellip;<\/p>\n<p class=\"read-more\"> <a class=\"\" href=\"https:\/\/israelmagazine.net\/?p=53121\"> <span class=\"screen-reader-text\">Des D\u00e9put\u00e9s fran\u00e7ais \u00e0 J\u00e9rusalem-Est<\/span> Lire la suite \u00bb<\/a><\/p>\n","protected":false},"author":4,"featured_media":53122,"comment_status":"open","ping_status":"open","sticky":false,"template":"","format":"standard","meta":{"site-sidebar-layout":"default","site-content-layout":"default","ast-global-header-display":"","ast-main-header-display":"","ast-hfb-above-header-display":"","ast-hfb-below-header-display":"","ast-hfb-mobile-header-display":"","site-post-title":"","ast-breadcrumbs-content":"","ast-featured-img":"","footer-sml-layout":"","theme-transparent-header-meta":"","adv-header-id-meta":"","stick-header-meta":"","header-above-stick-meta":"","header-main-stick-meta":"","header-below-stick-meta":""},"categories":[84,839,1612],"tags":[1707,1708,1709],"sujet":[],"_links":{"self":[{"href":"https:\/\/israelmagazine.net\/index.php?rest_route=\/wp\/v2\/posts\/53121"}],"collection":[{"href":"https:\/\/israelmagazine.net\/index.php?rest_route=\/wp\/v2\/posts"}],"about":[{"href":"https:\/\/israelmagazine.net\/index.php?rest_route=\/wp\/v2\/types\/post"}],"author":[{"embeddable":true,"href":"https:\/\/israelmagazine.net\/index.php?rest_route=\/wp\/v2\/users\/4"}],"replies":[{"embeddable":true,"href":"https:\/\/israelmagazine.net\/index.php?rest_route=%2Fwp%2Fv2%2Fcomments&post=53121"}],"version-history":[{"count":0,"href":"https:\/\/israelmagazine.net\/index.php?rest_route=\/wp\/v2\/posts\/53121\/revisions"}],"wp:featuredmedia":[{"embeddable":true,"href":"https:\/\/israelmagazine.net\/index.php?rest_route=\/"}],"wp:attachment":[{"href":"https:\/\/israelmagazine.net\/index.php?rest_route=%2Fwp%2Fv2%2Fmedia&parent=53121"}],"wp:term":[{"taxonomy":"category","embeddable":true,"href":"https:\/\/israelmagazine.net\/index.php?rest_route=%2Fwp%2Fv2%2Fcategories&post=53121"},{"taxonomy":"post_tag","embeddable":true,"href":"https:\/\/israelmagazine.net\/index.php?rest_route=%2Fwp%2Fv2%2Ftags&post=53121"},{"taxonomy":"sujet","embeddable":true,"href":"https:\/\/israelmagazine.net\/index.php?rest_route=%2Fwp%2Fv2%2Fsujet&post=53121"}],"curies":[{"name":"wp","href":"https:\/\/api.w.org\/{rel}","templated":true}]}}