{"id":53201,"date":"2019-09-02T06:36:26","date_gmt":"2019-09-02T04:36:26","guid":{"rendered":"https:\/\/israelmagazine.net\/?p=53201"},"modified":"2019-09-02T06:36:26","modified_gmt":"2019-09-02T04:36:26","slug":"entrevue-ayelet-shaked","status":"publish","type":"post","link":"https:\/\/israelmagazine.net\/?p=53201","title":{"rendered":"Entrevue avec Ayelet Shaked"},"content":{"rendered":"<h3>Entrevue avec Ayelet Shaked<\/h3>\n<p>Par Andr\u00e9 Darmon<\/p>\n<p><img class=\\\"alignnone size-medium wp-image-53237\\\" src=\\\"https:\/\/israelmagazine.co.il\/wp-content\/uploads\/2019\/09\/shakedbv-228x300.jpg\\\" alt=\\\"\\\" width=\\\"228\\\" height=\\\"300\\\" \/><\/p>\n<ol>\n<li>\n<h3>\u00a0Ayelet Shaked, comment expliquez-vous alors que cela semble naturel et logique d\u2019aller vers deux grands blocs politiques que l\u2019on vous ait mis des b\u00e2tons dans les roues pour entrer au Likoud ?<\/h3>\n<\/li>\n<\/ol>\n<p>Avec l\u2019annonce de ce nouveau scrutin \u00e9lectoral, je me suis donn\u00e9 pour mission d\\&rsquo;unir les partis qui sont \u00e0 la droite du Likoud en un grand parti id\u00e9ologique de droite. Cela n\u2019a pas \u00e9t\u00e9 facile, nous savons que Bennett pr\u00e9f\u00e9rait deux partis, un lib\u00e9ral et un religieux. je suis heureuse d\u2019avoir r\u00e9ussi \u00e0 le convaincre. Je suis maintenant \u00e0 la t\u00eate de Yamina (\u00ab \u00e0 droite \u00bb), un parti qui unit \u00e0 la fois le public de droite id\u00e9ologique, lib\u00e9ral et le public sioniste religieux dans ses divers courants. Je ne sais pas si nous arriverons \u00e0 la cr\u00e9ation d\u2019un grand parti r\u00e9publicain \u00e0 l\u2019avenir, ce qui est certain, c\u2019est que ces \u00e9lections sont d\u00e9cisives pour l\u2019\u00c9tat d\u2019Isra\u00ebl et que Yamina doit \u00eatre renforc\u00e9e pour recevoir un grand nombre de mandats \u00e0 deux chiffres et surtout ne pas se disperser vers des micro-partis qui ne passent pas le seuil d\u2019\u00e9ligibilit\u00e9.<\/p>\n<ol start=\\\"2\\\">\n<li>\n<h3>Qu\u2019attendez-vous de ces \u00e9lections et ne pensez-vous pas que la constitution de Yamina va affaiblir Netanyahou et r\u00e9duire ces chances d\u2019\u00eatre appel\u00e9 le premier par le pr\u00e9sident Rivlin..<\/h3>\n<\/li>\n<\/ol>\n<p>Au contraire, c\\&rsquo;est pr\u00e9cis\u00e9ment le renforcement des partis de la coalition de droite qui assurera l\\&rsquo;\u00e9tablissement d\u2019un gouvernement de droite apr\u00e8s les \u00e9lections,dirig\u00e9 par Netanyahou. Nous avons vu ce qu\u2019il s\u2019est pas lors des derni\u00e8res \u00e9lections, le Likoud a obtenu un nombre record de si\u00e8ges (35) et Netanyahu n\\&rsquo;a pourtant pas \u00e9t\u00e9 en mesure de former un gouvernement. Les partis qui sont \u00e0 la droite du Likoud, comme Yamina, qui sont les partenaires naturels de Netanyahu et du Likoud, doivent \u00eatre assez forts pour pouvoir arriver au nombre de 61 qui assurera la coalition. Sinon Netanyahou se tournera vers Kahol-Lavan (Gants-Lapid) et la gauche, et formera un gouvernement d\u2019union nationale. C\u2019est donc &#8211; ou Yamina ou la gauche.<\/p>\n<p><a href=\\\"https:\/\/israelmagazine.co.il\/israel-extrade-un-suspect-de-la-fraude-du-siecle\/\\\">https:\/\/israelmagazine.co.il\/israel-extrade-un-suspect-de-la-fraude-du-siecle\/<\/a><\/p>\n<ol start=\\\"3\\\">\n<li>\n<h3>Si Bibi est d\u00e9sign\u00e9 comme Premier ministre, vous serez, bien s\u00fbr, ministre. Reprendrez-vous la Justice ou voudriez-vous aller vers un super minist\u00e8re, les Finances, les affaires \u00e9trang\u00e8res ?<\/h3>\n<\/li>\n<\/ol>\n<p>Nous pr\u00e9f\u00e9rons ne pas nous attarder sur la r\u00e9partition des portefeuilles minist\u00e9riels pour le moment, car il est important pour nous de faire progresser nos id\u00e9es, nos projets, c\u2019est un des enseignements des derni\u00e8res \u00e9lections, moins parler des postes pour plus parler des id\u00e9es. Ceci \u00e9tant, ce n\u2019est un secret pour personne que j\u2019ai eu un mandat r\u00e9ussi au sein du minist\u00e8re de la Justice et que je serais heureuse d\u2019y retourner pour mener \u00e0 leur terme les grandes r\u00e9formes que j\u2019ai lanc\u00e9<\/p>\n<p><a href=\\\"https:\/\/lactualite.com\/actualites\/hydro-quebec-met-fin-a-lentente-avec-israel-electric-corporation\/\\\">https:\/\/lactualite.com\/actualites\/hydro-quebec-met-fin-a-lentente-avec-israel-electric-corporation\/<\/a><\/p>\n<h3>Ayelet Shaked<\/h3>\n<p>La suite de l\u2019article se trouve dans le prochain num\u00e9ro d\u2019Isra\u00ebl Magazine<\/p>\n<p>S\u2019abonner au magazine par t\u00e9l\u00e9phone ou par whats app 00972 (0) 54 254 45 20\u00a0 \u05dd\u05d5 01 77 47 57 67<\/p>\n<p>Par email\u00a0 Andredarmon78@gmail.co.il<\/p>\n<p>D\u00e9couvrez un exemplaire du magazine gratuitement et cliquez sur le rebord droit du mag<\/p>\n<p><a href=\\\"https:\/\/fr.calameo.com\/read\/0010965001feb059d1586?authid=wl2BnKg1JDc5\\\">https:\/\/fr.calameo.com\/read\/0010965001feb059d1586?authid=wl2BnKg1JDc5<\/a><\/p>\n","protected":false},"excerpt":{"rendered":"<p>Entrevue avec Ayelet Shaked Par Andr\u00e9 Darmon \u00a0Ayelet Shaked, comment expliquez-vous alors que cela semble naturel et logique d\u2019aller vers deux grands blocs politiques que l\u2019on vous ait mis des b\u00e2tons dans les roues pour entrer au Likoud ? Avec l\u2019annonce de ce nouveau scrutin \u00e9lectoral, je me suis donn\u00e9 pour mission d\\&rsquo;unir les partis &hellip;<\/p>\n<p class=\"read-more\"> <a class=\"\" href=\"https:\/\/israelmagazine.net\/?p=53201\"> <span class=\"screen-reader-text\">Entrevue avec Ayelet Shaked<\/span> Lire la suite \u00bb<\/a><\/p>\n","protected":false},"author":4,"featured_media":53241,"comment_status":"open","ping_status":"open","sticky":false,"template":"","format":"standard","meta":{"site-sidebar-layout":"default","site-content-layout":"default","ast-global-header-display":"","ast-main-header-display":"","ast-hfb-above-header-display":"","ast-hfb-below-header-display":"","ast-hfb-mobile-header-display":"","site-post-title":"","ast-breadcrumbs-content":"","ast-featured-img":"","footer-sml-layout":"","theme-transparent-header-meta":"","adv-header-id-meta":"","stick-header-meta":"","header-above-stick-meta":"","header-main-stick-meta":"","header-below-stick-meta":""},"categories":[84,1612,1611],"tags":[1063,1743,471],"sujet":[],"_links":{"self":[{"href":"https:\/\/israelmagazine.net\/index.php?rest_route=\/wp\/v2\/posts\/53201"}],"collection":[{"href":"https:\/\/israelmagazine.net\/index.php?rest_route=\/wp\/v2\/posts"}],"about":[{"href":"https:\/\/israelmagazine.net\/index.php?rest_route=\/wp\/v2\/types\/post"}],"author":[{"embeddable":true,"href":"https:\/\/israelmagazine.net\/index.php?rest_route=\/wp\/v2\/users\/4"}],"replies":[{"embeddable":true,"href":"https:\/\/israelmagazine.net\/index.php?rest_route=%2Fwp%2Fv2%2Fcomments&post=53201"}],"version-history":[{"count":0,"href":"https:\/\/israelmagazine.net\/index.php?rest_route=\/wp\/v2\/posts\/53201\/revisions"}],"wp:featuredmedia":[{"embeddable":true,"href":"https:\/\/israelmagazine.net\/index.php?rest_route=\/"}],"wp:attachment":[{"href":"https:\/\/israelmagazine.net\/index.php?rest_route=%2Fwp%2Fv2%2Fmedia&parent=53201"}],"wp:term":[{"taxonomy":"category","embeddable":true,"href":"https:\/\/israelmagazine.net\/index.php?rest_route=%2Fwp%2Fv2%2Fcategories&post=53201"},{"taxonomy":"post_tag","embeddable":true,"href":"https:\/\/israelmagazine.net\/index.php?rest_route=%2Fwp%2Fv2%2Ftags&post=53201"},{"taxonomy":"sujet","embeddable":true,"href":"https:\/\/israelmagazine.net\/index.php?rest_route=%2Fwp%2Fv2%2Fsujet&post=53201"}],"curies":[{"name":"wp","href":"https:\/\/api.w.org\/{rel}","templated":true}]}}