{"id":53209,"date":"2019-09-02T10:15:05","date_gmt":"2019-09-02T08:15:05","guid":{"rendered":"https:\/\/israelmagazine.net\/?p=53209"},"modified":"2019-09-02T10:15:05","modified_gmt":"2019-09-02T08:15:05","slug":"aider-les-juifs-dans-le-regime-de-terreur-nazi","status":"publish","type":"post","link":"https:\/\/israelmagazine.net\/?p=53209","title":{"rendered":"Aider les Juifs dans le r\u00e9gime de terreur nazi.\u00a0"},"content":{"rendered":"<p style=\\\"font-weight: 400;\\\"><strong>1933-1938\u00a0<\/strong><strong>Aider les Juifs dans le r\u00e9gime de terreur nazi.\u00a0<\/strong><\/p>\n<p>Par Marc-Andr\u00e9 Chargu\u00e9raud<\/p>\n<img class=\\\"size-medium wp-image-53210\\\" src=\\\"https:\/\/israelmagazine.co.il\/wp-content\/uploads\/2019\/09\/karl-jaspers-300x197.jpg\\\" alt=\\\"nazi\\\" width=\\\"300\\\" height=\\\"197\\\" \/>\n<h3><strong>Aider les Juifs dans le r\u00e9gime de terreur nazi.\u00a0<\/strong><\/h3>\n<h3 style=\\\"font-weight: 400;\\\"><strong>Ces quelques citations d\u2019historiens reconnus examinent la probl\u00e9matique sans que ce soit en aucune fa\u00e7on une remise en cause des responsabilit\u00e9s de la population allemande.<\/strong><strong>\u00a0<\/strong><\/h3>\n<p style=\\\"font-weight: 400;\\\">Ceux qui minimisent les risques pris par les Allemands qui d\u00e9fendaient les Juifs ou les aidaient devraient lire les commentaires de quelques historiens renomm\u00e9s \u00e0 ce sujet, et r\u00e9fl\u00e9chir \u00e0 ce passage de Mein Kampf o\u00f9 Hitler d\u00e9clare\u00a0: \u00ab L\u2019avenir du mouvement est conditionn\u00e9 par le\u00a0<em>fanatisme et l\u2019intol\u00e9rance\u00a0<\/em>que ses adeptes apportent \u00e0 le consid\u00e9rer comme le seul mouvement juste, tr\u00e8s sup\u00e9rieur \u00e0 toutes les combinaisons de m\u00eame ordre. \u00bb[1]Sarah Gordon \u00e9crivait \u00e0 ce propos : \u00ab Les Allemands qui n\u2019\u00e9taient pas d\u2019accord avec les politiques radicales de Hitler ont \u00e9t\u00e9 progressivement identifi\u00e9s et terroris\u00e9s. Ils devinrent des exemples pour leurs familles, leurs amis et leurs voisins. Ainsi Hitler utilisa-t-il la pers\u00e9cution des Juifs pour terroriser la population en g\u00e9n\u00e9ral. \u00bb[2]\u00a0 \u00a0Nazi<\/p>\n<h3>Ian Kershaw lui fait \u00e9cho et pr\u00e9cise<\/h3>\n<p style=\\\"font-weight: 400;\\\">Ian Kershaw lui fait \u00e9cho et pr\u00e9cise : \u00ab Le r\u00e9gime nazi \u00e9tait une dictature terroriste et dans le sens litt\u00e9ral du terme, un r\u00e9gime nazi terrifiant qui ne connaissait aucune limite dans la r\u00e9pression de ceux qui \u00e9taient consid\u00e9r\u00e9s comme des ennemis, <em>gardez le silence ou vous irez \u00e0 Dachau<\/em>\u00bb.[3]\u00a0Friedrich Zipfel explique les \u00e9normes dangers que ceux qui prenaient la d\u00e9fense des Juifs devaient braver :\u00a0\u00ab On peut esquiver le danger si on en est conscient, mais une police travaillant dans l\u2019ombre devient insaisissable. Personne ne se sent prot\u00e9g\u00e9 d\u2019elle. Bien qu\u2019elle ne soit pas omnipr\u00e9sente, elle peut appara\u00eetre, perquisitionner, arr\u00eater \u00e0 tout moment. Le citoyen inquiet ne sait plus \u00e0 qui se fier. \u00bb[4]<\/p>\n<p>La suite de l\u2019article se trouve dans le prochain num\u00e9ro d\u2019Isra\u00ebl Magazine<\/p>\n<p>S\u2019abonner au magazine par t\u00e9l\u00e9phone ou par whats app 00972 (0) 54 254 45 20 ou\u00a0 01 77 47 57 67<\/p>\n<p>Par email\u00a0 Andredarmon78@gmail.co.il<\/p>\n<p>D\u00e9couvrez un exemplaire du magazine gratuitement et cliquez sur le rebord droit du mag<\/p>\n<p><a href=\\\"https:\/\/fr.calameo.com\/read\/0010965001feb059d1586?authid=wl2BnKg1JDc5\\\">https:\/\/fr.calameo.com\/read\/0010965001feb059d1586?authid=wl2BnKg1JDc5<\/a><\/p>\n","protected":false},"excerpt":{"rendered":"<p>1933-1938\u00a0Aider les Juifs dans le r\u00e9gime de terreur nazi.\u00a0 Par Marc-Andr\u00e9 Chargu\u00e9raud Aider les Juifs dans le r\u00e9gime de terreur nazi.\u00a0 Ces quelques citations d\u2019historiens reconnus examinent la probl\u00e9matique sans que ce soit en aucune fa\u00e7on une remise en cause des responsabilit\u00e9s de la population allemande.\u00a0 Ceux qui minimisent les risques pris par les Allemands &hellip;<\/p>\n<p class=\"read-more\"> <a class=\"\" href=\"https:\/\/israelmagazine.net\/?p=53209\"> <span class=\"screen-reader-text\">Aider les Juifs dans le r\u00e9gime de terreur nazi.\u00a0<\/span> Lire la suite \u00bb<\/a><\/p>\n","protected":false},"author":4,"featured_media":53210,"comment_status":"open","ping_status":"open","sticky":false,"template":"","format":"standard","meta":{"site-sidebar-layout":"default","site-content-layout":"default","ast-global-header-display":"","ast-main-header-display":"","ast-hfb-above-header-display":"","ast-hfb-below-header-display":"","ast-hfb-mobile-header-display":"","site-post-title":"","ast-breadcrumbs-content":"","ast-featured-img":"","footer-sml-layout":"","theme-transparent-header-meta":"","adv-header-id-meta":"","stick-header-meta":"","header-above-stick-meta":"","header-main-stick-meta":"","header-below-stick-meta":""},"categories":[84,1642],"tags":[1688,1749,1750],"sujet":[],"_links":{"self":[{"href":"https:\/\/israelmagazine.net\/index.php?rest_route=\/wp\/v2\/posts\/53209"}],"collection":[{"href":"https:\/\/israelmagazine.net\/index.php?rest_route=\/wp\/v2\/posts"}],"about":[{"href":"https:\/\/israelmagazine.net\/index.php?rest_route=\/wp\/v2\/types\/post"}],"author":[{"embeddable":true,"href":"https:\/\/israelmagazine.net\/index.php?rest_route=\/wp\/v2\/users\/4"}],"replies":[{"embeddable":true,"href":"https:\/\/israelmagazine.net\/index.php?rest_route=%2Fwp%2Fv2%2Fcomments&post=53209"}],"version-history":[{"count":0,"href":"https:\/\/israelmagazine.net\/index.php?rest_route=\/wp\/v2\/posts\/53209\/revisions"}],"wp:featuredmedia":[{"embeddable":true,"href":"https:\/\/israelmagazine.net\/index.php?rest_route=\/"}],"wp:attachment":[{"href":"https:\/\/israelmagazine.net\/index.php?rest_route=%2Fwp%2Fv2%2Fmedia&parent=53209"}],"wp:term":[{"taxonomy":"category","embeddable":true,"href":"https:\/\/israelmagazine.net\/index.php?rest_route=%2Fwp%2Fv2%2Fcategories&post=53209"},{"taxonomy":"post_tag","embeddable":true,"href":"https:\/\/israelmagazine.net\/index.php?rest_route=%2Fwp%2Fv2%2Ftags&post=53209"},{"taxonomy":"sujet","embeddable":true,"href":"https:\/\/israelmagazine.net\/index.php?rest_route=%2Fwp%2Fv2%2Fsujet&post=53209"}],"curies":[{"name":"wp","href":"https:\/\/api.w.org\/{rel}","templated":true}]}}