{"id":53215,"date":"2019-09-17T09:18:27","date_gmt":"2019-09-17T07:18:27","guid":{"rendered":"https:\/\/israelmagazine.net\/?p=53215"},"modified":"2019-09-17T09:18:27","modified_gmt":"2019-09-17T07:18:27","slug":"le-parti-shass-tend-la-main-aux-francophones","status":"publish","type":"post","link":"https:\/\/israelmagazine.net\/?p=53215","title":{"rendered":"Le PARTI SHASS tend la main aux francophones"},"content":{"rendered":"<h2 class=\\\"p1\\\">Entretien avec Yossi Taieb<\/h2>\n<p class=\\\"p1\\\">A l\u2019approche des \u00e9lections nationales, Arie Derhy, conscient de la place importante des francophones en Isra\u00ebl, vient \u00e0 leur rencontre pour leur offrir une aide concr\u00e8te en invitant un francophone dynamique, Yossef Taieb, \u00e0 rejoindre la liste de SHASS.<\/p>\n<h4 class=\\\"p1\\\">Pourriez-vous dresser un r\u00e9capitulatif de votre parcours\u00a0?<\/h4>\n<p class=\\\"p1\\\">Mr Yossef Taieb\u00a0: \u00e2g\u00e9 de 38 ans et p\u00e8re de 6 enfants, j\u2019habite Kiryat Yearim, \u00e0 la p\u00e9riph\u00e9rie de J\u00e9rusalem. Enfant, j\u2019ai fr\u00e9quent\u00e9 Ozar Hatorah puis, adolescent, la Yechiva \u2018Hazon Baroukh du Raincy pour rejoindre ensuite la Yechivat Mir. En Tant qu\u2019Avrekh, j\u2019ai \u00e9tudi\u00e9 au Collel Darke Horaa du rav Mordekhai Elyahou Zatsal. Apres avoir obtenu mon ordination de Rabbinat, j\u2019ai \u00e9t\u00e9 en Chli\u2019hout \u00e0 Toulouse pendant trois ans. De retour en Isra\u00ebl, je dirige depuis 2008 le projet francophone d\u2019int\u00e9gration scolaire (via les programmes YAHAD et CHLAVIM BEALYA) mis en place dans de nombreuses villes d\u2019Isra\u00ebl. Ainsi, nous accompagnons les olim en d\u00e9signant un coordinateur francophone au sein de diff\u00e9rentes \u00e9coles, en instituant des cours d\u2019Oulpan et de soutien scolaire, des clubs pour adolescents mais aussi des ateliers pour les parents. Nous organisons, entre autres, \u00e0 Netanya, des soir\u00e9es pour les femmes qui, se retrouvent souvent seules \u00e0 affronter les probl\u00e8mes scolaires ou \u00e9ducatifs vu que leurs maris continuent \u00e0 travailler en France.<\/p>\n<h4 class=\\\"p1\\\">Nous comprenons que vous \u00eates actifs aupr\u00e8s des Olim de France\u2026 mais de l\u00e0, comment \u00eates-vous arrives, au Parti SHASS et pour quelle raison, avez-vous \u00e9t\u00e9 choisi\u00a0?<\/h4>\n<p class=\\\"p1\\\">En r\u00e9alit\u00e9, je suis d\u00e9j\u00e0 membre du parti SHASS \u00e0 la mairie de Kiryat Yearim ou j\u2019ai \u00e9t\u00e9 d\u00e9sign\u00e9, lors des derni\u00e8res \u00e9lections municipales, adjoint au maire. Signalons que SHASS s\u2019est d\u00e9j\u00e0 tourn\u00e9 vers les francophones depuis pr\u00e8s de deux ans en ayant nomm\u00e9 des conseillers municipaux francophones a Ashdod (Rav David Touitou) et a J\u00e9rusalem (Rav Shmouel Marciano). Il me semble que j\u2019ai \u00e9t\u00e9 choisi car, je suis un francophone qui travaille avec les olim de tous bords et simultan\u00e9ment, je suis totalement int\u00e9gr\u00e9 \u00e0 la soci\u00e9t\u00e9 isra\u00e9lienne. En ce sens, je repr\u00e9sente sans doute un exemple du Ol\u00e9 int\u00e9gr\u00e9.<\/p>\n<h4 class=\\\"p1\\\">Concr\u00e8tement, pourquoi selon vous, les francophones d\u2019Isra\u00ebl adh\u00e8reraient au Parti SHASS\u00a0?<\/h4>\n<p class=\\\"p1\\\">Les olim de France, sont, dans leur tr\u00e8s large majorit\u00e9, attaches aux valeurs de la torah. Qu\u2019ils soient religieux ou traditionalistes, les principes du juda\u00efsme authentique que SHASS d\u00e9fend, leur sont chers. Aussi, SHASS est \u00e0 m\u00eame de repr\u00e9senter les couleurs de l\u2019arc en ciel des Olim de France. Ayant d\u00e9j\u00e0 su, dans le passe, relever les d\u00e9fis pr\u00e9sent\u00e9s par les vagues de la alya des juifs arrives du Maroc, de la Tunisie ou d\u2019Alg\u00e9rie, SHASS dispose d\u2019un savoir-faire et d\u2019une exp\u00e9rience riche pour r\u00e9soudre les probl\u00e9matiques que repr\u00e9sentent la Alya de France et am\u00e9liorer l qualit\u00e9 de vie des francophones installes en Isra\u00ebl.<\/p>\n<h4 class=\\\"p1\\\">Les probl\u00e8mes r\u00e9currents des francophones se situent au niveau de l\u2019orientation scolaire, la vie communautaire (qu\u2019on ne retrouve pas souvent en Isra\u00ebl) et du monde du travail, comment SHASS compte-t-il y rem\u00e9dier\u00a0?<\/h4>\n<p class=\\\"p1\\\">Je citerai quelques exemples de projets en cours de r\u00e9alisation.<\/p>\n<p class=\\\"p1\\\">Pour les \u00e9coles, les familles francophones souhaitent retrouver des structures semblables \u00e0 celles de France offrant \u00e0 la fois un bon niveau de Kodesh et de \u2018Hol. Ce concept a d\u00e9j\u00e0 pris forme \u00e0 Netanya avec le college-lycee Ziv-Or et SHASS est d\u00e9termin\u00e9 \u00e0 d\u00e9velopper d\u2019autres \u00e9coles de ce type. Pr\u00e9cisons qu\u2019on ne vise pas \u00e0 cr\u00e9er des \u00ab\u00a0\u00e9coles de fran\u00e7ais\u00a0\u00bb (car une telle option n\u2019assurerait pas une bonne int\u00e9gration) mais des \u00e9tablissements fr\u00e9quent\u00e9s a 60% par des familles isra\u00e9liennes<\/p>\n<p class=\\\"p1\\\">Par ailleurs, en France, la vie communautaire occupe une place fondamentale et le Rav est une r\u00e9f\u00e9rence halakhique mais joue aussi le r\u00f4le de conseiller, psychologue\u2026 Pour tenter de reproduire ce mod\u00e8le qui, en son absence, les Olim de France se retrouvent perdus en Isra\u00ebl, SHASS a cr\u00e9\u00e9 l\u2019Union des rabbins francophones. Cette nouvelle structure a pour vocation de mieux encadrer les Olim et ce, avant m\u00eame qu\u2019ils ne s\u2019installent en Isra\u00ebl. De plus le minist\u00e8re des cultes devrait, sous peu, engager des Rabbanim, en contrepartie d\u2019un salaire, pour encadrer les communaut\u00e9s. Enfin toujours, dans le souci de mieux diriger les communaut\u00e9s francophones, la question de l\u2019\u00e9quivalence d\u2019octroi du poste de Rabbin a ceux qui ont dirig\u00e9 des communaut\u00e9s en France, sans avoir pass\u00e9 les examens du Rabbinat d\u2019Isra\u00ebl, est \u00e9tudi\u00e9. Quant \u00e0 l\u2019int\u00e9gration professionnelle, SHASS y songe en projetant, dans un premier temps, de d\u00e9velopper des programmes d\u2019Oulpan en France accessibles \u00e0 tous les candidats \u00e0 l\u2019alya.<\/p>\n<h4 class=\\\"p1\\\">Que repr\u00e9sente le pouvoir de l\u2019\u00e9lectorat francophone \u00e0 l\u2019\u00e9chelle nationale\u00a0?<\/h4>\n<p class=\\\"p1\\\">Sur pr\u00e8s de 40000 voix francophones, SHASS pourrait facilement en obtenir la moiti\u00e9 et en s\u2019y mettant s\u00e9rieusement\u2026bien plus.<\/p>\n","protected":false},"excerpt":{"rendered":"<p>Entretien avec Yossi Taieb A l\u2019approche des \u00e9lections nationales, Arie Derhy, conscient de la place importante des francophones en Isra\u00ebl, vient \u00e0 leur rencontre pour leur offrir une aide concr\u00e8te en invitant un francophone dynamique, Yossef Taieb, \u00e0 rejoindre la liste de SHASS. Pourriez-vous dresser un r\u00e9capitulatif de votre parcours\u00a0? Mr Yossef Taieb\u00a0: \u00e2g\u00e9 de &hellip;<\/p>\n<p class=\"read-more\"> <a class=\"\" href=\"https:\/\/israelmagazine.net\/?p=53215\"> <span class=\"screen-reader-text\">Le PARTI SHASS tend la main aux francophones<\/span> Lire la suite \u00bb<\/a><\/p>\n","protected":false},"author":4,"featured_media":53217,"comment_status":"open","ping_status":"open","sticky":false,"template":"","format":"standard","meta":{"site-sidebar-layout":"default","site-content-layout":"default","ast-global-header-display":"","ast-main-header-display":"","ast-hfb-above-header-display":"","ast-hfb-below-header-display":"","ast-hfb-mobile-header-display":"","site-post-title":"","ast-breadcrumbs-content":"","ast-featured-img":"","footer-sml-layout":"","theme-transparent-header-meta":"","adv-header-id-meta":"","stick-header-meta":"","header-above-stick-meta":"","header-main-stick-meta":"","header-below-stick-meta":""},"categories":[84],"tags":[],"sujet":[],"_links":{"self":[{"href":"https:\/\/israelmagazine.net\/index.php?rest_route=\/wp\/v2\/posts\/53215"}],"collection":[{"href":"https:\/\/israelmagazine.net\/index.php?rest_route=\/wp\/v2\/posts"}],"about":[{"href":"https:\/\/israelmagazine.net\/index.php?rest_route=\/wp\/v2\/types\/post"}],"author":[{"embeddable":true,"href":"https:\/\/israelmagazine.net\/index.php?rest_route=\/wp\/v2\/users\/4"}],"replies":[{"embeddable":true,"href":"https:\/\/israelmagazine.net\/index.php?rest_route=%2Fwp%2Fv2%2Fcomments&post=53215"}],"version-history":[{"count":0,"href":"https:\/\/israelmagazine.net\/index.php?rest_route=\/wp\/v2\/posts\/53215\/revisions"}],"wp:featuredmedia":[{"embeddable":true,"href":"https:\/\/israelmagazine.net\/index.php?rest_route=\/"}],"wp:attachment":[{"href":"https:\/\/israelmagazine.net\/index.php?rest_route=%2Fwp%2Fv2%2Fmedia&parent=53215"}],"wp:term":[{"taxonomy":"category","embeddable":true,"href":"https:\/\/israelmagazine.net\/index.php?rest_route=%2Fwp%2Fv2%2Fcategories&post=53215"},{"taxonomy":"post_tag","embeddable":true,"href":"https:\/\/israelmagazine.net\/index.php?rest_route=%2Fwp%2Fv2%2Ftags&post=53215"},{"taxonomy":"sujet","embeddable":true,"href":"https:\/\/israelmagazine.net\/index.php?rest_route=%2Fwp%2Fv2%2Fsujet&post=53215"}],"curies":[{"name":"wp","href":"https:\/\/api.w.org\/{rel}","templated":true}]}}