{"id":53263,"date":"2019-11-05T07:50:56","date_gmt":"2019-11-05T06:50:56","guid":{"rendered":"https:\/\/israelmagazine.net\/?p=53263"},"modified":"2019-11-05T07:50:56","modified_gmt":"2019-11-05T06:50:56","slug":"shirel-yentl-comme-un-miroir","status":"publish","type":"post","link":"https:\/\/israelmagazine.net\/?p=53263","title":{"rendered":"Shirel, Yentl comme un miroir"},"content":{"rendered":"<p><strong>Shirel, Yentl comme un miroir<\/strong><\/p>\n<img class=\\\"size-medium wp-image-53264\\\" src=\\\"https:\/\/israelmagazine.co.il\/wp-content\/uploads\/2019\/11\/be32fe0c-f71a-4d0d-bd52-aa29733114fe-300x300.jpg\\\" alt=\\\"shirel\\\" width=\\\"300\\\" height=\\\"300\\\" \/>\n<p>Shirel n\u2019est assur\u00e9ment plus la jeune fille timide, quoique d\u00e9termin\u00e9e, que l\u2019on a toujours connue. Cette d\u00e9sormais isra\u00e9lienne (depuis 20 ans) qui pimentera souvent notre conversation de mots en h\u00e9breu, viendra \u00e0 notre rencontre avec une invit\u00e9e de marque, sa fille Adiel, un an, qui fol\u00e2trera pendant toute l\u2019interview entre prises de courant et landaus \u00e0 bascule. Discr\u00e8tement \u00e9l\u00e9gante, souriante, Shirel nous servira sur un plateau un scoop retentissant. En effet, sa m\u00e8re, la chanteuse Jeanne Manson, dont la maman avait \u00e9t\u00e9 adopt\u00e9e \u00e0 sa naissance, vient en effet de d\u00e9couvrir que sa grand-m\u00e8re maternelle biologique \u00e9tait juive, originaire de Pologne. Ainsi ce sentiment, cette \u00e9vidence quasi mystique de Shirel de se savoir absolument juive depuis toujours, n\u2019\u00e9taient pas fortuits (m\u00eame si son p\u00e8re, Andr\u00e9 Djaoui l\u2019est).<\/p>\n<h3>Michel Legrand<br \/>\nShirel entamera une s\u00e9rie de concerts d\u00e9but d\u00e9cembre dont le th\u00e8me Yentl, tir\u00e9e du c\u00e9l\u00e8bre livre d\u2019Isaac Bashevis Singer et du film \u00e9ponyme, conte l\u2019aspiration des femmes dans le Juda\u00efsme \u00e0 l\u2019\u00e9galit\u00e9, \u00e0 la libert\u00e9, \u00e0 l\u2019\u00e9panouissement. Tout cela sur la musique de Michel Legrand. Cela promet\u00a0!<\/h3>\n<p>&nbsp;<\/p>\n<h3><strong>Le plus extraordinaire c\u2019est que\u00a0 nous venons d\u2019apprendre que ma m\u00e8re, Jeanne Manson, est juive, petite-fille de Barouch Baranovski refugi\u00e9 de Pologne.<\/strong><\/h3>\n<p><strong>Andr\u00e9 Darmon<\/strong>\u00a0: On ne se rend peut-\u00eatre pas compte Shirel, mais tu as d\u00e9j\u00e0 une longue carri\u00e8re derri\u00e8re toi ? Quel est \u00e0 ce jour ton plus beau souvenir professionnel ?<\/p>\n<p><strong>Shirel<\/strong> (elle rit) Mon plus beau souvenir professionnel serait plut\u00f4t un moment de gr\u00e2ce tr\u00e8s particulier. Ainsi, lorsque je chantais sur Notre Dame de Paris, j\u2019ai \u00e9t\u00e9 malade un soir avant la repr\u00e9sentation. Un des chanteurs est alors venue vers moi et m\u2019a dit\u00a0: peu importe comment tu chantes Shirel, mais chante vrai. Et lorsque je suis mont\u00e9e sur sc\u00e8ne et dis-toi bien que cela se passait \u00e0 Vichy et que l\u2019\u00e9motion \u00e9tait \u00e0 son comble, d\u2019autant que je jouais le r\u00f4le d\u2019Esm\u00e9ralda, un r\u00f4le ou l\u2019injustice prime, un r\u00f4le qui ne pouvait ne pas nous faire penser \u00e0 la condition juive, alors passionn\u00e9ment, et presque sans voix, j\u2019ai switch\u00e9 mes probl\u00e8mes. Un moment rare.<\/p>\n<p><a href=\\\"https:\/\/israelmagazine.co.il\/bob-marley-un-prophete-en-son-temps\/\\\">https:\/\/israelmagazine.co.il\/bob-marley-un-prophete-en-son-temps\/<\/a><\/p>\n<p>La suite de l\u2019article se trouve dans le prochain num\u00e9ro d\u2019Isra\u00ebl Magazine<\/p>\n<p>S\u2019abonner au magazine par t\u00e9l\u00e9phone ou par whats app 00972 (0) 54 254 45 20\u00a0 01 77 47 57 67<\/p>\n<p><a href=\\\"https:\/\/israelmagazine.co.il\/sabonner-au-magazine\/\\\">https:\/\/israelmagazine.co.il\/sabonner-au-magazine\/<\/a><\/p>\n<p>Par email\u00a0 Andredarmon78@gmail.com<\/p>\n<p>D\u00e9couvrez gratuitement un exemplaire exceptionnel du magazine et cliquez sur le rebord droit du mag<\/p>\n<p>&nbsp;<\/p>\n<p><iframe class=\"wp-embedded-content\" sandbox=\"allow-scripts\" security=\"restricted\" title=\"Israel Magazine 20ans Final Calameo\" src=\"\/\/v.calameo.com\/?bkcode=001096500c7f116363325#?secret=cLFXrvolRG\" data-secret=\"cLFXrvolRG\" width=\"1061\" height=\"750\" frameborder=\"0\" scrolling=\"no\"><\/iframe><\/p>\n","protected":false},"excerpt":{"rendered":"<p>Shirel, Yentl comme un miroir Shirel n\u2019est assur\u00e9ment plus la jeune fille timide, quoique d\u00e9termin\u00e9e, que l\u2019on a toujours connue. Cette d\u00e9sormais isra\u00e9lienne (depuis 20 ans) qui pimentera souvent notre conversation de mots en h\u00e9breu, viendra \u00e0 notre rencontre avec une invit\u00e9e de marque, sa fille Adiel, un an, qui fol\u00e2trera pendant toute l\u2019interview entre &hellip;<\/p>\n<p class=\"read-more\"> <a class=\"\" href=\"https:\/\/israelmagazine.net\/?p=53263\"> <span class=\"screen-reader-text\">Shirel, Yentl comme un miroir<\/span> Lire la suite \u00bb<\/a><\/p>\n","protected":false},"author":4,"featured_media":53264,"comment_status":"open","ping_status":"open","sticky":false,"template":"","format":"standard","meta":{"site-sidebar-layout":"default","site-content-layout":"default","ast-global-header-display":"","ast-main-header-display":"","ast-hfb-above-header-display":"","ast-hfb-below-header-display":"","ast-hfb-mobile-header-display":"","site-post-title":"","ast-breadcrumbs-content":"","ast-featured-img":"","footer-sml-layout":"","theme-transparent-header-meta":"","adv-header-id-meta":"","stick-header-meta":"","header-above-stick-meta":"","header-main-stick-meta":"","header-below-stick-meta":""},"categories":[84,1621,1630],"tags":[1768,1769,1770,1771],"sujet":[],"_links":{"self":[{"href":"https:\/\/israelmagazine.net\/index.php?rest_route=\/wp\/v2\/posts\/53263"}],"collection":[{"href":"https:\/\/israelmagazine.net\/index.php?rest_route=\/wp\/v2\/posts"}],"about":[{"href":"https:\/\/israelmagazine.net\/index.php?rest_route=\/wp\/v2\/types\/post"}],"author":[{"embeddable":true,"href":"https:\/\/israelmagazine.net\/index.php?rest_route=\/wp\/v2\/users\/4"}],"replies":[{"embeddable":true,"href":"https:\/\/israelmagazine.net\/index.php?rest_route=%2Fwp%2Fv2%2Fcomments&post=53263"}],"version-history":[{"count":0,"href":"https:\/\/israelmagazine.net\/index.php?rest_route=\/wp\/v2\/posts\/53263\/revisions"}],"wp:featuredmedia":[{"embeddable":true,"href":"https:\/\/israelmagazine.net\/index.php?rest_route=\/"}],"wp:attachment":[{"href":"https:\/\/israelmagazine.net\/index.php?rest_route=%2Fwp%2Fv2%2Fmedia&parent=53263"}],"wp:term":[{"taxonomy":"category","embeddable":true,"href":"https:\/\/israelmagazine.net\/index.php?rest_route=%2Fwp%2Fv2%2Fcategories&post=53263"},{"taxonomy":"post_tag","embeddable":true,"href":"https:\/\/israelmagazine.net\/index.php?rest_route=%2Fwp%2Fv2%2Ftags&post=53263"},{"taxonomy":"sujet","embeddable":true,"href":"https:\/\/israelmagazine.net\/index.php?rest_route=%2Fwp%2Fv2%2Fsujet&post=53263"}],"curies":[{"name":"wp","href":"https:\/\/api.w.org\/{rel}","templated":true}]}}