{"id":53291,"date":"2019-11-12T21:48:00","date_gmt":"2019-11-12T20:48:00","guid":{"rendered":"https:\/\/israelmagazine.net\/?p=53291"},"modified":"2019-11-12T21:48:00","modified_gmt":"2019-11-12T20:48:00","slug":"etre-juif-a-strasbourg","status":"publish","type":"post","link":"https:\/\/israelmagazine.net\/?p=53291","title":{"rendered":"\u00caTRE JUIF A STRASBOURG"},"content":{"rendered":"<p>par Mickael LAUSTRIAT<\/p>\n<p><strong>\u00caTRE JUIF A STRASBOURG<\/strong><\/p>\n<img class=\\\"size-medium wp-image-53292\\\" src=\\\"https:\/\/israelmagazine.co.il\/wp-content\/uploads\/2019\/11\/Strasbourg_grande_synagogue_de_la_Paix_2011a-300x200.jpg\\\" alt=\\\"Strasbourg\\\" width=\\\"300\\\" height=\\\"200\\\" \/>\n<p><strong>Strasbourg \u2013 proclam\u00e9e \u00ab\u00a0ville d\u2019art et d\u2019histoire\u00a0\u00bb en 2014 \u2013 abrite une tr\u00e8s dynamique communaut\u00e9 juive. Pour la rencontrer, il suffit de prendre le tramway et de descendre \u00e0 la station Contades, qui vous d\u00e9pose juste en face de la Synagogue de la Paix. C\\&rsquo;est un magnifique cube de pierre blanche qui s\u2019ins\u00e8re comme un bijou pr\u00e9cieux dans la petite for\u00eat du parc du Contades, poumon de verdure dans le quartier r\u00e9sidentiel de l\u2019Orangerie. <\/strong><\/p>\n<p>L\u2019histoire de la communaut\u00e9 juive de Strasbourg, qui remonte au haut Moyen-\u00c2ge, est bien ant\u00e9rieure \u00e0 l\u2019ann\u00e9e\u00a01349. Cette ann\u00e9e-l\u00e0 reste marqu\u00e9e d\u2019une pierre noire. Alors que la peste s\u00e9vit \u00e0 travers l\u2019Europe, les autorit\u00e9s de la ville qui accusent les Juifs d\u2019avoir empoisonn\u00e9 les puits, les rassemblent pr\u00e8s du cimeti\u00e8re et leur donnent le choix entre la conversion ou le b\u00fbcher. Ceux qui \u00e9chapperont au massacre iront se r\u00e9fugier dans les villages voisins, et resteront exclus pendant plusieurs si\u00e8cles du droit de s\u2019installer et de commercer dans la capitale de l\u2019Alsace. Il faudra attendre la R\u00e9volution fran\u00e7aise pour qu\u2019une synagogue voit \u00e0 nouveau le jour \u00e0 Strasbourg. A l\u2019aube du Second Empire, plusieurs entrepreneurs juifs prennent le train en marche de l\u2019industrialisation, et fondent d\u2019autres oratoires. Le 8\u00a0septembre 1898, avec l\u2019inauguration de la grande synagogue consistoriale du quai Kl\u00e9ber, le Juda\u00efsme alsacien entre alors dans un \u00e2ge d\u2019or, qui va tragiquement s\u2019interrompre le 12\u00a0septembre 1942, quand l\u2019\u00e9difice est incendi\u00e9 puis enti\u00e8rement d\u00e9truit par les arm\u00e9es allemandes, aid\u00e9es par quelques antis\u00e9mites locaux. Apr\u00e8s la Lib\u00e9ration, c\u2019est seulement en 1952 que la municipalit\u00e9 de Strasbourg d\u00e9cide d\u2019attribuer un espace \u00e0 la communaut\u00e9 juive. Finalement, le 23\u00a0mars 1958, en pr\u00e9sence du pr\u00e9sident de la R\u00e9publique de l\u2019\u00e9poque, un nouveau lieu de culte, la grande Synagogue de la Paix, est inaugur\u00e9. Centre communautaire, si\u00e8ge du grand-rabbinat du Bas-Rhin, abritant plusieurs salles de pri\u00e8re, des \u00e9coles, un collel, un mikv\u00e9 et la radio juive 102,9 FM, l\u2019\u00e9difice est d\u00e9sormais le c\u0153ur de la communaut\u00e9 juive strasbourgeoise, estim\u00e9e aujourd\u2019hui \u00e0 20\u2009000\u00a0\u00e2mes.<\/p>\n<h3><strong>Strasbourg, c\u2019est la J\u00e9rusalem de l\u2019Europe<\/strong><\/h3>\n<p>Depuis Yossel de Rosheim, au XVI\u00e8me\u00a0si\u00e8cle, la contribution du Juda\u00efsme alsacien \u00e0 l\u2019histoire de France s\u2019est manifest\u00e9e par des personnalit\u00e9s aussi diff\u00e9rentes que Emile Durkheim (fondateur de la sociologie moderne), Michel Debr\u00e9 (p\u00e8re de la Constitution de la 5\u00e8me\u00a0R\u00e9publique), Raymond Aron (\u00e9crivain descendant d\u2019une famille de n\u00e9gociant en textiles de Rambervillers), le mime Marcel Marceau (n\u00e9 \u00e0 Strasbourg) ou l\u2019humoriste Pierre Dac (\u00ab\u00a0pour tout<\/p>\n<p>&nbsp;<\/p>\n<h3>La suite de l\u2019article se trouve dans le prochain num\u00e9ro d\u2019Isra\u00ebl Magazine<\/h3>\n<p>S\u2019abonner au magazine par t\u00e9l\u00e9phone ou par whats app 00972 (0) 54 254 45 20\u00a0 01 77 47 57 67<\/p>\n<p><a href=\\\"https:\/\/israelmagazine.co.il\/sabonner-au-magazine\/ Par email\u00a0 Andredarmon78@gmail.com\\\">https:\/\/israelmagazine.co.il\/sabonner-au-magazine\/ Par email\u00a0 Andredarmon78@gmail.com<\/a><\/p>\n<p>D\u00e9couvrez gratuitement un exemplaire exceptionnel du magazine et cliquez sur le rebord droit du mag<\/p>\n","protected":false},"excerpt":{"rendered":"<p>par Mickael LAUSTRIAT \u00caTRE JUIF A STRASBOURG Strasbourg \u2013 proclam\u00e9e \u00ab\u00a0ville d\u2019art et d\u2019histoire\u00a0\u00bb en 2014 \u2013 abrite une tr\u00e8s dynamique communaut\u00e9 juive. Pour la rencontrer, il suffit de prendre le tramway et de descendre \u00e0 la station Contades, qui vous d\u00e9pose juste en face de la Synagogue de la Paix. C\\&rsquo;est un magnifique cube &hellip;<\/p>\n<p class=\"read-more\"> <a class=\"\" href=\"https:\/\/israelmagazine.net\/?p=53291\"> <span class=\"screen-reader-text\">\u00caTRE JUIF A STRASBOURG<\/span> Lire la suite \u00bb<\/a><\/p>\n","protected":false},"author":4,"featured_media":53292,"comment_status":"open","ping_status":"open","sticky":false,"template":"","format":"standard","meta":{"site-sidebar-layout":"default","site-content-layout":"default","ast-global-header-display":"","ast-main-header-display":"","ast-hfb-above-header-display":"","ast-hfb-below-header-display":"","ast-hfb-mobile-header-display":"","site-post-title":"","ast-breadcrumbs-content":"","ast-featured-img":"","footer-sml-layout":"","theme-transparent-header-meta":"","adv-header-id-meta":"","stick-header-meta":"","header-above-stick-meta":"","header-main-stick-meta":"","header-below-stick-meta":""},"categories":[41],"tags":[1776,1777,1778],"sujet":[],"_links":{"self":[{"href":"https:\/\/israelmagazine.net\/index.php?rest_route=\/wp\/v2\/posts\/53291"}],"collection":[{"href":"https:\/\/israelmagazine.net\/index.php?rest_route=\/wp\/v2\/posts"}],"about":[{"href":"https:\/\/israelmagazine.net\/index.php?rest_route=\/wp\/v2\/types\/post"}],"author":[{"embeddable":true,"href":"https:\/\/israelmagazine.net\/index.php?rest_route=\/wp\/v2\/users\/4"}],"replies":[{"embeddable":true,"href":"https:\/\/israelmagazine.net\/index.php?rest_route=%2Fwp%2Fv2%2Fcomments&post=53291"}],"version-history":[{"count":0,"href":"https:\/\/israelmagazine.net\/index.php?rest_route=\/wp\/v2\/posts\/53291\/revisions"}],"wp:featuredmedia":[{"embeddable":true,"href":"https:\/\/israelmagazine.net\/index.php?rest_route=\/"}],"wp:attachment":[{"href":"https:\/\/israelmagazine.net\/index.php?rest_route=%2Fwp%2Fv2%2Fmedia&parent=53291"}],"wp:term":[{"taxonomy":"category","embeddable":true,"href":"https:\/\/israelmagazine.net\/index.php?rest_route=%2Fwp%2Fv2%2Fcategories&post=53291"},{"taxonomy":"post_tag","embeddable":true,"href":"https:\/\/israelmagazine.net\/index.php?rest_route=%2Fwp%2Fv2%2Ftags&post=53291"},{"taxonomy":"sujet","embeddable":true,"href":"https:\/\/israelmagazine.net\/index.php?rest_route=%2Fwp%2Fv2%2Fsujet&post=53291"}],"curies":[{"name":"wp","href":"https:\/\/api.w.org\/{rel}","templated":true}]}}