{"id":53327,"date":"2019-11-25T08:18:06","date_gmt":"2019-11-25T07:18:06","guid":{"rendered":"https:\/\/israelmagazine.net\/?p=53327"},"modified":"2019-11-25T08:18:06","modified_gmt":"2019-11-25T07:18:06","slug":"juif-et-lobbyiste-au-conseil-de-leurope","status":"publish","type":"post","link":"https:\/\/israelmagazine.net\/?p=53327","title":{"rendered":"JUIF ET\u00a0LOBBYISTE\u00a0AU CONSEIL DE\u00a0L\\&rsquo;EUROPE"},"content":{"rendered":"<p><strong>JUIF ET\u00a0LOBBYISTE\u00a0AU CONSEIL DE\u00a0L\\&rsquo;EUROPE<\/strong><\/p>\n<p style=\\\"font-weight: 400;\\\"><strong>\u00a0<\/strong><strong>\u00ab\u00a0Mon job, d\u00e9fendre le Juda\u00efsme devant le Conseil de l\u2019Europe\u00a0\u00bb<\/strong><\/p>\n<p style=\\\"font-weight: 400;\\\"><strong>Propos recueillis par\u00a0Mickael\u00a0LAUSTRIAT<\/strong><\/p>\n<p style=\\\"font-weight: 400;\\\"><strong>D\u00e9fendre les traditions juives devant le Conseil de l\u2019Europe est un travail de longue haleine. Le rabbin Mendel Samama, lobbyste, 43 ans, s\u2019y emploie depuis une bonne quinzaine d\u2019ann\u00e9es. Nous l\u2019avons rencontr\u00e9 \u00e0 Strasbourg, o\u00f9 il \u00e9marge du Consistoire isra\u00e9lite du Bas-Rhin. Il raconte son combat quotidien avec les \u00e9lus europ\u00e9ens.<\/strong><\/p>\n<p style=\\\"font-weight: 400;\\\"><strong><em>Mendel\u00a0Samama. Vous \u00eates le fils du rabbin\u00a0Shimon\u00a0Samama\u00a0et rabbin vous-m\u00eame. Comment vous est venue la vocation de\u00a0lobbyiste\u00a0?<\/em><\/strong><\/p>\n<h3>LOBBYISTE<\/h3>\n<p style=\\\"font-weight: 400;\\\">Totalement par hasard. Je ne suis pas du tout fascin\u00e9 par le monde politique\u00a0! Un jour, quelqu\u2019un du Conseil de l\u2019Europe m\u2019invite \u00e0 la pr\u00e9paration d\u2019un colloque dont le th\u00e8me \u00e9tait\u00a0<em>Education\u00a0et Religions<\/em>. J\u2019accepte l\u2019invitation, mais en ajoutant que plut\u00f4t que de r\u00e9\u00e9crire une nouvelle histoire des religions,\u00a0il vaudrait mieux enseigner les faits religieux en eux-m\u00eames. Je lui explique que ce que je voudrais en tant que juif, \u00a0c\u2019est que le facteur comprenne pourquoi je n\u2019ai pas le droit \u2013 moi \u2013 de signer l\u2019accus\u00e9 de r\u00e9ception d\u2019un recommand\u00e9\u00a0shabbat.<\/p>\n<h3>Hanoukka<\/h3>\n<p style=\\\"font-weight: 400;\\\">Ou que mon voisin sache pourquoi je n\u2019ai pas le droit \u2013 moi \u2013 de prendre l\u2019ascenseur\u00a0shabbat, ou d\u2019\u00e9clairer la lumi\u00e8re dans le hall ce jour-l\u00e0. Quelques jours plus tard, mon interlocuteur revient vers moi, convaincu. Et c\u2019est ainsi qu\u2019on a commenc\u00e9 \u00e0 travailler ensemble. Gr\u00e2ce \u00e0 cette rencontre, j\u2019ai pu organiser une c\u00e9l\u00e9bration de \u2018Hanoukka\u2019 au Parlement europ\u00e9en. C\u2019\u00e9tait en 2005, si j\u2019ai bonne m\u00e9moire, et c\u2019est comme \u00e7a que je me suis retrouv\u00e9 \u00e0 arpenter les couloirs des institutions europ\u00e9ennes \u00e0 Strasbourg, pour d\u00e9fendre nos droits. Je tiens \u00e0 pr\u00e9ciser que si les grandes multinationales peuvent s\u2019offrir des\u00a0lobbyistes\u00a0grassement pay\u00e9s, ce n\u2019est pas mon cas\u00a0! Je suis simplement salari\u00e9 par le Consistoire du Bas-Rhin. Ce que je fais aupr\u00e8s du Conseil de l\u2019Europe, c\u2019est du b\u00e9n\u00e9volat. C\u2019est ma conviction qu\u2019il fallait quelqu\u2019un pour d\u00e9fendre nos traditions face \u00e0 la toute-puissance de l\u2019Europe qui m\u2019a conduit \u00e0 faire ce travail. Travail d\u2019autant plus urgent qu\u2019en ce moment, le juda\u00efsme et les juifs re\u00e7oivent r\u00e9guli\u00e8rement des coups de la part des tendances extr\u00e9mistes de la gauche et de la droite europ\u00e9enne.<\/p>\n<p>&nbsp;<\/p>\n<h3>La suite de l\u2019article se trouve dans le prochain num\u00e9ro d\u2019Isra\u00ebl Magazine<\/h3>\n<p>S\u2019abonner au magazine par t\u00e9l\u00e9phone ou par whats app 00972 (0) 54 254 45 20\u00a0 01 77 47 57 67<\/p>\n<p>Par email\u00a0 <a href=\\\"mailto:Andredarmon78@gmail.com\\\">Andredarmon78@gmail.com<\/a><\/p>\n<blockquote class=\"wp-embedded-content\" data-secret=\"RXGW2tF0jR\"><p><a href=\"https:\/\/israelmagazine.co.il\/sabonner-au-magazine\/\">S&rsquo;ABONNER AU MAGAZINE<\/a><\/p><\/blockquote>\n<p><iframe class=\"wp-embedded-content\" sandbox=\"allow-scripts\" security=\"restricted\" style=\"position: absolute; clip: rect(1px, 1px, 1px, 1px);\" title=\"\u00ab\u00a0S&rsquo;ABONNER AU MAGAZINE\u00a0\u00bb &#8212; Israel Magazine\" src=\"https:\/\/israelmagazine.co.il\/sabonner-au-magazine\/embed\/#?secret=vi2K4tsrCQ#?secret=RXGW2tF0jR\" data-secret=\"RXGW2tF0jR\" width=\"500\" height=\"282\" frameborder=\"0\" marginwidth=\"0\" marginheight=\"0\" scrolling=\"no\"><\/iframe><\/p>\n<p>D\u00e9couvrez gratuitement un exemplaire exceptionnel du magazine et cliquez sur le rebord droit du mag<\/p>\n<p><iframe class=\"wp-embedded-content\" sandbox=\"allow-scripts\" security=\"restricted\" title=\"Israel Magazine 20ans Final Calameo\" src=\"\/\/v.calameo.com\/?bkcode=001096500c7f116363325#?secret=NWrJ74Faee\" data-secret=\"NWrJ74Faee\" width=\"1061\" height=\"750\" frameborder=\"0\" scrolling=\"no\"><\/iframe><\/p>\n","protected":false},"excerpt":{"rendered":"<p>JUIF ET\u00a0LOBBYISTE\u00a0AU CONSEIL DE\u00a0L\\&rsquo;EUROPE \u00a0\u00ab\u00a0Mon job, d\u00e9fendre le Juda\u00efsme devant le Conseil de l\u2019Europe\u00a0\u00bb Propos recueillis par\u00a0Mickael\u00a0LAUSTRIAT D\u00e9fendre les traditions juives devant le Conseil de l\u2019Europe est un travail de longue haleine. Le rabbin Mendel Samama, lobbyste, 43 ans, s\u2019y emploie depuis une bonne quinzaine d\u2019ann\u00e9es. Nous l\u2019avons rencontr\u00e9 \u00e0 Strasbourg, o\u00f9 il \u00e9marge du &hellip;<\/p>\n<p class=\"read-more\"> <a class=\"\" href=\"https:\/\/israelmagazine.net\/?p=53327\"> <span class=\"screen-reader-text\">JUIF ET\u00a0LOBBYISTE\u00a0AU CONSEIL DE\u00a0L\\&rsquo;EUROPE<\/span> Lire la suite \u00bb<\/a><\/p>\n","protected":false},"author":4,"featured_media":53328,"comment_status":"open","ping_status":"open","sticky":false,"template":"","format":"standard","meta":{"site-sidebar-layout":"default","site-content-layout":"default","ast-global-header-display":"","ast-main-header-display":"","ast-hfb-above-header-display":"","ast-hfb-below-header-display":"","ast-hfb-mobile-header-display":"","site-post-title":"","ast-breadcrumbs-content":"","ast-featured-img":"","footer-sml-layout":"","theme-transparent-header-meta":"","adv-header-id-meta":"","stick-header-meta":"","header-above-stick-meta":"","header-main-stick-meta":"","header-below-stick-meta":""},"categories":[84,1621,1612],"tags":[1779,1780,1781],"sujet":[],"_links":{"self":[{"href":"https:\/\/israelmagazine.net\/index.php?rest_route=\/wp\/v2\/posts\/53327"}],"collection":[{"href":"https:\/\/israelmagazine.net\/index.php?rest_route=\/wp\/v2\/posts"}],"about":[{"href":"https:\/\/israelmagazine.net\/index.php?rest_route=\/wp\/v2\/types\/post"}],"author":[{"embeddable":true,"href":"https:\/\/israelmagazine.net\/index.php?rest_route=\/wp\/v2\/users\/4"}],"replies":[{"embeddable":true,"href":"https:\/\/israelmagazine.net\/index.php?rest_route=%2Fwp%2Fv2%2Fcomments&post=53327"}],"version-history":[{"count":0,"href":"https:\/\/israelmagazine.net\/index.php?rest_route=\/wp\/v2\/posts\/53327\/revisions"}],"wp:featuredmedia":[{"embeddable":true,"href":"https:\/\/israelmagazine.net\/index.php?rest_route=\/"}],"wp:attachment":[{"href":"https:\/\/israelmagazine.net\/index.php?rest_route=%2Fwp%2Fv2%2Fmedia&parent=53327"}],"wp:term":[{"taxonomy":"category","embeddable":true,"href":"https:\/\/israelmagazine.net\/index.php?rest_route=%2Fwp%2Fv2%2Fcategories&post=53327"},{"taxonomy":"post_tag","embeddable":true,"href":"https:\/\/israelmagazine.net\/index.php?rest_route=%2Fwp%2Fv2%2Ftags&post=53327"},{"taxonomy":"sujet","embeddable":true,"href":"https:\/\/israelmagazine.net\/index.php?rest_route=%2Fwp%2Fv2%2Fsujet&post=53327"}],"curies":[{"name":"wp","href":"https:\/\/api.w.org\/{rel}","templated":true}]}}