{"id":53399,"date":"2020-02-05T10:54:02","date_gmt":"2020-02-05T09:54:02","guid":{"rendered":"https:\/\/israelmagazine.net\/?p=53399"},"modified":"2020-02-05T10:54:02","modified_gmt":"2020-02-05T09:54:02","slug":"la-verite-sur-herzl","status":"publish","type":"post","link":"https:\/\/israelmagazine.net\/?p=53399","title":{"rendered":"La V\u00e9rit\u00e9 sur Herzl"},"content":{"rendered":"<h2>La V\u00e9rit\u00e9 sur Herzl<\/h2>\n<h3>Que dirait Herzl s\u2019il revenait parmi nous ? Il est fort probable qu\u2019il nous demanderait des comptes. Il s\u2019en prendrait d\u2019une part aux religieux pour l\u2019avoir r\u00e9duit \u00e0 n\u2019\u00eatre que le chantre d\u2019un sionisme la\u00efc et intransigeant. Et pourtant, \u00e0 ces m\u00eames la\u00efcs Th\u00e9odor Herzl reprocherait certainement d\u2019avoir \u00e9vacu\u00e9 toutes les r\u00e9f\u00e9rences religieuses qui abondent dans sa vie, et notamment dans son journal.<\/h3>\n<p>Cette perception fausse de celui qui va th\u00e9oriser la possibilit\u00e9 d\u2019un \u00c9tat juif va perdurer 30 ans apr\u00e8s sa mort, survenue en 1904. Le premier \u00e0 avoir pressenti qu\u2019il ne m\u00e9ritait pas l\u2019id\u00e9e qu\u2019on s\u2019en faisait fut Berl Katznelson, l\u2019un des fondateurs de la Histadrout, et r\u00e9dacteur en chef de Davar, le journal quotidien travailliste.<\/p>\n<h3>R\u00eave pr\u00e9monitoire<\/h3>\n<p>En 1934, \u00e9voquant la figure de Th\u00e9odor Herzl, il \u00e9crit : \u00ab On peut parler \u00e0 son propos de falsification pr\u00e9m\u00e9dit\u00e9e ou due \u00e0 l\u2019ignorance. Il est \u00e0 craindre que la prochaine g\u00e9n\u00e9ration ne voie en Herzl qu\u2019un nom, une devise, tout au plus une belle l\u00e9gende. \u00bb Appr\u00e9hension que confirme l\u2019historien isra\u00e9lien Amos Elon : \u00ab Dans l\u2019Isra\u00ebl d\u2019aujourd\u2019hui, pour la plupart des gens, Herzl ne d\u00e9signe plus que le nom d\u2019une rue. \u00bb Triste constat ! On en est l\u00e0 quand, en France, au milieu des ann\u00e9es 80, Isaac (Georges) WEISZ, jusque-l\u00e0 sp\u00e9cialiste en m\u00e9decine dentaire, d\u00e9cide d\u2019y voir plus clair.<\/p>\n<h3 class=\\\"p1\\\"><span class=\\\"s1\\\">Herzl son identit\u00e9 juive<\/span><\/h3>\n<p>Au terme d\u2019une enqu\u00eate qui va durer 8 ans, il va finalement dissiper le mythe populaire selon lequel c\u2019est l\u2019affaire Dreyfus qui aurait r\u00e9veill\u00e9 en Herzl son identit\u00e9 juive. Analysant la biographie de Herzl et son journal, Georges Weisz d\u00e9montre dans son livre \u2013 \u00abTh\u00e9odor Herzl : Une nouvelle lecture \u00bb, publi\u00e9 en 2006 \u2013 que Herzl a toujours \u00e9t\u00e9 \u00ab sioniste \u00bb et qu\u2019il n\u2019a jamais reni\u00e9 ses racines juives. Il \u00e9crit : \u00ab \u00c9lev\u00e9 dans une famille traditionaliste, le p\u00e8re de Herzl fr\u00e9quente r\u00e9guli\u00e8rement la synagogue de la rue Tabak, \u00e0 Budapest. Mais du fait qu\u2019il parle allemand et qu\u2019il a r\u00e9ussi dans les affaires, l\u2019histoire a voulu en faire un juif assimil\u00e9. Le grand-p\u00e8re de Theodor, chantre dans une synagogue, fr\u00e9quente la shoule de Rav Yehouda Alkalay, qui professe alors, avec le rav Zvi Hirsch Kalisher, le retour des Juifs \u00e0 Sion. A l\u2019\u00e2ge de 6 ans, le jeune gar\u00e7on est scolaris\u00e9 dans une \u00e9cole juive o\u00f9 l\u2019enseignement comprenait des cours d\u2019h\u00e9breu et une instruction religieuse. A treize ans, il c\u00e9l\u00e8bre sa bar-mitsva. La foi juive \u00e9tait profonde en lui. \u00bb<\/p>\n<p>Par Micka\u00ebl LAUSTRIAT<\/p>\n<p>https:\/\/israelmagazine.co.il\/le-deal-du-siecle-ou-la-prochaine-intifada\/<\/p>\n<p class=\\\"p1\\\"><span class=\\\"s1\\\">La suite de l\u2019article se trouve dans le prochain num\u00e9ro d\u2019Isra\u00ebl Magazine<\/span><\/p>\n<p class=\\\"p1\\\"><span class=\\\"s1\\\">S\u2019abonner au magazine par t\u00e9l\u00e9phone ou par whats app 00972 (0) 54 254 45 20 ou au 0186982727\u00a0\u00a0\u00a0<\/span><\/p>\n<p class=\\\"p2\\\"><span class=\\\"s2\\\">Par email\u00a0\u00a0<a href=\\\"mailto:Andredarmon78@gmail.com\\\"><span class=\\\"s3\\\">Andredarmon78@gmail.com<\/span><\/a><\/span><\/p>\n<p class=\\\"p1\\\"><span class=\\\"s1\\\">Ou directement sur le site\u00a0<a href=\\\"http:\/\/www.israelmagazine.co.il\/\\\"><span class=\\\"s4\\\">www.israelmagazine.co.il<\/span><\/a><\/span><\/p>\n<p class=\\\"p1\\\"><span class=\\\"s1\\\">D\u00e9couvrez un exemplaire du magazine gratuitement et cliquez sur le rebord droit du mag<\/span><\/p>\n<p class=\\\"p2\\\"><span class=\\\"s5\\\"><a href=\\\"https:\/\/fr.calameo.com\/read\/0010965002cfce9dee566?authid=IRnvqb59CRHm\\\" target=\\\"_blank\\\" rel=\\\"noopener noreferrer\\\">https:\/\/fr.calameo.com\/read\/0010965002cfce9dee566?authid=IRnvqb59CRHm<\/a><\/span><\/p>\n","protected":false},"excerpt":{"rendered":"<p>La V\u00e9rit\u00e9 sur Herzl Que dirait Herzl s\u2019il revenait parmi nous ? Il est fort probable qu\u2019il nous demanderait des comptes. Il s\u2019en prendrait d\u2019une part aux religieux pour l\u2019avoir r\u00e9duit \u00e0 n\u2019\u00eatre que le chantre d\u2019un sionisme la\u00efc et intransigeant. Et pourtant, \u00e0 ces m\u00eames la\u00efcs Th\u00e9odor Herzl reprocherait certainement d\u2019avoir \u00e9vacu\u00e9 toutes les &hellip;<\/p>\n<p class=\"read-more\"> <a class=\"\" href=\"https:\/\/israelmagazine.net\/?p=53399\"> <span class=\"screen-reader-text\">La V\u00e9rit\u00e9 sur Herzl<\/span> Lire la suite \u00bb<\/a><\/p>\n","protected":false},"author":4,"featured_media":53410,"comment_status":"open","ping_status":"open","sticky":false,"template":"","format":"standard","meta":{"site-sidebar-layout":"default","site-content-layout":"default","ast-global-header-display":"","ast-main-header-display":"","ast-hfb-above-header-display":"","ast-hfb-below-header-display":"","ast-hfb-mobile-header-display":"","site-post-title":"","ast-breadcrumbs-content":"","ast-featured-img":"","footer-sml-layout":"","theme-transparent-header-meta":"","adv-header-id-meta":"","stick-header-meta":"","header-above-stick-meta":"","header-main-stick-meta":"","header-below-stick-meta":""},"categories":[84,1621,1642,1674,41],"tags":[1806,1807,1808,1809,1810,1811,1812,1813],"sujet":[],"_links":{"self":[{"href":"https:\/\/israelmagazine.net\/index.php?rest_route=\/wp\/v2\/posts\/53399"}],"collection":[{"href":"https:\/\/israelmagazine.net\/index.php?rest_route=\/wp\/v2\/posts"}],"about":[{"href":"https:\/\/israelmagazine.net\/index.php?rest_route=\/wp\/v2\/types\/post"}],"author":[{"embeddable":true,"href":"https:\/\/israelmagazine.net\/index.php?rest_route=\/wp\/v2\/users\/4"}],"replies":[{"embeddable":true,"href":"https:\/\/israelmagazine.net\/index.php?rest_route=%2Fwp%2Fv2%2Fcomments&post=53399"}],"version-history":[{"count":0,"href":"https:\/\/israelmagazine.net\/index.php?rest_route=\/wp\/v2\/posts\/53399\/revisions"}],"wp:featuredmedia":[{"embeddable":true,"href":"https:\/\/israelmagazine.net\/index.php?rest_route=\/"}],"wp:attachment":[{"href":"https:\/\/israelmagazine.net\/index.php?rest_route=%2Fwp%2Fv2%2Fmedia&parent=53399"}],"wp:term":[{"taxonomy":"category","embeddable":true,"href":"https:\/\/israelmagazine.net\/index.php?rest_route=%2Fwp%2Fv2%2Fcategories&post=53399"},{"taxonomy":"post_tag","embeddable":true,"href":"https:\/\/israelmagazine.net\/index.php?rest_route=%2Fwp%2Fv2%2Ftags&post=53399"},{"taxonomy":"sujet","embeddable":true,"href":"https:\/\/israelmagazine.net\/index.php?rest_route=%2Fwp%2Fv2%2Fsujet&post=53399"}],"curies":[{"name":"wp","href":"https:\/\/api.w.org\/{rel}","templated":true}]}}