{"id":53416,"date":"2020-02-05T11:56:33","date_gmt":"2020-02-05T10:56:33","guid":{"rendered":"https:\/\/israelmagazine.net\/?p=53416"},"modified":"2020-02-05T11:56:33","modified_gmt":"2020-02-05T10:56:33","slug":"75-ans-apres-auschwitz","status":"publish","type":"post","link":"https:\/\/israelmagazine.net\/?p=53416","title":{"rendered":"75 ANS APR\u00c8S AUSCHWITZ L\u2019ANTISEMITISME AUJOURD\u2019HUI"},"content":{"rendered":"<h2>75 ANS APR\u00c8S AUSCHWITZ L\u2019ANTISEMITISME AUJOURD\u2019HUI<\/h2>\n<h3>La chute du camp d\u2019extermination nazi d\u2019Auschwitz a eu lieu le 27 janvier 1945, il y a soixante-quinze ans. Ce ne fut pas la fin pleine et enti\u00e8re de ce qui s\u2019appelle d\u00e9sormais Shoah (catastrophe en h\u00e9breu) : les marches de la mort \u00e9taient en cours, et des Juifs sont tomb\u00e9s encore les jours qui ont suivi.<\/h3>\n<p>Soixante-cinq pour cent des Juifs d\u2019Europe avaient \u00e9t\u00e9 atrocement assassin\u00e9s, quarante pour cent des Juifs du monde. Les survivants de familles, \u00e0 jamais mutil\u00e9es, ne disposaient pas m\u00eame de tombes sur lesquelles se recueillir. Ceux qui retourn\u00e8rent dans les lieux o\u00f9 ils vivaient avant d\u2019\u00eatre d\u00e9port\u00e9s, d\u00e9couvrirent qu\u2019ils n\u2019\u00e9taient pas les bienvenus. Peu ont parl\u00e9 de ce qu\u2019ils avaient subi. Des milliers ont tent\u00e9 de rejoindre la terre d\u2019Isra\u00ebl, confront\u00e9s \u00e0 l\u2019attitude odieuse des Britanniques qui refusaient que des bateaux accostent dans le port de leur destination. Ils d\u00e9portaient \u00e0 Chypre de pauvres gens qui, tout juste lib\u00e9r\u00e9s de camps vers d\u2019autres camps. Quand Isra\u00ebl est n\u00e9, les Occidentaux pensaient que le pays ne survivrait pas et n\u2019ont rien fait pour qu\u2019il survive.<\/p>\n<blockquote><p>\\\u00a0\u00bbLa vigilance \u00e9ternelle est le prix de la libert\u00e9. La vigilance \u00e9ternelle face \u00e0 l\u2019antis\u00e9mitisme est le prix de la dignit\u00e9 humaine et de la survie de la civilisation\\\u00a0\u00bb Jefferson<\/p><\/blockquote>\n<p>Quand le pays a surv\u00e9cu, ces m\u00eames dirigeants s\u2019en sont accommod\u00e9s. Lorsque Primo Levi a publi\u00e9 \u201cSi c\u2019est un homme\u201d, le livre s\u2019est vendu \u00e0 un nombre infime d\u2019exemplaires, et le livre n\u2019a attir\u00e9 l\u2019attention qu\u2019une quinzaine d\u2019ann\u00e9es apr\u00e8s, tout comme \u201cLa nuit d\u2019Elie Wiesel ou le \u201cJournal d\u2019Anne Frank\u201d. La Shoah ne fut vraiment reconnue et comment\u00e9e en Europe qu\u2019\u00e0 partir du moment o\u00f9 la s\u00e9rie Holocauste, de Marvin Chomsky, sera diffus\u00e9e \u00e0 la t\u00e9l\u00e9vision. La reconnaissance prendra de l\u2019ampleur lorsque le film Shoah de Claude Lanzmann sortira. On parlera alors en Europe occidentale d\u2019un \u201cdevoir de m\u00e9moire\u201d. Le mus\u00e9e de l\u2019Holocauste \u00e0 Washington, DC, aux Etats-Unis, n\u2019ouvrira ses portes qu\u2019en 1993.<\/p>\n<p>Par Guy Milli\u00e8re<\/p>\n<p>https:\/\/israelmagazine.co.il\/le-deal-du-siecle-ou-la-prochaine-intifada\/<\/p>\n<p class=\\\"p1\\\"><span class=\\\"s1\\\">La suite de l\u2019article se trouve dans le prochain num\u00e9ro d\u2019Isra\u00ebl Magazine<\/span><\/p>\n<p class=\\\"p1\\\"><span class=\\\"s1\\\">S\u2019abonner au magazine par t\u00e9l\u00e9phone ou par whats app 00972 (0) 54 254 45 20 ou au 0186982727\u00a0\u00a0\u00a0<\/span><\/p>\n<p class=\\\"p2\\\"><span class=\\\"s2\\\">Par email\u00a0\u00a0<a href=\\\"mailto:Andredarmon78@gmail.com\\\"><span class=\\\"s3\\\">Andredarmon78@gmail.com<\/span><\/a><\/span><\/p>\n<p class=\\\"p1\\\"><span class=\\\"s1\\\">Ou directement sur le site\u00a0<a href=\\\"http:\/\/www.israelmagazine.co.il\/\\\"><span class=\\\"s4\\\">www.israelmagazine.co.il<\/span><\/a><\/span><\/p>\n<p class=\\\"p1\\\"><span class=\\\"s1\\\">D\u00e9couvrez un exemplaire du magazine gratuitement et cliquez sur le rebord droit du mag<\/span><\/p>\n<p class=\\\"p2\\\"><span class=\\\"s5\\\"><a href=\\\"https:\/\/fr.calameo.com\/read\/0010965002cfce9dee566?authid=IRnvqb59CRHm\\\" target=\\\"_blank\\\" rel=\\\"noopener noreferrer\\\">https:\/\/fr.calameo.com\/read\/0010965002cfce9dee566?authid=IRnvqb59CRHm<\/a><\/span><\/p>\n","protected":false},"excerpt":{"rendered":"<p>75 ANS APR\u00c8S AUSCHWITZ L\u2019ANTISEMITISME AUJOURD\u2019HUI La chute du camp d\u2019extermination nazi d\u2019Auschwitz a eu lieu le 27 janvier 1945, il y a soixante-quinze ans. Ce ne fut pas la fin pleine et enti\u00e8re de ce qui s\u2019appelle d\u00e9sormais Shoah (catastrophe en h\u00e9breu) : les marches de la mort \u00e9taient en cours, et des Juifs &hellip;<\/p>\n<p class=\"read-more\"> <a class=\"\" href=\"https:\/\/israelmagazine.net\/?p=53416\"> <span class=\"screen-reader-text\">75 ANS APR\u00c8S AUSCHWITZ L\u2019ANTISEMITISME AUJOURD\u2019HUI<\/span> Lire la suite \u00bb<\/a><\/p>\n","protected":false},"author":4,"featured_media":53418,"comment_status":"open","ping_status":"open","sticky":false,"template":"","format":"standard","meta":{"site-sidebar-layout":"default","site-content-layout":"default","ast-global-header-display":"","ast-main-header-display":"","ast-hfb-above-header-display":"","ast-hfb-below-header-display":"","ast-hfb-mobile-header-display":"","site-post-title":"","ast-breadcrumbs-content":"","ast-featured-img":"","footer-sml-layout":"","theme-transparent-header-meta":"","adv-header-id-meta":"","stick-header-meta":"","header-above-stick-meta":"","header-main-stick-meta":"","header-below-stick-meta":""},"categories":[1687,84,1621,814,1642,1674,41],"tags":[825,1814,1815,1816,1817,1818,1819,1749,1820],"sujet":[],"_links":{"self":[{"href":"https:\/\/israelmagazine.net\/index.php?rest_route=\/wp\/v2\/posts\/53416"}],"collection":[{"href":"https:\/\/israelmagazine.net\/index.php?rest_route=\/wp\/v2\/posts"}],"about":[{"href":"https:\/\/israelmagazine.net\/index.php?rest_route=\/wp\/v2\/types\/post"}],"author":[{"embeddable":true,"href":"https:\/\/israelmagazine.net\/index.php?rest_route=\/wp\/v2\/users\/4"}],"replies":[{"embeddable":true,"href":"https:\/\/israelmagazine.net\/index.php?rest_route=%2Fwp%2Fv2%2Fcomments&post=53416"}],"version-history":[{"count":0,"href":"https:\/\/israelmagazine.net\/index.php?rest_route=\/wp\/v2\/posts\/53416\/revisions"}],"wp:featuredmedia":[{"embeddable":true,"href":"https:\/\/israelmagazine.net\/index.php?rest_route=\/"}],"wp:attachment":[{"href":"https:\/\/israelmagazine.net\/index.php?rest_route=%2Fwp%2Fv2%2Fmedia&parent=53416"}],"wp:term":[{"taxonomy":"category","embeddable":true,"href":"https:\/\/israelmagazine.net\/index.php?rest_route=%2Fwp%2Fv2%2Fcategories&post=53416"},{"taxonomy":"post_tag","embeddable":true,"href":"https:\/\/israelmagazine.net\/index.php?rest_route=%2Fwp%2Fv2%2Ftags&post=53416"},{"taxonomy":"sujet","embeddable":true,"href":"https:\/\/israelmagazine.net\/index.php?rest_route=%2Fwp%2Fv2%2Fsujet&post=53416"}],"curies":[{"name":"wp","href":"https:\/\/api.w.org\/{rel}","templated":true}]}}