{"id":53460,"date":"2020-02-10T13:45:12","date_gmt":"2020-02-10T12:45:12","guid":{"rendered":"https:\/\/israelmagazine.net\/?p=53460"},"modified":"2020-02-10T13:45:12","modified_gmt":"2020-02-10T12:45:12","slug":"le-messianisme-dans-la-pensee-du-rav-kook","status":"publish","type":"post","link":"https:\/\/israelmagazine.net\/?p=53460","title":{"rendered":"Le Messianisme dans la pens\u00e9e du Rav Kook"},"content":{"rendered":"<h3>L\\&rsquo;habit ne fait pas le moine, mais force est de constater qu\\&rsquo;il ne fait pas le rabbin non plus!<\/h3>\n<p>La longueur de la barbe et la taille du chapeau ne sont plus les garants de l\\&rsquo;int\u00e9grit\u00e9 ni d\\&rsquo;actes b\u00e9nis. Bien souvent la confortable situation de rabbin ou d\\&rsquo;\u00e9tudiant a la Yeshiva, qui soutient le monde, se pr\u00e9tend plus louable que celle du la\u00efc qui fait fi de tous devoirs religieux mais qui, lui, fait peut-\u00eatre avancer le monde. Souvent le \\\u00a0\u00bbreligieux\u00bb, repr\u00e9sentant la Tora n\\&rsquo;a que peu rapport avec le derekh eretz (valeurs morales) tandis que le \\\u00a0\u00bbla\u00efc\\\u00a0\u00bb d\u00e9fend ces valeurs humaines en rejetant les valeurs divines trop souvent mal repr\u00e9sent\u00e9es.<\/p>\n<blockquote><p><strong>Pourtant les Sages nous disent: \u201cDerekh eretz kadma la Tora\u201d (les valeurs morales devance la Tora).<\/strong><\/p><\/blockquote>\n<p>Nous sommes tous les enfants voulus de Dieu et sa Tora n\\&rsquo;est pas une \\\u00a0\u00bbreligion\\\u00a0\u00bb mais l\\&rsquo;arbre de vie de l\\&rsquo;humanit\u00e9 toute enti\u00e8re dont le peuple juif est le gardien. L\\&rsquo;insolence de notre g\u00e9n\u00e9ration, qui serait celle de la d\u00e9livrance, et le rejet de la \\\u00a0\u00bbreligion ne sont en fait que l\\&rsquo;expression de sa grandeur d\\&rsquo;\u00e2me! Elle a soif de perfection et recherche les secrets de l\\&rsquo;int\u00e9riorit\u00e9 de la Tora. Elle n\\&rsquo;admet plus la Tora pr\u00e9sent\u00e9e par ses anciens d\u00e9tenteurs comme un unique manuel de lois. L\\&rsquo;enseignement n\\&rsquo;est plus adapt\u00e9, comme le souligne le Rav Avraham Hacohen Kook (1865\/1935) dans le Maamar Hador (discours sur la g\u00e9n\u00e9ration): Le Rav Kook fut le premier grand rabbin de la terre d\\&rsquo;Isra\u00ebl, grand d\u00e9cisionnaire halakhique, penseur, kabbaliste et visionnaire. Il fut entre autre \u00e0 l\u2019origine en 1923 de la cr\u00e9ation de la mochava de Bnei Brak, alors ville religieuse nationale l\u00e0 ou primait le travail de la terre. Dans ses \u00e9crits il introduit les notions de la Kabbale pour comprendre la Tora et permet de (re)cr\u00e9er le lien entre religieux et la\u00efcs. Comme le disait \u00e9galement le Gaon de Vilna le retour \u00e0 Sion doit s\\&rsquo;amorcer de fa\u00e7on naturelle et c\u2019est ainsi qu\u2019il pr\u00f4nait l\\&rsquo;Alya des Juifs; le Rav Kook \u00e9tait persuad\u00e9 que les temps messianiques avaient d\u00e9but\u00e9 et que le retour en terre d\\&rsquo;Isra\u00ebl en \u00e9tait le d\u00e9voilement. Pour lui, l\\&rsquo;assembl\u00e9e d\\&rsquo;Isra\u00ebl s\\&rsquo;est \u00e9veill\u00e9e \u00e0 la renaissance gr\u00e2ce \u00e0 la volont\u00e9 de la jeune g\u00e9n\u00e9ration. Les \u00e9nergies se sont ranim\u00e9es en un sursaut prodigieux et \u00e9tonnant. Mais il n\\&rsquo;est possible en aucune mani\u00e8re de les soumettre par la contrainte, mais seulement de les \u00e9lever et de les fortifier, de leur montrer le chemin de la lumi\u00e8re haute et puissante, qui est ouvert devant eux. La main de Dieu nous est tendue en cela. Nous voyons que dans la profondeur de son \u00e2me l\\&rsquo;assembl\u00e9e d\\&rsquo;Isra\u00ebl s\\&rsquo;est presque gu\u00e9rie de la plupart de ses maladies morales qui avaient caus\u00e9 les fautes des Anciens.<\/p>\n<p>&nbsp;<\/p>\n<p>Par Myriam Sisso<\/p>\n<blockquote class=\"wp-embedded-content\" data-secret=\"71LmPx6qtV\"><p><a href=\"https:\/\/israelmagazine.co.il\/la-verite-sur-herzl\/\">La V\u00e9rit\u00e9 sur Herzl<\/a><\/p><\/blockquote>\n<p><iframe class=\"wp-embedded-content\" sandbox=\"allow-scripts\" security=\"restricted\" style=\"position: absolute; clip: rect(1px, 1px, 1px, 1px);\" title=\"\u00ab\u00a0La V\u00e9rit\u00e9 sur Herzl\u00a0\u00bb &#8212; Israel Magazine\" src=\"https:\/\/israelmagazine.co.il\/la-verite-sur-herzl\/embed\/#?secret=IsaGwMZjJi#?secret=71LmPx6qtV\" data-secret=\"71LmPx6qtV\" width=\"500\" height=\"282\" frameborder=\"0\" marginwidth=\"0\" marginheight=\"0\" scrolling=\"no\"><\/iframe><\/p>\n<p class=\\\"p1\\\"><span class=\\\"s1\\\">La suite de l\u2019article se trouve dans le prochain num\u00e9ro d\u2019Isra\u00ebl Magazine<\/span><\/p>\n<p class=\\\"p1\\\"><span class=\\\"s1\\\">S\u2019abonner au magazine par t\u00e9l\u00e9phone ou par whats app 00972 (0) 54 254 45 20 ou au 0186982727\u00a0\u00a0\u00a0<\/span><\/p>\n<p class=\\\"p2\\\"><span class=\\\"s2\\\">Par email\u00a0\u00a0<a href=\\\"mailto:Andredarmon78@gmail.com\\\"><span class=\\\"s3\\\">Andredarmon78@gmail.com<\/span><\/a><\/span><\/p>\n<p class=\\\"p1\\\"><span class=\\\"s1\\\">Ou directement sur le site\u00a0<a href=\\\"http:\/\/www.israelmagazine.co.il\/\\\"><span class=\\\"s4\\\">www.israelmagazine.co.il<\/span><\/a><\/span><\/p>\n<p class=\\\"p1\\\"><span class=\\\"s1\\\">D\u00e9couvrez un exemplaire du magazine gratuitement et cliquez sur le rebord droit du mag<\/span><\/p>\n<p class=\\\"p2\\\"><span class=\\\"s5\\\"><a href=\\\"https:\/\/fr.calameo.com\/read\/0010965002cfce9dee566?authid=IRnvqb59CRHm\\\" target=\\\"_blank\\\" rel=\\\"noopener noreferrer\\\">https:\/\/fr.calameo.com\/read\/0010965002cfce9dee566?authid=IRnvqb59CRHm<\/a><\/span><\/p>\n","protected":false},"excerpt":{"rendered":"<p>L\\&rsquo;habit ne fait pas le moine, mais force est de constater qu\\&rsquo;il ne fait pas le rabbin non plus! La longueur de la barbe et la taille du chapeau ne sont plus les garants de l\\&rsquo;int\u00e9grit\u00e9 ni d\\&rsquo;actes b\u00e9nis. Bien souvent la confortable situation de rabbin ou d\\&rsquo;\u00e9tudiant a la Yeshiva, qui soutient le monde, &hellip;<\/p>\n<p class=\"read-more\"> <a class=\"\" href=\"https:\/\/israelmagazine.net\/?p=53460\"> <span class=\"screen-reader-text\">Le Messianisme dans la pens\u00e9e du Rav Kook<\/span> Lire la suite \u00bb<\/a><\/p>\n","protected":false},"author":4,"featured_media":53461,"comment_status":"open","ping_status":"open","sticky":false,"template":"","format":"standard","meta":{"site-sidebar-layout":"default","site-content-layout":"default","ast-global-header-display":"","ast-main-header-display":"","ast-hfb-above-header-display":"","ast-hfb-below-header-display":"","ast-hfb-mobile-header-display":"","site-post-title":"","ast-breadcrumbs-content":"","ast-featured-img":"","footer-sml-layout":"","theme-transparent-header-meta":"","adv-header-id-meta":"","stick-header-meta":"","header-above-stick-meta":"","header-main-stick-meta":"","header-below-stick-meta":""},"categories":[84,1621,1767,1613,1673,1674],"tags":[1857,1858,1859,1860,1861,1862],"sujet":[],"_links":{"self":[{"href":"https:\/\/israelmagazine.net\/index.php?rest_route=\/wp\/v2\/posts\/53460"}],"collection":[{"href":"https:\/\/israelmagazine.net\/index.php?rest_route=\/wp\/v2\/posts"}],"about":[{"href":"https:\/\/israelmagazine.net\/index.php?rest_route=\/wp\/v2\/types\/post"}],"author":[{"embeddable":true,"href":"https:\/\/israelmagazine.net\/index.php?rest_route=\/wp\/v2\/users\/4"}],"replies":[{"embeddable":true,"href":"https:\/\/israelmagazine.net\/index.php?rest_route=%2Fwp%2Fv2%2Fcomments&post=53460"}],"version-history":[{"count":0,"href":"https:\/\/israelmagazine.net\/index.php?rest_route=\/wp\/v2\/posts\/53460\/revisions"}],"wp:featuredmedia":[{"embeddable":true,"href":"https:\/\/israelmagazine.net\/index.php?rest_route=\/"}],"wp:attachment":[{"href":"https:\/\/israelmagazine.net\/index.php?rest_route=%2Fwp%2Fv2%2Fmedia&parent=53460"}],"wp:term":[{"taxonomy":"category","embeddable":true,"href":"https:\/\/israelmagazine.net\/index.php?rest_route=%2Fwp%2Fv2%2Fcategories&post=53460"},{"taxonomy":"post_tag","embeddable":true,"href":"https:\/\/israelmagazine.net\/index.php?rest_route=%2Fwp%2Fv2%2Ftags&post=53460"},{"taxonomy":"sujet","embeddable":true,"href":"https:\/\/israelmagazine.net\/index.php?rest_route=%2Fwp%2Fv2%2Fsujet&post=53460"}],"curies":[{"name":"wp","href":"https:\/\/api.w.org\/{rel}","templated":true}]}}