{"id":53463,"date":"2020-02-10T13:55:18","date_gmt":"2020-02-10T12:55:18","guid":{"rendered":"https:\/\/israelmagazine.net\/?p=53463"},"modified":"2020-02-10T13:55:18","modified_gmt":"2020-02-10T12:55:18","slug":"judee-samarie-la-souverainete-en-marche","status":"publish","type":"post","link":"https:\/\/israelmagazine.net\/?p=53463","title":{"rendered":"Jud\u00e9e-Samarie, la Souverainet\u00e9 en marche"},"content":{"rendered":"<h2>De nouvelles opportunit\u00e9s d\u2019\u00e9crire une nouvelle page de l\u2019Etat d\u2019Isra\u00ebl<\/h2>\n<h3>\u00ab L\\&rsquo;histoire me sera indulgente car j\\&rsquo;ai l\\&rsquo;intention de l\\&rsquo;\u00e9crire. \u00bb \u00e9crivait Sir Winston Churchill dans sa biographie. Cette fabulette entre en r\u00e9sonance avec cette phrase du po\u00e8te Pierre Reverdy : \u00ab On vit avec beaucoup de mauvaises actions sur la conscience et quelques bonnes intentions dans le c\u0153ur. \u00bb<\/h3>\n<p>Est-il possible de juger qui veut \u00e9crire l\u2019histoire en fonction de la hauteur de ses vues, de ses intentions affich\u00e9es ? Cette exposition de faits ne vient-elle pas cacher des r\u00e9solutions plus profondes, moins avouables, plus litigieuses ? La question m\u00e9rite d\u2019\u00eatre pos\u00e9e. Cette n\u00e9cessit\u00e9 est d\u2019autant plus pr\u00e9gnante que les hommes politiques charg\u00e9s de dessiner les contours de notre avenir sont souvent plus avares d\u2019actions que de beaux sermons. S\u2019ils paraissent \u00e9loign\u00e9s des proph\u00e9ties bibliques, ils sont porteurs parfois d\u2019un message qui les d\u00e9passe : \u00ab De nouveau tu planteras des vignes sur les c\u00f4teaux de Samarie, et ce qu\\&rsquo;auront plant\u00e9 les vignerons, ils en recueilleront le fruit. \u00bb Le mercredi 8 janvier dernier, au cours d\u2019un colloque qui s\u2019est tenu au Centre Menahem Begin de J\u00e9rusalem, en pr\u00e9sence de l\u2019ambassadeur des Etats-Unis \u00e0 J\u00e9rusalem, David Friedman, le Premier ministre, Benjamin Netanyahou, a renouvel\u00e9 une promesse d\u00e9j\u00e0 faite pr\u00e9c\u00e9demment :<\/p>\n<blockquote>\n<h4>\u00ab Il n\u2019y aura plus d\u2019expulsions de Juifs de Jud\u00e9e-Samarie\u2026 Je ne permettrai le d\u00e9racinement d\u2019aucun village juif ni arabe, m\u00eame dans le cadre d\u2019un accord politique \u00bb.<\/h4>\n<\/blockquote>\n<p>Cette annonce impliquait que les \u00c9tats-Unis reconnaissaient, dans la pratique, un r\u00e8glement en Jud\u00e9e-Samarie, conform\u00e9ment au plan qui sera r\u00e9v\u00e9l\u00e9 proclamer. L\u2019ambassadeur des \u00c9tats-Unis, a d\u2019ailleurs rappel\u00e9 la position de son pays en la mati\u00e8re: \u00ab\u2026la nouvelle prise de position am\u00e9ricaine balaie l\u2019axiome erron\u00e9 selon lequel la pr\u00e9sence juive en Jud\u00e9e-Samarie serait contraire au droit international. Cette prise de position am\u00e9ricaine favorise au contraire la paix entre Isra\u00e9liens et Palestiniens \u00bb.<\/p>\n<p>Mike Pompeo en novembre dernier, annon\u00e7ait d\u00e9j\u00e0 des changements dans la politique juridique concernant le statut des localit\u00e9s juives de Jud\u00e9e-Samarie. Benjamin Netanyahou, le m\u00eame jour, pr\u00e9cisait : \u00ab Le gouvernement am\u00e9ricain a clairement rejet\u00e9 aujourd\\&rsquo;hui la fausse affirmation &#8211; selon laquelle l\u2019implantation isra\u00e9lienne en Jud\u00e9e-Samarie est fondamentalement contraire au droit international. Les \u00c9tats-Unis ont adopt\u00e9 une politique importante qui corrige l\\&rsquo;injustice historique\u2026 le diff\u00e9rend avec les Palestiniens doit \u00eatre r\u00e9solu par un processus de n\u00e9gociation, et non par des d\u00e9cisions internationales invalides. L\\&rsquo;\u00c9tat d\\&rsquo;Isra\u00ebl est pr\u00eat \u00e0 n\u00e9gocier la paix avec les Palestiniens\u2026 \u00bb<\/p>\n<p>Par Robert BEN DENOUN<\/p>\n<blockquote class=\"wp-embedded-content\" data-secret=\"g6iCcblsT6\"><p><a href=\"https:\/\/israelmagazine.co.il\/la-verite-sur-herzl\/\">La V\u00e9rit\u00e9 sur Herzl<\/a><\/p><\/blockquote>\n<p><iframe class=\"wp-embedded-content\" sandbox=\"allow-scripts\" security=\"restricted\" style=\"position: absolute; clip: rect(1px, 1px, 1px, 1px);\" title=\"\u00ab\u00a0La V\u00e9rit\u00e9 sur Herzl\u00a0\u00bb &#8212; Israel Magazine\" src=\"https:\/\/israelmagazine.co.il\/la-verite-sur-herzl\/embed\/#?secret=Od6AzhVmOY#?secret=g6iCcblsT6\" data-secret=\"g6iCcblsT6\" width=\"500\" height=\"282\" frameborder=\"0\" marginwidth=\"0\" marginheight=\"0\" scrolling=\"no\"><\/iframe><\/p>\n<p class=\\\"p1\\\"><span class=\\\"s1\\\">La suite de l\u2019article se trouve dans le prochain num\u00e9ro d\u2019Isra\u00ebl Magazine<\/span><\/p>\n<p class=\\\"p1\\\"><span class=\\\"s1\\\">S\u2019abonner au magazine par t\u00e9l\u00e9phone ou par whats app 00972 (0) 54 254 45 20 ou au 0186982727\u00a0\u00a0\u00a0<\/span><\/p>\n<p class=\\\"p2\\\"><span class=\\\"s2\\\">Par email\u00a0\u00a0<a href=\\\"mailto:Andredarmon78@gmail.com\\\"><span class=\\\"s3\\\">Andredarmon78@gmail.com<\/span><\/a><\/span><\/p>\n<p class=\\\"p1\\\"><span class=\\\"s1\\\">Ou directement sur le site\u00a0<a href=\\\"http:\/\/www.israelmagazine.co.il\/\\\"><span class=\\\"s4\\\">www.israelmagazine.co.il<\/span><\/a><\/span><\/p>\n<p class=\\\"p1\\\"><span class=\\\"s1\\\">D\u00e9couvrez un exemplaire du magazine gratuitement et cliquez sur le rebord droit du mag<\/span><\/p>\n<p class=\\\"p2\\\"><span class=\\\"s5\\\"><a href=\\\"https:\/\/fr.calameo.com\/read\/0010965002cfce9dee566?authid=IRnvqb59CRHm\\\" target=\\\"_blank\\\" rel=\\\"noopener noreferrer\\\">https:\/\/fr.calameo.com\/read\/0010965002cfce9dee566?authid=IRnvqb59CRHm<\/a><\/span><\/p>\n","protected":false},"excerpt":{"rendered":"<p>De nouvelles opportunit\u00e9s d\u2019\u00e9crire une nouvelle page de l\u2019Etat d\u2019Isra\u00ebl \u00ab L\\&rsquo;histoire me sera indulgente car j\\&rsquo;ai l\\&rsquo;intention de l\\&rsquo;\u00e9crire. \u00bb \u00e9crivait Sir Winston Churchill dans sa biographie. Cette fabulette entre en r\u00e9sonance avec cette phrase du po\u00e8te Pierre Reverdy : \u00ab On vit avec beaucoup de mauvaises actions sur la conscience et quelques bonnes &hellip;<\/p>\n<p class=\"read-more\"> <a class=\"\" href=\"https:\/\/israelmagazine.net\/?p=53463\"> <span class=\"screen-reader-text\">Jud\u00e9e-Samarie, la Souverainet\u00e9 en marche<\/span> Lire la suite \u00bb<\/a><\/p>\n","protected":false},"author":4,"featured_media":53464,"comment_status":"open","ping_status":"open","sticky":false,"template":"","format":"standard","meta":{"site-sidebar-layout":"default","site-content-layout":"default","ast-global-header-display":"","ast-main-header-display":"","ast-hfb-above-header-display":"","ast-hfb-below-header-display":"","ast-hfb-mobile-header-display":"","site-post-title":"","ast-breadcrumbs-content":"","ast-featured-img":"","footer-sml-layout":"","theme-transparent-header-meta":"","adv-header-id-meta":"","stick-header-meta":"","header-above-stick-meta":"","header-main-stick-meta":"","header-below-stick-meta":""},"categories":[84,1621,1612,1617,1767,1611,1613,1673,1191],"tags":[1863,383,1105],"sujet":[],"_links":{"self":[{"href":"https:\/\/israelmagazine.net\/index.php?rest_route=\/wp\/v2\/posts\/53463"}],"collection":[{"href":"https:\/\/israelmagazine.net\/index.php?rest_route=\/wp\/v2\/posts"}],"about":[{"href":"https:\/\/israelmagazine.net\/index.php?rest_route=\/wp\/v2\/types\/post"}],"author":[{"embeddable":true,"href":"https:\/\/israelmagazine.net\/index.php?rest_route=\/wp\/v2\/users\/4"}],"replies":[{"embeddable":true,"href":"https:\/\/israelmagazine.net\/index.php?rest_route=%2Fwp%2Fv2%2Fcomments&post=53463"}],"version-history":[{"count":0,"href":"https:\/\/israelmagazine.net\/index.php?rest_route=\/wp\/v2\/posts\/53463\/revisions"}],"wp:featuredmedia":[{"embeddable":true,"href":"https:\/\/israelmagazine.net\/index.php?rest_route=\/"}],"wp:attachment":[{"href":"https:\/\/israelmagazine.net\/index.php?rest_route=%2Fwp%2Fv2%2Fmedia&parent=53463"}],"wp:term":[{"taxonomy":"category","embeddable":true,"href":"https:\/\/israelmagazine.net\/index.php?rest_route=%2Fwp%2Fv2%2Fcategories&post=53463"},{"taxonomy":"post_tag","embeddable":true,"href":"https:\/\/israelmagazine.net\/index.php?rest_route=%2Fwp%2Fv2%2Ftags&post=53463"},{"taxonomy":"sujet","embeddable":true,"href":"https:\/\/israelmagazine.net\/index.php?rest_route=%2Fwp%2Fv2%2Fsujet&post=53463"}],"curies":[{"name":"wp","href":"https:\/\/api.w.org\/{rel}","templated":true}]}}