{"id":53470,"date":"2020-02-11T09:31:36","date_gmt":"2020-02-11T08:31:36","guid":{"rendered":"https:\/\/israelmagazine.net\/?p=53470"},"modified":"2020-02-11T09:31:36","modified_gmt":"2020-02-11T08:31:36","slug":"que-dirait-theodor-herzl-a-propos-de-lisrael","status":"publish","type":"post","link":"https:\/\/israelmagazine.net\/?p=53470","title":{"rendered":"Que dirait Theodor Herzl \u00e0 propos de l\\&rsquo;Isra\u00ebl d\\&rsquo;aujourd\\&rsquo;hui"},"content":{"rendered":"<h3>Anita Shapira, Pr d\\&rsquo;histoire juive \u00e0 l\\&rsquo;Universit\u00e9 de Tel-Aviv et au Centre Rabin pour les \u00e9tudes isra\u00e9liennes<\/h3>\n<p>Aujourd\\&rsquo;hui, Isra\u00ebl raconte l\\&rsquo;histoire de deux villes : J\u00e9rusalem et Tel-Aviv. Si Herzl visitait Tel-Aviv, il serait empli d\\&rsquo;\u00e9merveillement et de joie : une ville m\u00e9diterran\u00e9enne vibrante, avec tant de jeues, de b\u00e9b\u00e9s et de chiens, parlant une langue \u00e9trange, dont on lui a dit qu\\&rsquo;elle \u00e9tait de l\\&rsquo;h\u00e9breu. La vie culturelle pourrait correspondre \u00e0 n\\&rsquo;importe quelle grande ville d\\&rsquo;Europe. C\\&rsquo;est une ville tr\u00e8s tol\u00e9rante, d\u00e9tendue et accueillante avec de nombreux caf\u00e9s, restaurants et pubs. Ensuite, il irait visiter J\u00e9rusalem, la ville qui devait abriter le Temple, et ses impressions changeraient : bien que ce soit la Ville sainte des trois religions monoth\u00e9istes, c\\&rsquo;est une ville rassasi\u00e9e de tension et de haine, sauf d\\&rsquo;amour fraternel. Dans son roman utopique, \u00abAltneuland\u00bb, Herzl d\u00e9crit une campagne \u00e9lectorale entre les gentils, humanistes et cosmopolites, et les bigots, intol\u00e9rants et hyper-nationalistes. Dans le roman, les bons ont gagn\u00e9. J\u00e9rusalem ressemblerait aux m\u00e9chants ! L\\&rsquo;Isra\u00ebl qu\\&rsquo;il rencontrerait est une r\u00e9ussite. Mais il s\\&rsquo;inqui\u00e9terait : laquelle des deux villes aurait le dessus ? Serait-ce Tel-Aviv, une version am\u00e9lior\u00e9e d\\&rsquo;une Vienne tol\u00e9rante dont il avait r\u00eav\u00e9, ou l\\&rsquo;actuelle J\u00e9rusalem, qui ressemblait \u00e0 tout ce qui \u00e9tait mauvais \u00e0 Vienne de son temps ?<\/p>\n<h3>Allan Arkoush, Pr d\\&rsquo;\u00e9tudes juives<\/h3>\n<p>Qui plus parmi les visionnaires morts il y a plus d\\&rsquo;un si\u00e8cle aimerait autant \u00eatre ressuscit\u00e9 aujourd\\&rsquo;hui que Theodor Herzl? Il serait facile, bien s\u00fbr, d\u2019identifier les fa\u00e7ons dont l\u2019\u00c9tat d\u2019Isra\u00ebl n\u2019est pas arriv\u00e9 \u00e0 la hauteur de ce qu\u2019il avait imagin\u00e9 dans son roman utopique \u00abAltneuland\u00bb (Old New Land). Mais quand donc la r\u00e9alit\u00e9 a-t-elle jamais compl\u00e8tement rattrap\u00e9 des r\u00eaves aussi audacieux et improbables? \u00abOld-New Land\u00bb s\\&rsquo;articule autour de la transformation de David Litwak, le fils d\\&rsquo;un pauvre colporteur galicien de Vienne, en un leader fort et efficace d\\&rsquo;une soci\u00e9t\u00e9 juive mod\u00e8le en Palestine. Je pense que plus que toute autre chose, Herzl serait heureux de voir comment Isra\u00ebl a servi au fil des ans de moyen pour la r\u00e9habilitation d\\&rsquo;innombrables David Litwaks en citoyens fiers et productifs. Cela lui plairait, je crois, plus que le fait de savoir que ces m\u00eames personnes se v\u00e9rifieraient, lorsqu\\&rsquo;elles seraient contraintes, d\\&rsquo;\u00eatre des soldats exceptionnels. La soci\u00e9t\u00e9 juive que Herzl envisageait n\\&rsquo;avait, apr\u00e8s tout, aucune force arm\u00e9e. Je pense qu\\&rsquo;un Herzl ressuscit\u00e9 serait surpris et d\u00e9\u00e7u de voir que la r\u00e9alisation de son r\u00eave avait n\u00e9cessit\u00e9 la cr\u00e9ation d\\&rsquo;un \u201cEtat militaire\u201d et constern\u00e9 de voir comment le conflit arabo-isra\u00e9lien a continu\u00e9 de s\\&rsquo;aggraver, emp\u00eachant la coexistence harmonieuse des Juifs et des Arabes qu\\&rsquo;il avait pr\u00e9vus. Je voudrais cependant penser que s\\&rsquo;il revenait, il resterait optimiste quant aux perspectives de r\u00e9alisation plus compl\u00e8te de ses id\u00e9aux&#8230;<\/p>\n<p>Par Micka\u00ebl LAUSTRIAT<\/p>\n<blockquote class=\"wp-embedded-content\" data-secret=\"6Sr7HBrCgh\"><p><a href=\"https:\/\/israelmagazine.co.il\/la-verite-sur-herzl\/\">La V\u00e9rit\u00e9 sur Herzl<\/a><\/p><\/blockquote>\n<p><iframe class=\"wp-embedded-content\" sandbox=\"allow-scripts\" security=\"restricted\" style=\"position: absolute; clip: rect(1px, 1px, 1px, 1px);\" title=\"\u00ab\u00a0La V\u00e9rit\u00e9 sur Herzl\u00a0\u00bb &#8212; Israel Magazine\" src=\"https:\/\/israelmagazine.co.il\/la-verite-sur-herzl\/embed\/#?secret=YzFniqmp0T#?secret=6Sr7HBrCgh\" data-secret=\"6Sr7HBrCgh\" width=\"500\" height=\"282\" frameborder=\"0\" marginwidth=\"0\" marginheight=\"0\" scrolling=\"no\"><\/iframe><\/p>\n<p class=\\\"p1\\\"><span class=\\\"s1\\\">La suite de l\u2019article se trouve dans le prochain num\u00e9ro d\u2019Isra\u00ebl Magazine<\/span><\/p>\n<p class=\\\"p1\\\"><span class=\\\"s1\\\">S\u2019abonner au magazine par t\u00e9l\u00e9phone ou par whats app 00972 (0) 54 254 45 20 ou au 0186982727\u00a0\u00a0\u00a0<\/span><\/p>\n<p class=\\\"p2\\\"><span class=\\\"s2\\\">Par email\u00a0\u00a0<a href=\\\"mailto:Andredarmon78@gmail.com\\\"><span class=\\\"s3\\\">Andredarmon78@gmail.com<\/span><\/a><\/span><\/p>\n<p class=\\\"p1\\\"><span class=\\\"s1\\\">Ou directement sur le site\u00a0<a href=\\\"http:\/\/www.israelmagazine.co.il\/\\\"><span class=\\\"s4\\\">www.israelmagazine.co.il<\/span><\/a><\/span><\/p>\n<p class=\\\"p1\\\"><span class=\\\"s1\\\">D\u00e9couvrez un exemplaire du magazine gratuitement et cliquez sur le rebord droit du mag<\/span><\/p>\n<p class=\\\"p2\\\"><span class=\\\"s5\\\"><a href=\\\"https:\/\/fr.calameo.com\/read\/0010965002cfce9dee566?authid=IRnvqb59CRHm\\\" target=\\\"_blank\\\" rel=\\\"noopener noreferrer\\\">https:\/\/fr.calameo.com\/read\/0010965002cfce9dee566?authid=IRnvqb59CRHm<\/a><\/span><\/p>\n","protected":false},"excerpt":{"rendered":"<p>Anita Shapira, Pr d\\&rsquo;histoire juive \u00e0 l\\&rsquo;Universit\u00e9 de Tel-Aviv et au Centre Rabin pour les \u00e9tudes isra\u00e9liennes Aujourd\\&rsquo;hui, Isra\u00ebl raconte l\\&rsquo;histoire de deux villes : J\u00e9rusalem et Tel-Aviv. Si Herzl visitait Tel-Aviv, il serait empli d\\&rsquo;\u00e9merveillement et de joie : une ville m\u00e9diterran\u00e9enne vibrante, avec tant de jeues, de b\u00e9b\u00e9s et de chiens, parlant une &hellip;<\/p>\n<p class=\"read-more\"> <a class=\"\" href=\"https:\/\/israelmagazine.net\/?p=53470\"> <span class=\"screen-reader-text\">Que dirait Theodor Herzl \u00e0 propos de l\\&rsquo;Isra\u00ebl d\\&rsquo;aujourd\\&rsquo;hui<\/span> Lire la suite \u00bb<\/a><\/p>\n","protected":false},"author":4,"featured_media":53471,"comment_status":"open","ping_status":"open","sticky":false,"template":"","format":"standard","meta":{"site-sidebar-layout":"default","site-content-layout":"default","ast-global-header-display":"","ast-main-header-display":"","ast-hfb-above-header-display":"","ast-hfb-below-header-display":"","ast-hfb-mobile-header-display":"","site-post-title":"","ast-breadcrumbs-content":"","ast-featured-img":"","footer-sml-layout":"","theme-transparent-header-meta":"","adv-header-id-meta":"","stick-header-meta":"","header-above-stick-meta":"","header-main-stick-meta":"","header-below-stick-meta":""},"categories":[84,1621,1767,1613,1642,1673,1674,1623,1191,1615],"tags":[],"sujet":[],"_links":{"self":[{"href":"https:\/\/israelmagazine.net\/index.php?rest_route=\/wp\/v2\/posts\/53470"}],"collection":[{"href":"https:\/\/israelmagazine.net\/index.php?rest_route=\/wp\/v2\/posts"}],"about":[{"href":"https:\/\/israelmagazine.net\/index.php?rest_route=\/wp\/v2\/types\/post"}],"author":[{"embeddable":true,"href":"https:\/\/israelmagazine.net\/index.php?rest_route=\/wp\/v2\/users\/4"}],"replies":[{"embeddable":true,"href":"https:\/\/israelmagazine.net\/index.php?rest_route=%2Fwp%2Fv2%2Fcomments&post=53470"}],"version-history":[{"count":0,"href":"https:\/\/israelmagazine.net\/index.php?rest_route=\/wp\/v2\/posts\/53470\/revisions"}],"wp:featuredmedia":[{"embeddable":true,"href":"https:\/\/israelmagazine.net\/index.php?rest_route=\/"}],"wp:attachment":[{"href":"https:\/\/israelmagazine.net\/index.php?rest_route=%2Fwp%2Fv2%2Fmedia&parent=53470"}],"wp:term":[{"taxonomy":"category","embeddable":true,"href":"https:\/\/israelmagazine.net\/index.php?rest_route=%2Fwp%2Fv2%2Fcategories&post=53470"},{"taxonomy":"post_tag","embeddable":true,"href":"https:\/\/israelmagazine.net\/index.php?rest_route=%2Fwp%2Fv2%2Ftags&post=53470"},{"taxonomy":"sujet","embeddable":true,"href":"https:\/\/israelmagazine.net\/index.php?rest_route=%2Fwp%2Fv2%2Fsujet&post=53470"}],"curies":[{"name":"wp","href":"https:\/\/api.w.org\/{rel}","templated":true}]}}