{"id":53502,"date":"2020-02-16T09:36:45","date_gmt":"2020-02-16T08:36:45","guid":{"rendered":"https:\/\/israelmagazine.net\/?p=53502"},"modified":"2020-02-16T09:36:45","modified_gmt":"2020-02-16T08:36:45","slug":"la-penurie-de-medecins-en-israel-2","status":"publish","type":"post","link":"https:\/\/israelmagazine.net\/?p=53502","title":{"rendered":"La P\u00e9nurie de M\u00e9decins en Isra\u00ebl"},"content":{"rendered":"<h2>Quelles Solutions pour 2020 ?<\/h2>\n<h3>Le manque de m\u00e9decins est d\u00fb \u00e0 la flamb\u00e9e d\u00e9mographique, au d\u00e9part \u00e0 la retraite des m\u00e9decins immigr\u00e9s de l\u2019ancienne Union sovi\u00e9tique et \u00e0 l\u2019\u00e9migration des praticiens isra\u00e9liens \u00e0 l\u2019\u00e9tranger. Comment rem\u00e9dier \u00e0 cette p\u00e9nurie ?<\/h3>\n<p>Partout dans le monde, la carence de m\u00e9decins nuit \u00e0 la qualit\u00e9 des soins fournis \u00e0 la population en g\u00e9n\u00e9ral et \u00e0 l\u2019accessibilit\u00e9, \u00e0 l\u2019efficacit\u00e9 et \u00e0 la s\u00e9curit\u00e9 des soins. La p\u00e9nurie de m\u00e9decins g\u00e9n\u00e9ralistes et sp\u00e9cialistes est devenue un grave probl\u00e8me social et humain mettant en cause l\\&rsquo;avenir de la sant\u00e9 publique. Inversement, un nombre suffisant de praticiens entra\u00eene de meilleurs r\u00e9sultats pour la sant\u00e9 donc une population en mieux portante. Mais en Isra\u00ebl, plus que dans aucun autre pays de l\\&rsquo;OCDE, plusieurs facteurs posent de s\u00e9rieux d\u00e9fis aux m\u00e9decins et alourdissent leur fardeau : travail en \u00e9quipe interdisciplinaire, complexification des cas \u00e0 traiter, probl\u00e8mes \u00e9conomiques, juridiques et d\\&rsquo;opinion publique \u00e0 n\u00e9gocier, d\u00e9faut d\u2019infrastructures m\u00e9dicales et roulement rapide de patients par lit. Ainsi depuis une dizaine d\u2019ann\u00e9es d\u00e9j\u00e0, l\u2019Etat h\u00e9breu se voit confront\u00e9 \u00e0 une grave insuffisance de praticiens dont les manques se font davantage sentir en p\u00e9riph\u00e9rie.<\/p>\n<h3>Un constat critique<\/h3>\n<p>Pourquoi ? D\u2019abord le faible nombre de m\u00e9decins est d\u00fb \u00e0 la croissance d\u00e9mographique explosive du pays de 40% entre 2000 et 2017. En 2018, il y avait 3,1 m\u00e9decins pour 1 000 habitants, soit moins que la moyenne de 3,6 dans les pays de l\\&rsquo;OCDE. En effet, <strong>Isra\u00ebl compte 6,8 dipl\u00f4m\u00e9s en m\u00e9decine pour 1 000 habitants contre 12,1 en moyenne dans l\\&rsquo;OCDE<\/strong>, pour un taux d\\&rsquo;occupation des h\u00f4pitaux de 93,8%, le deuxi\u00e8me plus \u00e9lev\u00e9 des pays d\u00e9velopp\u00e9s et largement sup\u00e9rieur \u00e0 la moyenne de 75,5%.<\/p>\n<p>Ensuite l\u2019Etat h\u00e9breu est le seul de l\\&rsquo;OCDE \u00e0 ne pas avoir vu son nombre de praticiens augmenter depuis 2000 alors que nombre d\u2019entre eux atteignent l\\&rsquo;\u00e2ge de la retraite. Environ 50% des m\u00e9decins isra\u00e9liens ont plus de 55 ans (contre 34% dans l\u2019OCDE). Selon les donn\u00e9es du minist\u00e8re de la Sant\u00e9 2019, sur quelque 18 000 sp\u00e9cialistes enregistr\u00e9s, 24% d\\&rsquo;entre eux ont plus de 65 ans. Ainsi dans certains domaines, les jeunes docteurs ne remplacent pas les retrait\u00e9s \u00e0 un taux compensatoire. En outre, les femmes &#8211; qui forment pr\u00e8s de la moiti\u00e9 du personnel m\u00e9dical &#8211; ont tendance \u00e0 prendre leur retraite plus t\u00f4t que les hommes et travaillent moins d\\&rsquo;heures au cours de leur carri\u00e8re.<\/p>\n<p>Enfin, le nombre de m\u00e9decins immigrants en Isra\u00ebl a diminu\u00e9 au cours de la derni\u00e8re d\u00e9cennie. Pr\u00e8s de 200 postes en psychiatrie sont vacants au sein de l\u2019h\u00f4pital public, des cliniques et autres centres de soin, selon les estimations. Sans compter qu\u2019environ 10% des m\u00e9decins agr\u00e9\u00e9s, notamment les anesth\u00e9siologistes (th\u00e9rapie qui se consacre aux soins globaux du patient qui subit une chirurgie et au soulagement de la douleur), une sp\u00e9cialit\u00e9 rare ici, vivent \u00e0 l\\&rsquo;\u00e9tranger depuis au moins un an.<\/p>\n<p>Par No\u00e9mie Grynberg<\/p>\n<blockquote class=\"wp-embedded-content\" data-secret=\"2SYP8Vu9nc\"><p><a href=\"https:\/\/israelmagazine.co.il\/judee-samarie-la-souverainete-en-marche\/\">Jud\u00e9e-Samarie, la Souverainet\u00e9 en marche<\/a><\/p><\/blockquote>\n<p><iframe class=\"wp-embedded-content\" sandbox=\"allow-scripts\" security=\"restricted\" style=\"position: absolute; clip: rect(1px, 1px, 1px, 1px);\" title=\"\u00ab\u00a0Jud\u00e9e-Samarie, la Souverainet\u00e9 en marche\u00a0\u00bb &#8212; Israel Magazine\" src=\"https:\/\/israelmagazine.co.il\/judee-samarie-la-souverainete-en-marche\/embed\/#?secret=xzL7YyKyxX#?secret=2SYP8Vu9nc\" data-secret=\"2SYP8Vu9nc\" width=\"500\" height=\"282\" frameborder=\"0\" marginwidth=\"0\" marginheight=\"0\" scrolling=\"no\"><\/iframe><\/p>\n<p class=\\\"p1\\\"><span class=\\\"s1\\\">La suite de l\u2019article se trouve dans le prochain num\u00e9ro d\u2019Isra\u00ebl Magazine<\/span><\/p>\n<p class=\\\"p1\\\"><span class=\\\"s1\\\">S\u2019abonner au magazine par t\u00e9l\u00e9phone ou par whats app 00972 (0) 54 254 45 20 ou au 0186982727\u00a0\u00a0\u00a0<\/span><\/p>\n<p class=\\\"p2\\\"><span class=\\\"s2\\\">Par email\u00a0\u00a0<a href=\\\"mailto:Andredarmon78@gmail.com\\\"><span class=\\\"s3\\\">Andredarmon78@gmail.com<\/span><\/a><\/span><\/p>\n<p class=\\\"p1\\\"><span class=\\\"s1\\\">Ou directement sur le site\u00a0<a href=\\\"http:\/\/www.israelmagazine.co.il\/\\\"><span class=\\\"s4\\\">www.israelmagazine.co.il<\/span><\/a><\/span><\/p>\n<p class=\\\"p1\\\"><span class=\\\"s1\\\">D\u00e9couvrez un exemplaire du magazine gratuitement et cliquez sur le rebord droit du mag<\/span><\/p>\n<p class=\\\"p2\\\"><span class=\\\"s5\\\"><a href=\\\"https:\/\/fr.calameo.com\/read\/0010965002cfce9dee566?authid=IRnvqb59CRHm\\\" target=\\\"_blank\\\" rel=\\\"noopener noreferrer\\\">https:\/\/fr.calameo.com\/read\/0010965002cfce9dee566?authid=IRnvqb59CRHm<\/a><\/span><\/p>\n","protected":false},"excerpt":{"rendered":"<p>Quelles Solutions pour 2020 ? Le manque de m\u00e9decins est d\u00fb \u00e0 la flamb\u00e9e d\u00e9mographique, au d\u00e9part \u00e0 la retraite des m\u00e9decins immigr\u00e9s de l\u2019ancienne Union sovi\u00e9tique et \u00e0 l\u2019\u00e9migration des praticiens isra\u00e9liens \u00e0 l\u2019\u00e9tranger. Comment rem\u00e9dier \u00e0 cette p\u00e9nurie ? Partout dans le monde, la carence de m\u00e9decins nuit \u00e0 la qualit\u00e9 des soins &hellip;<\/p>\n<p class=\"read-more\"> <a class=\"\" href=\"https:\/\/israelmagazine.net\/?p=53502\"> <span class=\"screen-reader-text\">La P\u00e9nurie de M\u00e9decins en Isra\u00ebl<\/span> Lire la suite \u00bb<\/a><\/p>\n","protected":false},"author":4,"featured_media":53504,"comment_status":"open","ping_status":"open","sticky":false,"template":"","format":"standard","meta":{"site-sidebar-layout":"default","site-content-layout":"default","ast-global-header-display":"","ast-main-header-display":"","ast-hfb-above-header-display":"","ast-hfb-below-header-display":"","ast-hfb-mobile-header-display":"","site-post-title":"","ast-breadcrumbs-content":"","ast-featured-img":"","footer-sml-layout":"","theme-transparent-header-meta":"","adv-header-id-meta":"","stick-header-meta":"","header-above-stick-meta":"","header-main-stick-meta":"","header-below-stick-meta":""},"categories":[84,1621,1767,1613,1618],"tags":[1926,1927,1928,1929,1930,1931],"sujet":[],"_links":{"self":[{"href":"https:\/\/israelmagazine.net\/index.php?rest_route=\/wp\/v2\/posts\/53502"}],"collection":[{"href":"https:\/\/israelmagazine.net\/index.php?rest_route=\/wp\/v2\/posts"}],"about":[{"href":"https:\/\/israelmagazine.net\/index.php?rest_route=\/wp\/v2\/types\/post"}],"author":[{"embeddable":true,"href":"https:\/\/israelmagazine.net\/index.php?rest_route=\/wp\/v2\/users\/4"}],"replies":[{"embeddable":true,"href":"https:\/\/israelmagazine.net\/index.php?rest_route=%2Fwp%2Fv2%2Fcomments&post=53502"}],"version-history":[{"count":0,"href":"https:\/\/israelmagazine.net\/index.php?rest_route=\/wp\/v2\/posts\/53502\/revisions"}],"wp:featuredmedia":[{"embeddable":true,"href":"https:\/\/israelmagazine.net\/index.php?rest_route=\/"}],"wp:attachment":[{"href":"https:\/\/israelmagazine.net\/index.php?rest_route=%2Fwp%2Fv2%2Fmedia&parent=53502"}],"wp:term":[{"taxonomy":"category","embeddable":true,"href":"https:\/\/israelmagazine.net\/index.php?rest_route=%2Fwp%2Fv2%2Fcategories&post=53502"},{"taxonomy":"post_tag","embeddable":true,"href":"https:\/\/israelmagazine.net\/index.php?rest_route=%2Fwp%2Fv2%2Ftags&post=53502"},{"taxonomy":"sujet","embeddable":true,"href":"https:\/\/israelmagazine.net\/index.php?rest_route=%2Fwp%2Fv2%2Fsujet&post=53502"}],"curies":[{"name":"wp","href":"https:\/\/api.w.org\/{rel}","templated":true}]}}