{"id":53505,"date":"2020-02-16T09:46:41","date_gmt":"2020-02-16T08:46:41","guid":{"rendered":"https:\/\/israelmagazine.net\/?p=53505"},"modified":"2020-02-16T09:46:41","modified_gmt":"2020-02-16T08:46:41","slug":"leurope-la-guerre-contre-israel","status":"publish","type":"post","link":"https:\/\/israelmagazine.net\/?p=53505","title":{"rendered":"L\u2019europe : la guerre contre isra\u00ebl"},"content":{"rendered":"<h3>Aboutissement des d\u00e9marches forcen\u00e9es de lobbying des ONG et groupes pro-palestiniens initi\u00e9es depuis des ann\u00e9es aupr\u00e8s de la Cour p\u00e9nale de la Haye acquise d\\&rsquo;avance aux arguments \u00e9cul\u00e9s de tous les tiers-mondistes de la Terre, les d\u00e9boires d\\&rsquo;Isra\u00ebl devant cette instance \u2013 pourtant incomp\u00e9tente en la mati\u00e8re &#8211; ne font que commencer. Une d\u00e9marche partisane et grossi\u00e8rement anti-isra\u00e9lienne qui soul\u00e8ve dans le pays une vague d\\&rsquo;acerbes critiques, mais qui devrait surtout d\u00e9boucher sur une contre-attaque \u00e9nergique et bien structur\u00e9e de la part de l\\&rsquo;Etat h\u00e9breu.<\/h3>\n<p>Adoptant les recommandations finales de sa Procureure g\u00e9n\u00e9rale, Fatou Bensouda, ex-ministre de la Justice de Gambie, la Cour internationale de Justice p\u00e9nale de la Haye (CIJP) a accept\u00e9 le 19 d\u00e9cembre dernier une requ\u00eate de l\\&rsquo;Autorit\u00e9 palestinienne (AP) demandant l\\&rsquo;ouverture d\\&rsquo;une enqu\u00eate approfondie pour \\\u00a0\u00bbcrimes de guerre\\\u00a0\u00bb contre l\\&rsquo;Etat d\\&rsquo;Isra\u00ebl dans trois dossiers : la conduite de Tsahal durant l\\&rsquo;\u00e9t\u00e9 2014 pendant son Op\u00e9ration Bordure protectrice contre le Hamas de Gaza, ses r\u00e9pliques dites \\\u00a0\u00bbdisproportionn\u00e9es\\\u00a0\u00bb contre les Marches du Retour organis\u00e9es depuis mars 2018 chaque vendredi par le Hamas sur la fronti\u00e8re de Gaza, et aussi contre l\\&rsquo;ensemble des activit\u00e9s isra\u00e9liennes de d\u00e9veloppement et de construction en Jud\u00e9e-Samarie et dans la partie-est de J\u00e9rusalem.<\/p>\n<h3>En droit strict, la CIJP n\\&rsquo;est m\u00eame pas comp\u00e9tente pour se prononcer sur ces dossiers !<\/h3>\n<p>Le tout en d\u00e9cidant &#8211; pour faire bonne mesure &#8211; d\\&rsquo;enqu\u00eater aussi sur les tirs intentionnels de roquettes du Hamas contre les civils isra\u00e9liens et son traitement des civils palestiniens comme des \\\u00a0\u00bbboucliers humains\\\u00a0\u00bb : une pseudo-sym\u00e9trie visant \u00e0 dissimuler l\\&rsquo;aspect partial de cette initiative anti-isra\u00e9lienne en voulant la cacher derri\u00e8re \\\u00a0\u00bbla feuille de vigne\\\u00a0\u00bb d\\&rsquo;une scandaleuse \u00e9quivalence morale entre Isra\u00ebl et le Hamas. \\\u00a0\u00bbC\\&rsquo;est un \\&rsquo;jour noir\\&rsquo; pour la v\u00e9rit\u00e9 et la justice !\\\u00a0\u00bb, a r\u00e9agi le Premier ministre Netanyahou en vilipendant \\\u00a0\u00bbcette d\u00e9cision scandaleuse d\u00e9pourvue de toute base factuelle et juridique\\\u00a0\u00bb. Et d\\&rsquo;ajouter : \\\u00a0\u00bbCette Cour n\\&rsquo;a strictement aucune comp\u00e9tence pour \u00eatre saisie par une organisation comme l\\&rsquo;Autorit\u00e9 palestinienne, une entit\u00e9 qui n\\&rsquo;a pas le statut d\\&rsquo;Etat souverain car il n\\&rsquo;y a jamais exist\u00e9 dans l\\&rsquo;Histoire un quelconque \\&rsquo;Etat palestinien\\&rsquo;. En fait, la Procureure g\u00e9n\u00e9rale de ce tribunal international, Fadou Bensouda, a d\u00e9cid\u00e9 de faire de sa Cour un instrument politique de d\u00e9l\u00e9gitimation contre l\\&rsquo;Etat d\\&rsquo;Isra\u00ebl ! Elle a aussi superbement ignor\u00e9 l\\&rsquo;Histoire et la v\u00e9rit\u00e9 quand elle a pr\u00e9tendu que les activit\u00e9s des Juifs vivant dans leur patrie ancestrale, la Terre de la Bible, constituaient des \\&rsquo;crimes de guerre\\&rsquo;. (\u2026) Nous ne resterons pas silencieux et nous ne courberons pas la t\u00eate devant cet outrage ! Nous continuerons de nous d\u00e9fendre haut et fort face \u00e0 cette parodie de justice !\\\u00a0\u00bb.<\/p>\n<p>Par RICHARD DARMON<\/p>\n<blockquote class=\"wp-embedded-content\" data-secret=\"7xUf6JkvUL\"><p><a href=\"https:\/\/israelmagazine.co.il\/judee-samarie-la-souverainete-en-marche\/\">Jud\u00e9e-Samarie, la Souverainet\u00e9 en marche<\/a><\/p><\/blockquote>\n<p><iframe class=\"wp-embedded-content\" sandbox=\"allow-scripts\" security=\"restricted\" style=\"position: absolute; clip: rect(1px, 1px, 1px, 1px);\" title=\"\u00ab\u00a0Jud\u00e9e-Samarie, la Souverainet\u00e9 en marche\u00a0\u00bb &#8212; Israel Magazine\" src=\"https:\/\/israelmagazine.co.il\/judee-samarie-la-souverainete-en-marche\/embed\/#?secret=GtYe3GQcdm#?secret=7xUf6JkvUL\" data-secret=\"7xUf6JkvUL\" width=\"500\" height=\"282\" frameborder=\"0\" marginwidth=\"0\" marginheight=\"0\" scrolling=\"no\"><\/iframe><\/p>\n<p class=\\\"p1\\\"><span class=\\\"s1\\\">La suite de l\u2019article se trouve dans le prochain num\u00e9ro d\u2019Isra\u00ebl Magazine<\/span><\/p>\n<p class=\\\"p1\\\"><span class=\\\"s1\\\">S\u2019abonner au magazine par t\u00e9l\u00e9phone ou par whats app 00972 (0) 54 254 45 20 ou au 0186982727\u00a0\u00a0\u00a0<\/span><\/p>\n<p class=\\\"p2\\\"><span class=\\\"s2\\\">Par email\u00a0\u00a0<a href=\\\"mailto:Andredarmon78@gmail.com\\\"><span class=\\\"s3\\\">Andredarmon78@gmail.com<\/span><\/a><\/span><\/p>\n<p class=\\\"p1\\\"><span class=\\\"s1\\\">Ou directement sur le site\u00a0<a href=\\\"http:\/\/www.israelmagazine.co.il\/\\\"><span class=\\\"s4\\\">www.israelmagazine.co.il<\/span><\/a><\/span><\/p>\n<p class=\\\"p1\\\"><span class=\\\"s1\\\">D\u00e9couvrez un exemplaire du magazine gratuitement et cliquez sur le rebord droit du mag<\/span><\/p>\n<p class=\\\"p2\\\"><span class=\\\"s5\\\"><a href=\\\"https:\/\/fr.calameo.com\/read\/0010965002cfce9dee566?authid=IRnvqb59CRHm\\\" target=\\\"_blank\\\" rel=\\\"noopener noreferrer\\\">https:\/\/fr.calameo.com\/read\/0010965002cfce9dee566?authid=IRnvqb59CRHm<\/a><\/span><\/p>\n","protected":false},"excerpt":{"rendered":"<p>Aboutissement des d\u00e9marches forcen\u00e9es de lobbying des ONG et groupes pro-palestiniens initi\u00e9es depuis des ann\u00e9es aupr\u00e8s de la Cour p\u00e9nale de la Haye acquise d\\&rsquo;avance aux arguments \u00e9cul\u00e9s de tous les tiers-mondistes de la Terre, les d\u00e9boires d\\&rsquo;Isra\u00ebl devant cette instance \u2013 pourtant incomp\u00e9tente en la mati\u00e8re &#8211; ne font que commencer. Une d\u00e9marche partisane &hellip;<\/p>\n<p class=\"read-more\"> <a class=\"\" href=\"https:\/\/israelmagazine.net\/?p=53505\"> <span class=\"screen-reader-text\">L\u2019europe : la guerre contre isra\u00ebl<\/span> Lire la suite \u00bb<\/a><\/p>\n","protected":false},"author":4,"featured_media":53506,"comment_status":"open","ping_status":"open","sticky":false,"template":"","format":"standard","meta":{"site-sidebar-layout":"default","site-content-layout":"default","ast-global-header-display":"","ast-main-header-display":"","ast-hfb-above-header-display":"","ast-hfb-below-header-display":"","ast-hfb-mobile-header-display":"","site-post-title":"","ast-breadcrumbs-content":"","ast-featured-img":"","footer-sml-layout":"","theme-transparent-header-meta":"","adv-header-id-meta":"","stick-header-meta":"","header-above-stick-meta":"","header-main-stick-meta":"","header-below-stick-meta":""},"categories":[84,1621,1767,1613,1623,1191],"tags":[1932,1933,1934,1935,1936,1937,1938],"sujet":[],"_links":{"self":[{"href":"https:\/\/israelmagazine.net\/index.php?rest_route=\/wp\/v2\/posts\/53505"}],"collection":[{"href":"https:\/\/israelmagazine.net\/index.php?rest_route=\/wp\/v2\/posts"}],"about":[{"href":"https:\/\/israelmagazine.net\/index.php?rest_route=\/wp\/v2\/types\/post"}],"author":[{"embeddable":true,"href":"https:\/\/israelmagazine.net\/index.php?rest_route=\/wp\/v2\/users\/4"}],"replies":[{"embeddable":true,"href":"https:\/\/israelmagazine.net\/index.php?rest_route=%2Fwp%2Fv2%2Fcomments&post=53505"}],"version-history":[{"count":0,"href":"https:\/\/israelmagazine.net\/index.php?rest_route=\/wp\/v2\/posts\/53505\/revisions"}],"wp:featuredmedia":[{"embeddable":true,"href":"https:\/\/israelmagazine.net\/index.php?rest_route=\/"}],"wp:attachment":[{"href":"https:\/\/israelmagazine.net\/index.php?rest_route=%2Fwp%2Fv2%2Fmedia&parent=53505"}],"wp:term":[{"taxonomy":"category","embeddable":true,"href":"https:\/\/israelmagazine.net\/index.php?rest_route=%2Fwp%2Fv2%2Fcategories&post=53505"},{"taxonomy":"post_tag","embeddable":true,"href":"https:\/\/israelmagazine.net\/index.php?rest_route=%2Fwp%2Fv2%2Ftags&post=53505"},{"taxonomy":"sujet","embeddable":true,"href":"https:\/\/israelmagazine.net\/index.php?rest_route=%2Fwp%2Fv2%2Fsujet&post=53505"}],"curies":[{"name":"wp","href":"https:\/\/api.w.org\/{rel}","templated":true}]}}