{"id":53514,"date":"2020-02-17T13:30:21","date_gmt":"2020-02-17T12:30:21","guid":{"rendered":"https:\/\/israelmagazine.net\/?p=53514"},"modified":"2020-02-17T13:30:21","modified_gmt":"2020-02-17T12:30:21","slug":"quest-ce-que-lalienation-parentale","status":"publish","type":"post","link":"https:\/\/israelmagazine.net\/?p=53514","title":{"rendered":"Qu\\&rsquo;est-ce que l\\&rsquo;ali\u00e9nation parentale ?"},"content":{"rendered":"<h2>Comment les Tribunaux des affaires familiales r\u00e9agissent-ils \u00e0 ce ph\u00e9nom\u00e8ne<\/h2>\n<p>Dans un jugement exceptionnel, Erez Shani, juge du Tribunal des affaires familiales de Tel-Aviv, a ordonn\u00e9 de retirer la garde de deux enfants de la m\u00e8re pour la confier au p\u00e8re, en raison d\u2019ali\u00e9nation parentale prolong\u00e9e. Il s\\&rsquo;agit de parents divorc\u00e9s de deux enfants de neuf ans, sous la garde de leur m\u00e8re, coup\u00e9s de leur p\u00e8re, lorsque, depuis d\u00e9j\u00e0 plusieurs mois, le juge avait ordonn\u00e9 la nomination d\\&rsquo;une th\u00e9rapeute d\u2019ali\u00e9nation parentale. \u00c0 l\u2019\u00e9poque, le contact entre le p\u00e8re et ses deux enfants avait \u00e9t\u00e9 rompu pendant deux ans. Le juge \u00e9crivit dans sa d\u00e9cision qu\u2019il fallait reconna\u00eetre les mineurs comme en \u00e9tat de besoin et les soustraire de la garde de la m\u00e8re. Le juge a statu\u00e9 qu\\&rsquo;une condition fondamentale pour un parent pour avoir la garde est sa capacit\u00e9 \u00e0 maintenir le contact entre l\\&rsquo;autre parent et les enfants, sauf dans le cas o\u00f9 il existe une justification claire de l\\&rsquo;inexistence de la relation.<\/p>\n<blockquote>\n<h3>Une augmentation des cas d\\&rsquo;ali\u00e9nation parentale due \u00e0 l\\&rsquo;impact sur le montant de la pension alimentaire<\/h3>\n<\/blockquote>\n<p>La Cour a jug\u00e9 que si une relation raisonnable n\\&rsquo;\u00e9tait pas \u00e9tablie dans un d\u00e9lai raisonnable, un changement radical \u00e9tait n\u00e9cessaire. Il a donc d\u00e9clar\u00e9 \u00ab qu\u2019il n\\&rsquo;y a pas d\u2019autre solution que de mettre fin \u00e0 la garde sur-le-champ des mineurs par la m\u00e8re, m\u00eame temporairement. \u00bb Le juge a ordonn\u00e9 aux services sociaux de veiller que la relation qui existera entre les mineurs et leur m\u00e8re n\\&#8217;emp\u00eacherait pas le renouvellement de la relation entre les mineurs et le p\u00e8re, et de continuer \u00e0 s\u2019occuper de renouer le contact avec le p\u00e8re, ainsi que d\\&rsquo;informer le Tribunal s\u2019il \u00e9tait possible que le p\u00e8re re\u00e7oive la garde des mineurs. Le juge a, de plus, ordonn\u00e9 d\u2019\u00e9tablir une interdiction de sortie du territoire contre les enfants, apparemment afin d\\&rsquo;\u00e9viter une situation dans laquelle la m\u00e8re tenterait de s\\&rsquo;\u00e9chapper avec eux. Le Syndrome de l\\&rsquo;Ali\u00e9nation Parentale est un ph\u00e9nom\u00e8ne dans lequel un enfant est \u00e9loign\u00e9 de l\\&rsquo;un de ses parents, sans justification, dans le contexte d\\&rsquo;un divorce. L\\&rsquo;ali\u00e9nation se manifeste diversement ce qui affecte \u00e0 la fois le parent de qui l\\&rsquo;enfant est s\u00e9par\u00e9 et le parent \u00ab bien-aim\u00e9 \u00bb : l\\&rsquo;enfant \u00e9loign\u00e9 d\u00e9clarera intens\u00e9ment ses craintes ou son aversion pour le parent qu\\&rsquo;il aimait auparavant et fera preuve d\\&rsquo;une loyaut\u00e9 absolue envers le deuxi\u00e8me parent \u00ab parfait \u00bb.<\/p>\n<p>Par Liane Kehat<\/p>\n<blockquote class=\"wp-embedded-content\" data-secret=\"6PDaWCNfzd\"><p><a href=\"https:\/\/israelmagazine.co.il\/que-dirait-theodor-herzl-a-propos-de-lisrael\/\">Que dirait Theodor Herzl \u00e0 propos de l&rsquo;Isra\u00ebl d&rsquo;aujourd&rsquo;hui<\/a><\/p><\/blockquote>\n<p><iframe class=\"wp-embedded-content\" sandbox=\"allow-scripts\" security=\"restricted\" style=\"position: absolute; clip: rect(1px, 1px, 1px, 1px);\" title=\"\u00ab\u00a0Que dirait Theodor Herzl \u00e0 propos de l&rsquo;Isra\u00ebl d&rsquo;aujourd&rsquo;hui\u00a0\u00bb &#8212; Israel Magazine\" src=\"https:\/\/israelmagazine.co.il\/que-dirait-theodor-herzl-a-propos-de-lisrael\/embed\/#?secret=NEw8kBnC1S#?secret=6PDaWCNfzd\" data-secret=\"6PDaWCNfzd\" width=\"500\" height=\"282\" frameborder=\"0\" marginwidth=\"0\" marginheight=\"0\" scrolling=\"no\"><\/iframe><\/p>\n<p class=\\\"p1\\\"><span class=\\\"s1\\\">La suite de l\u2019article se trouve dans le prochain num\u00e9ro d\u2019Isra\u00ebl Magazine<\/span><\/p>\n<p class=\\\"p1\\\"><span class=\\\"s1\\\">S\u2019abonner au magazine par t\u00e9l\u00e9phone ou par whats app 00972 (0) 54 254 45 20 ou au 0186982727\u00a0\u00a0\u00a0<\/span><\/p>\n<p class=\\\"p2\\\"><span class=\\\"s2\\\">Par email\u00a0\u00a0<a href=\\\"mailto:Andredarmon78@gmail.com\\\"><span class=\\\"s3\\\">Andredarmon78@gmail.com<\/span><\/a><\/span><\/p>\n<p class=\\\"p1\\\"><span class=\\\"s1\\\">Ou directement sur le site\u00a0<a href=\\\"http:\/\/www.israelmagazine.co.il\/\\\"><span class=\\\"s4\\\">www.israelmagazine.co.il<\/span><\/a><\/span><\/p>\n<p class=\\\"p1\\\"><span class=\\\"s1\\\">D\u00e9couvrez un exemplaire du magazine gratuitement et cliquez sur le rebord droit du mag<\/span><\/p>\n<p class=\\\"p2\\\"><span class=\\\"s5\\\"><a href=\\\"https:\/\/fr.calameo.com\/read\/0010965002cfce9dee566?authid=IRnvqb59CRHm\\\" target=\\\"_blank\\\" rel=\\\"noopener noreferrer\\\">https:\/\/fr.calameo.com\/read\/0010965002cfce9dee566?authid=IRnvqb59CRHm<\/a><\/span><\/p>\n","protected":false},"excerpt":{"rendered":"<p>Comment les Tribunaux des affaires familiales r\u00e9agissent-ils \u00e0 ce ph\u00e9nom\u00e8ne Dans un jugement exceptionnel, Erez Shani, juge du Tribunal des affaires familiales de Tel-Aviv, a ordonn\u00e9 de retirer la garde de deux enfants de la m\u00e8re pour la confier au p\u00e8re, en raison d\u2019ali\u00e9nation parentale prolong\u00e9e. Il s\\&rsquo;agit de parents divorc\u00e9s de deux enfants de &hellip;<\/p>\n<p class=\"read-more\"> <a class=\"\" href=\"https:\/\/israelmagazine.net\/?p=53514\"> <span class=\"screen-reader-text\">Qu\\&rsquo;est-ce que l\\&rsquo;ali\u00e9nation parentale ?<\/span> Lire la suite \u00bb<\/a><\/p>\n","protected":false},"author":4,"featured_media":53516,"comment_status":"open","ping_status":"open","sticky":false,"template":"","format":"standard","meta":{"site-sidebar-layout":"default","site-content-layout":"default","ast-global-header-display":"","ast-main-header-display":"","ast-hfb-above-header-display":"","ast-hfb-below-header-display":"","ast-hfb-mobile-header-display":"","site-post-title":"","ast-breadcrumbs-content":"","ast-featured-img":"","footer-sml-layout":"","theme-transparent-header-meta":"","adv-header-id-meta":"","stick-header-meta":"","header-above-stick-meta":"","header-main-stick-meta":"","header-below-stick-meta":""},"categories":[1687,84,1621,1767,1613,1618,1615],"tags":[1950,1951,1952,1953,1954,1955,1956,1957,1958],"sujet":[],"_links":{"self":[{"href":"https:\/\/israelmagazine.net\/index.php?rest_route=\/wp\/v2\/posts\/53514"}],"collection":[{"href":"https:\/\/israelmagazine.net\/index.php?rest_route=\/wp\/v2\/posts"}],"about":[{"href":"https:\/\/israelmagazine.net\/index.php?rest_route=\/wp\/v2\/types\/post"}],"author":[{"embeddable":true,"href":"https:\/\/israelmagazine.net\/index.php?rest_route=\/wp\/v2\/users\/4"}],"replies":[{"embeddable":true,"href":"https:\/\/israelmagazine.net\/index.php?rest_route=%2Fwp%2Fv2%2Fcomments&post=53514"}],"version-history":[{"count":0,"href":"https:\/\/israelmagazine.net\/index.php?rest_route=\/wp\/v2\/posts\/53514\/revisions"}],"wp:featuredmedia":[{"embeddable":true,"href":"https:\/\/israelmagazine.net\/index.php?rest_route=\/"}],"wp:attachment":[{"href":"https:\/\/israelmagazine.net\/index.php?rest_route=%2Fwp%2Fv2%2Fmedia&parent=53514"}],"wp:term":[{"taxonomy":"category","embeddable":true,"href":"https:\/\/israelmagazine.net\/index.php?rest_route=%2Fwp%2Fv2%2Fcategories&post=53514"},{"taxonomy":"post_tag","embeddable":true,"href":"https:\/\/israelmagazine.net\/index.php?rest_route=%2Fwp%2Fv2%2Ftags&post=53514"},{"taxonomy":"sujet","embeddable":true,"href":"https:\/\/israelmagazine.net\/index.php?rest_route=%2Fwp%2Fv2%2Fsujet&post=53514"}],"curies":[{"name":"wp","href":"https:\/\/api.w.org\/{rel}","templated":true}]}}