{"id":53521,"date":"2020-02-18T13:32:31","date_gmt":"2020-02-18T12:32:31","guid":{"rendered":"https:\/\/israelmagazine.net\/?p=53521"},"modified":"2020-02-18T13:32:31","modified_gmt":"2020-02-18T12:32:31","slug":"ascension-et-chute-du-dirigeant-politique","status":"publish","type":"post","link":"https:\/\/israelmagazine.net\/?p=53521","title":{"rendered":"Ascension et chute du dirigeant politique"},"content":{"rendered":"<h3>Le Premier ministre de l\\&rsquo;Etat d\\&rsquo;Isra\u00ebl Benyamin Netanyahou, mis officiellement en examen par le Procureur g\u00e9n\u00e9ral Avicha\u00ef Mandelblit pour corruption, fraude et abus de confiance, sera-t-il ou non accus\u00e9 par les juges ? Les juges retiendront-ils les charges port\u00e9es \u00e0 l\\&rsquo;encontre du tr\u00e8s charismatique chef de gouvernement ? Nul ne peut pr\u00e9voir l\\&rsquo;issue d\\&rsquo;un tel imbroglio judiciaire qui n\\&rsquo;est point sans susciter de nombreuses questions, non point sur la nature du pouvoir, mais plut\u00f4t sur la nature du dirigeant.<\/h3>\n<p>La tradition d\\&rsquo;Isra\u00ebl s\\&rsquo;oppose farouchement \u00e0 l\\&rsquo;instrumentalisation du pouvoir \u00e0 des fins personnelles, un pouvoir o\u00f9 l\\&rsquo;int\u00e9r\u00eat du dirigeant l\\&#8217;emporterait au d\u00e9triment de celui de l\\&rsquo;ensemble de la nation. Mo\u00efse et Samuel, deux figures embl\u00e9matiques du TaNaKh, doivent leur r\u00e9putation \u00e0 leur int\u00e9grit\u00e9 morale, entre autres. Samuel marchant sur les traces de Mo\u00efse clamant sa probit\u00e9 (Nombres 16 : 15), d\u00e9clare au peuple : \u00ab Eh bien ! Accusez-moi \u00e0 la face de l\\&rsquo;Eternel et \u00e0 la face de son \u00e9lu, s\\&rsquo;il est quelqu\\&rsquo;un dont j\\&rsquo;aie pris le b\u0153uf ou l\\&rsquo;\u00e2ne, quelqu\\&rsquo;un que j\\&rsquo;aie l\u00e9s\u00e9 ou pressur\u00e9, quelqu\\&rsquo;un qui m\\&rsquo;ait d\u00e9termin\u00e9, par un pr\u00e9sent, \u00e0 fermer les yeux sur sa faute\u2026 Je suis pr\u00eat \u00e0 vous le rendre. \u00bb (I Samuel 12 : 3).<\/p>\n<blockquote>\n<h3>Mieux vaut s\u2019abriter en l\u2019Eternel que de mettre sa confiance dans les grands<\/h3>\n<\/blockquote>\n<p>De nombreuses sources bibliques t\u00e9moignent de la menace du pouvoir d\u00e9tenu par un dirigeant fort et charismatique. Quel dirigeant pourrait-il d\u00e9passer la figure embl\u00e9matique de Mo\u00efse dont il est dit, par ailleurs, qu\\&rsquo;il est \u00ab le plus humble de tous les hommes de la terre \u00bb (Nombres 12 : 3) ? Or, que remarquons-nous \u00e0 son propos ? Alors que l\\&rsquo;ensemble du livre de l\\&rsquo;Exode consacre Mo\u00efse comme le plus grand des proph\u00e8tes, le lib\u00e9rateur des H\u00e9breux d\\&rsquo;Egypte, les livres de Josu\u00e9, de N\u00e9h\u00e9mie et des Psaumes semblent l\\&rsquo;ignorer. Au contraire, se rem\u00e9morant la Sortie d\\&rsquo;Egypte, ils pr\u00e9f\u00e8rent valoriser l\\&rsquo;Eternel en rappelant que Lui Seul fendit les eaux de la mer des joncs1. M\u00eame la Haggadah de Pessah relatant la lib\u00e9ration historique des H\u00e9breux n\\&rsquo;\u00e9voque Mo\u00efse qu\\&rsquo;une seule et unique fois ! C\\&rsquo;est dire combien m\u00eame une figure aur\u00e9ol\u00e9e de nombreux m\u00e9rites, aussi grande que puisse \u00eatre sa r\u00e9putation, est consid\u00e9r\u00e9e par la tradition d\\&rsquo;Isra\u00ebl comme \u00e9tant capable, \u00e0 tout instant, de sombrer dans la folie engendr\u00e9e par la puissance et entra\u00eener son peuple \u00e0 sa perte. Effectivement, les H\u00e9breux venant de l\\&rsquo;Egypte idol\u00e2tre furent tent\u00e9s un instant de consid\u00e9rer Mo\u00efse comme un dieu : \u00ab Le peuple, voyant que Mo\u00efse tardait \u00e0 descendre de la montagne, s\\&rsquo;attroupa autour d\\&rsquo;Aaron et lui dit : \\\u00a0\u00bbAllons ! fais-nous un dieu qui marche \u00e0 notre t\u00eate, puisque celui-ci, Mo\u00efse, l\\&rsquo;homme qui nous a fait sortir du pays d\\&rsquo;\u00c9gypte, nous ne savons ce qu\\&rsquo;il est devenu.\\\u00a0\u00bb \u00bb (Exode 32 : 1). Si Mo\u00efse est absent, cela veut-il dire que l\\&rsquo;Eternel dispara\u00eet avec Mo\u00efse ?<\/p>\n<p>Par Ha\u00efm Ouizemann<\/p>\n<blockquote class=\"wp-embedded-content\" data-secret=\"E3cVHVJVcS\"><p><a href=\"https:\/\/israelmagazine.co.il\/la-penurie-de-medecins-en-israel-2\/\">La P\u00e9nurie de M\u00e9decins en Isra\u00ebl<\/a><\/p><\/blockquote>\n<p><iframe class=\"wp-embedded-content\" sandbox=\"allow-scripts\" security=\"restricted\" style=\"position: absolute; clip: rect(1px, 1px, 1px, 1px);\" title=\"\u00ab\u00a0La P\u00e9nurie de M\u00e9decins en Isra\u00ebl\u00a0\u00bb &#8212; Israel Magazine\" src=\"https:\/\/israelmagazine.co.il\/la-penurie-de-medecins-en-israel-2\/embed\/#?secret=OMxo4X61Il#?secret=E3cVHVJVcS\" data-secret=\"E3cVHVJVcS\" width=\"500\" height=\"282\" frameborder=\"0\" marginwidth=\"0\" marginheight=\"0\" scrolling=\"no\"><\/iframe><\/p>\n<p class=\\\"p1\\\"><span class=\\\"s1\\\">La suite de l\u2019article se trouve dans le prochain num\u00e9ro d\u2019Isra\u00ebl Magazine<\/span><\/p>\n<p class=\\\"p1\\\"><span class=\\\"s1\\\">S\u2019abonner au magazine par t\u00e9l\u00e9phone ou par whats app 00972 (0) 54 254 45 20 ou au 0186982727\u00a0\u00a0\u00a0<\/span><\/p>\n<p class=\\\"p2\\\"><span class=\\\"s2\\\">Par email\u00a0\u00a0<a href=\\\"mailto:Andredarmon78@gmail.com\\\"><span class=\\\"s3\\\">Andredarmon78@gmail.com<\/span><\/a><\/span><\/p>\n<p class=\\\"p1\\\"><span class=\\\"s1\\\">Ou directement sur le site\u00a0<a href=\\\"http:\/\/www.israelmagazine.co.il\/\\\"><span class=\\\"s4\\\">www.israelmagazine.co.il<\/span><\/a><\/span><\/p>\n<p class=\\\"p1\\\"><span class=\\\"s1\\\">D\u00e9couvrez un exemplaire du magazine gratuitement et cliquez sur le rebord droit du mag<\/span><\/p>\n<p class=\\\"p2\\\"><span class=\\\"s5\\\"><a href=\\\"https:\/\/fr.calameo.com\/read\/0010965002cfce9dee566?authid=IRnvqb59CRHm\\\" target=\\\"_blank\\\" rel=\\\"noopener noreferrer\\\">https:\/\/fr.calameo.com\/read\/0010965002cfce9dee566?authid=IRnvqb59CRHm<\/a><\/span><\/p>\n","protected":false},"excerpt":{"rendered":"<p>Le Premier ministre de l\\&rsquo;Etat d\\&rsquo;Isra\u00ebl Benyamin Netanyahou, mis officiellement en examen par le Procureur g\u00e9n\u00e9ral Avicha\u00ef Mandelblit pour corruption, fraude et abus de confiance, sera-t-il ou non accus\u00e9 par les juges ? Les juges retiendront-ils les charges port\u00e9es \u00e0 l\\&rsquo;encontre du tr\u00e8s charismatique chef de gouvernement ? Nul ne peut pr\u00e9voir l\\&rsquo;issue d\\&rsquo;un tel &hellip;<\/p>\n<p class=\"read-more\"> <a class=\"\" href=\"https:\/\/israelmagazine.net\/?p=53521\"> <span class=\"screen-reader-text\">Ascension et chute du dirigeant politique<\/span> Lire la suite \u00bb<\/a><\/p>\n","protected":false},"author":4,"featured_media":53522,"comment_status":"open","ping_status":"open","sticky":false,"template":"","format":"standard","meta":{"site-sidebar-layout":"default","site-content-layout":"default","ast-global-header-display":"","ast-main-header-display":"","ast-hfb-above-header-display":"","ast-hfb-below-header-display":"","ast-hfb-mobile-header-display":"","site-post-title":"","ast-breadcrumbs-content":"","ast-featured-img":"","footer-sml-layout":"","theme-transparent-header-meta":"","adv-header-id-meta":"","stick-header-meta":"","header-above-stick-meta":"","header-main-stick-meta":"","header-below-stick-meta":""},"categories":[1687,1621,814,1767,1613,1642,1674,1623,1191],"tags":[1962,1963,1474,1964,1965],"sujet":[],"_links":{"self":[{"href":"https:\/\/israelmagazine.net\/index.php?rest_route=\/wp\/v2\/posts\/53521"}],"collection":[{"href":"https:\/\/israelmagazine.net\/index.php?rest_route=\/wp\/v2\/posts"}],"about":[{"href":"https:\/\/israelmagazine.net\/index.php?rest_route=\/wp\/v2\/types\/post"}],"author":[{"embeddable":true,"href":"https:\/\/israelmagazine.net\/index.php?rest_route=\/wp\/v2\/users\/4"}],"replies":[{"embeddable":true,"href":"https:\/\/israelmagazine.net\/index.php?rest_route=%2Fwp%2Fv2%2Fcomments&post=53521"}],"version-history":[{"count":0,"href":"https:\/\/israelmagazine.net\/index.php?rest_route=\/wp\/v2\/posts\/53521\/revisions"}],"wp:featuredmedia":[{"embeddable":true,"href":"https:\/\/israelmagazine.net\/index.php?rest_route=\/"}],"wp:attachment":[{"href":"https:\/\/israelmagazine.net\/index.php?rest_route=%2Fwp%2Fv2%2Fmedia&parent=53521"}],"wp:term":[{"taxonomy":"category","embeddable":true,"href":"https:\/\/israelmagazine.net\/index.php?rest_route=%2Fwp%2Fv2%2Fcategories&post=53521"},{"taxonomy":"post_tag","embeddable":true,"href":"https:\/\/israelmagazine.net\/index.php?rest_route=%2Fwp%2Fv2%2Ftags&post=53521"},{"taxonomy":"sujet","embeddable":true,"href":"https:\/\/israelmagazine.net\/index.php?rest_route=%2Fwp%2Fv2%2Fsujet&post=53521"}],"curies":[{"name":"wp","href":"https:\/\/api.w.org\/{rel}","templated":true}]}}