{"id":53544,"date":"2020-02-27T15:30:10","date_gmt":"2020-02-27T14:30:10","guid":{"rendered":"https:\/\/israelmagazine.net\/?p=53544"},"modified":"2020-02-27T15:30:10","modified_gmt":"2020-02-27T14:30:10","slug":"des-cles-pour-comprendre-le-plan-de-paix-trump","status":"publish","type":"post","link":"https:\/\/israelmagazine.net\/?p=53544","title":{"rendered":"Des cl\u00e9s pour comprendre le plan de paix Trump"},"content":{"rendered":"<h3 class=\\\"p1\\\"><span class=\\\"s1\\\">Le plan de paix Trump constitue un changement de paradigme essentiel. Il ent\u00e9rine la mort des accords d\u2019Oslo, qui, dans les faits, \u00e9taient morts depuis longtemps sans que quiconque ait os\u00e9 \u00e9noncer leur mort effective.<\/span><\/h3>\n<p class=\\\"p1\\\"><span class=\\\"s1\\\">Il met fin \u00e0 un \u201cprocessus de paix\u201d qui n\u2019a en r\u00e9alit\u00e9 jamais exist\u00e9, et qui n\u2019a \u00e9t\u00e9 que la continuation de la guerre men\u00e9e contre Isra\u00ebl par des moyens terroristes, par des pressions pla\u00e7ant Isra\u00ebl en position d\u2019accus\u00e9 perp\u00e9tuel cens\u00e9 faire d\u2019incessantes concessions ne menant qu\u2019\u00e0 d\u2019autres concessions. Il dit ce qui doit l\u2019\u00eatre: Isra\u00ebl est un pays menac\u00e9, qui a le droit de se d\u00e9fendre et de se doter de fronti\u00e8res lui permettant de vivre en s\u00e9curit\u00e9. Il fait r\u00e9f\u00e9rence, ce qui n\u2019aurait d\u00fb cesser d\u2019\u00eatre le cas, aux accords fondateurs de San Remo, qui ont d\u00e9fini en 1920 ce qui devait \u00eatre le foyer national juif, devenu depuis l\u2019\u00e9tat d\u2019Isra\u00ebl, et qui incluent la Jud\u00e9e\u00adSamarie dans le territoire du foyer national juif. <\/span><\/p>\n<blockquote>\n<h3><span class=\\\"s1\\\">Il n\u2019y avait rien \u00e0 attendre d\u2019une entit\u00e9 terroriste vou\u00e9e \u00e0 la destruction d\u2019isra\u00ebl.<\/span><\/h3>\n<\/blockquote>\n<p class=\\\"p1\\\"><span class=\\\"s1\\\">Et il reconnait la Jud\u00e9eSamarie comme territoire juif et partie int\u00e9grante de la terre d\u2019Isra\u00ebl. Il reconnait les villes et villages juifs de Jud\u00e9e\u00adSamarie, (ou implantations), comme ayant une existence l\u00e9gitime et la pr\u00e9sence d\u2019Isra\u00ebl dans la vall\u00e9e du Jourdain comme l\u00e9gitime elle aussi. Il ne place pas l\u2019Autorit\u00e9 Palestinienne non plus en position de \u201cpartenaire pour la paix\u201d, ce qu\u2019elle n\u2019a jamais \u00e9t\u00e9, mais la d\u00e9finit au contraire comme la partie fautive et criminelle en la d\u00e9peignant comme une entit\u00e9 terroriste, et en lui demandant explicitement de renoncer \u00e0 toute forme d\u2019activit\u00e9 terroriste et \u00e0 toute incitation terroriste pour avoir en quoi que ce soit voix au chapitre. Il la somme de prendre position et, de fait, d\u2019accepter ce qui lui est propos\u00e9 ou de se soumettre et de disparaitre. Il lui fixe un d\u00e9lai de quatre ans pour d\u00e9cider, pas davantage.Il demande le d\u00e9sarmement complet du Hamas, d\u00e9fini lui\u00adm\u00eame comme entit\u00e9 terroriste.<\/span><\/p>\n<p>LA CHRONIQUE DE GUY MILLI\u00c8RE<\/p>\n<blockquote class=\"wp-embedded-content\" data-secret=\"uPDxmObWY0\"><p><a href=\"https:\/\/israelmagazine.co.il\/ascension-et-chute-du-dirigeant-politique\/\">Ascension et chute du dirigeant politique<\/a><\/p><\/blockquote>\n<p><iframe class=\"wp-embedded-content\" sandbox=\"allow-scripts\" security=\"restricted\" style=\"position: absolute; clip: rect(1px, 1px, 1px, 1px);\" title=\"\u00ab\u00a0Ascension et chute du dirigeant politique\u00a0\u00bb &#8212; Israel Magazine\" src=\"https:\/\/israelmagazine.co.il\/ascension-et-chute-du-dirigeant-politique\/embed\/#?secret=kPGTpBqkcB#?secret=uPDxmObWY0\" data-secret=\"uPDxmObWY0\" width=\"500\" height=\"282\" frameborder=\"0\" marginwidth=\"0\" marginheight=\"0\" scrolling=\"no\"><\/iframe><\/p>\n<p class=\\\"p1\\\"><span class=\\\"s1\\\">La suite de l\u2019article se trouve dans le prochain num\u00e9ro d\u2019Isra\u00ebl Magazine<\/span><\/p>\n<p class=\\\"p1\\\"><span class=\\\"s1\\\">S\u2019abonner au magazine par t\u00e9l\u00e9phone ou par whats app 00972 (0) 54 254 45 20 ou au 0186982727\u00a0\u00a0\u00a0<\/span><\/p>\n<p class=\\\"p2\\\"><span class=\\\"s2\\\">Par email\u00a0\u00a0<a href=\\\"mailto:Andredarmon78@gmail.com\\\"><span class=\\\"s3\\\">Andredarmon78@gmail.com<\/span><\/a><\/span><\/p>\n<p class=\\\"p1\\\"><span class=\\\"s1\\\">Ou directement sur le site\u00a0<a href=\\\"http:\/\/www.israelmagazine.co.il\/\\\"><span class=\\\"s4\\\">www.israelmagazine.co.il<\/span><\/a><\/span><\/p>\n<p class=\\\"p1\\\"><span class=\\\"s1\\\">D\u00e9couvrez un exemplaire du magazine gratuitement et cliquez sur le rebord droit du mag<\/span><\/p>\n<p class=\\\"p2\\\"><span class=\\\"s5\\\"><a href=\\\"https:\/\/fr.calameo.com\/read\/0010965002cfce9dee566?authid=IRnvqb59CRHm\\\" target=\\\"_blank\\\" rel=\\\"noopener noreferrer\\\">https:\/\/fr.calameo.com\/read\/0010965002cfce9dee566?authid=IRnvqb59CRHm<\/a><\/span><\/p>\n","protected":false},"excerpt":{"rendered":"<p>Le plan de paix Trump constitue un changement de paradigme essentiel. Il ent\u00e9rine la mort des accords d\u2019Oslo, qui, dans les faits, \u00e9taient morts depuis longtemps sans que quiconque ait os\u00e9 \u00e9noncer leur mort effective. Il met fin \u00e0 un \u201cprocessus de paix\u201d qui n\u2019a en r\u00e9alit\u00e9 jamais exist\u00e9, et qui n\u2019a \u00e9t\u00e9 que la &hellip;<\/p>\n<p class=\"read-more\"> <a class=\"\" href=\"https:\/\/israelmagazine.net\/?p=53544\"> <span class=\"screen-reader-text\">Des cl\u00e9s pour comprendre le plan de paix Trump<\/span> Lire la suite \u00bb<\/a><\/p>\n","protected":false},"author":4,"featured_media":53545,"comment_status":"open","ping_status":"open","sticky":false,"template":"","format":"standard","meta":{"site-sidebar-layout":"default","site-content-layout":"default","ast-global-header-display":"","ast-main-header-display":"","ast-hfb-above-header-display":"","ast-hfb-below-header-display":"","ast-hfb-mobile-header-display":"","site-post-title":"","ast-breadcrumbs-content":"","ast-featured-img":"","footer-sml-layout":"","theme-transparent-header-meta":"","adv-header-id-meta":"","stick-header-meta":"","header-above-stick-meta":"","header-main-stick-meta":"","header-below-stick-meta":""},"categories":[1687,84,1621,1612,1617,1767,1613,1642,1614,1623,1191,1615,1616,1624],"tags":[2010,2011,2012,823,2013,2014,1841,2015,2016,1987,1638],"sujet":[],"_links":{"self":[{"href":"https:\/\/israelmagazine.net\/index.php?rest_route=\/wp\/v2\/posts\/53544"}],"collection":[{"href":"https:\/\/israelmagazine.net\/index.php?rest_route=\/wp\/v2\/posts"}],"about":[{"href":"https:\/\/israelmagazine.net\/index.php?rest_route=\/wp\/v2\/types\/post"}],"author":[{"embeddable":true,"href":"https:\/\/israelmagazine.net\/index.php?rest_route=\/wp\/v2\/users\/4"}],"replies":[{"embeddable":true,"href":"https:\/\/israelmagazine.net\/index.php?rest_route=%2Fwp%2Fv2%2Fcomments&post=53544"}],"version-history":[{"count":0,"href":"https:\/\/israelmagazine.net\/index.php?rest_route=\/wp\/v2\/posts\/53544\/revisions"}],"wp:featuredmedia":[{"embeddable":true,"href":"https:\/\/israelmagazine.net\/index.php?rest_route=\/"}],"wp:attachment":[{"href":"https:\/\/israelmagazine.net\/index.php?rest_route=%2Fwp%2Fv2%2Fmedia&parent=53544"}],"wp:term":[{"taxonomy":"category","embeddable":true,"href":"https:\/\/israelmagazine.net\/index.php?rest_route=%2Fwp%2Fv2%2Fcategories&post=53544"},{"taxonomy":"post_tag","embeddable":true,"href":"https:\/\/israelmagazine.net\/index.php?rest_route=%2Fwp%2Fv2%2Ftags&post=53544"},{"taxonomy":"sujet","embeddable":true,"href":"https:\/\/israelmagazine.net\/index.php?rest_route=%2Fwp%2Fv2%2Fsujet&post=53544"}],"curies":[{"name":"wp","href":"https:\/\/api.w.org\/{rel}","templated":true}]}}