{"id":53548,"date":"2020-02-27T15:49:49","date_gmt":"2020-02-27T14:49:49","guid":{"rendered":"https:\/\/israelmagazine.net\/?p=53548"},"modified":"2020-02-27T15:49:49","modified_gmt":"2020-02-27T14:49:49","slug":"la-chasse-anti-bibi-continue","status":"publish","type":"post","link":"https:\/\/israelmagazine.net\/?p=53548","title":{"rendered":"La Chasse anti Bibi Netanyahou continue"},"content":{"rendered":"<h2 style=\\\"font-weight: 400;\\\"><strong><em>Une nouvelle immixtion scandaleuse du pouvoir judiciaire dans les \u00e9lections du 2 mars !<\/em><\/strong><\/h2>\n<h3 style=\\\"font-weight: 400;\\\"><strong>D\u00e9cidant \u00e0 peine deux semaines avant le scrutin l\u00e9gislatif du 2 mars de proc\u00e9der \u00e0 l\\&rsquo;ouverture du proc\u00e8s Netanyahou \u2013 dont on imagine d\u00e9j\u00e0 le haut degr\u00e9 de m\u00e9diatisation ! le Parquet isra\u00e9lien et le Tribunal de district de J\u00e9rusalem ont \\\u00a0\u00bbmis les pieds dans le plat\\\u00a0\u00bb. Ils auront beaucoup influenc\u00e9 la fin assez houleuse de la 3<sup>i\u00e8me<\/sup>\u00a0campagne \u00e9lectorale de l\\&rsquo;ann\u00e9e, imprimant d\\&#8217;embl\u00e9e leur \\\u00a0\u00bbmarque\\\u00a0\u00bb aux n\u00e9gociations politiques qui suivront ce vote\u2026<\/strong><\/h3>\n<p style=\\\"font-weight: 400;\\\">L\\&rsquo;ouverture du proc\u00e8s intent\u00e9 contre le Premier ministre Binyamin Netanyahou dans les trois affaires des dossiers appel\u00e9s 1000, 2000 et 4000 o\u00f9 il est suspect\u00e9 d\\&rsquo;abus de confiance, de malversations et de corruption, aura donc lieu le 17 mars prochain; soit \u00e0 peine deux semaines apr\u00e8s le 3<sup>i\u00e8me<\/sup>\u00a0scrutin l\u00e9gislatif de l\\&rsquo;ann\u00e9e et deux jours apr\u00e8s que les d\u00e9put\u00e9s nouvellement \u00e9lus \u00e0 la Knesset auront pr\u00eat\u00e9 serment !<\/p>\n<p style=\\\"font-weight: 400;\\\">C\\&rsquo;est une \u00e9vidence qui cr\u00e8ve les yeux que la fixation de cette date si proche d\\&rsquo;\u00e9lections si d\u00e9cisives dans tout le pays, constitue un nouveau \\\u00a0\u00bbcoup-bas\\\u00a0\u00bb du Parquet et de la direction l\\&rsquo;appareil judiciaire isra\u00e9lien qui s\\&rsquo;acharnent d\u00e9cid\u00e9ment jusqu\\&rsquo;au bout contre le chef du gouvernement.<\/p>\n<blockquote>\n<h3 style=\\\"font-weight: 400;\\\"><strong>Cette d\u00e9cision pourrait alt\u00e9rer le processus de formation du prochain gouvernement !<\/strong><\/h3>\n<\/blockquote>\n<p style=\\\"font-weight: 400;\\\">En effet, quelques que soient les r\u00e9sultats de ce scrutin \u2013 qui, d\\&rsquo;apr\u00e8s les sondages, risquent fort de ressembler \u00e0 ceux des deux votes pr\u00e9c\u00e9dents -, tout le monde sait que les premi\u00e8res semaines suivant cette \u00e9lection seront consacr\u00e9es, comme \u00e0 l\\&rsquo;accoutum\u00e9e, \u00e0 un marathon de n\u00e9gociations politiques d\u00e9licates entre les diff\u00e9rents partis politiques. Et ceci pour la 3<sup>i\u00e8me<\/sup>\u00a0fois en moins d\\&rsquo;un an, afin de pouvoir d\u00e9gager une coalition gouvernementale viable d\\&rsquo;au moins 61 mandats de d\u00e9put\u00e9s sur les 120 que compte la Knesset.<\/p>\n<p style=\\\"font-weight: 400;\\\">Or convoquer si vite Netanyahou devant les juges d\u00e9j\u00e0 d\u00e9sign\u00e9s du Tribunal de district de J\u00e9rusalem pour ces trois affaires qui durent depuis plusieurs ann\u00e9es afin qu\\&rsquo;ils commencent par lui lire solennellement la centaine de pages de son acte d\\&rsquo;accusation n\\&rsquo;a pu que porter atteinte \u00e0 son image de marque et \u00e0 son potentiel \u00e9lectoral \u00e0 quelques jours du 2 mars, et donc aussi \u00e0 ses capacit\u00e9s de pouvoir former un gouvernement\u2026 Ce que son rival du Parti Bleu Blanc, Benny Gantz, ne s\\&rsquo;est pas emp\u00each\u00e9 d\\&rsquo;aussit\u00f4t d\u00e9clarer le 18 f\u00e9vrier, au soir-m\u00eame de l\\&rsquo;annonce de cette date. Il s\\&rsquo;est servi d\u00e8s le lendemain de ce \\\u00a0\u00bbpr\u00e9texte judiciaire\\\u00a0\u00bb pour refuser la proposition r\u00e9it\u00e9r\u00e9e de Netanyahou de d\u00e9battre face \u00e0 face avec\u00a0 lui devant les cam\u00e9ras de t\u00e9l\u00e9vision !<\/p>\n<p class=\\\"p2\\\">PAR RICHARD DARMON<\/p>\n<blockquote class=\"wp-embedded-content\" data-secret=\"cYrpujjlkW\"><p><a href=\"https:\/\/israelmagazine.co.il\/il-y-a-dix-ans-guilad-shalit-le-prix-de-la-liberte\/\">Il y a dix ans, Guilad Shalit, le prix de la libert\u00e9<\/a><\/p><\/blockquote>\n<p><iframe class=\"wp-embedded-content\" sandbox=\"allow-scripts\" security=\"restricted\" style=\"position: absolute; clip: rect(1px, 1px, 1px, 1px);\" title=\"\u00ab\u00a0Il y a dix ans, Guilad Shalit, le prix de la libert\u00e9\u00a0\u00bb &#8212; Israel Magazine\" src=\"https:\/\/israelmagazine.co.il\/il-y-a-dix-ans-guilad-shalit-le-prix-de-la-liberte\/embed\/#?secret=55AVDHDhMi#?secret=cYrpujjlkW\" data-secret=\"cYrpujjlkW\" width=\"500\" height=\"282\" frameborder=\"0\" marginwidth=\"0\" marginheight=\"0\" scrolling=\"no\"><\/iframe><\/p>\n<p class=\\\"p1\\\"><span class=\\\"s1\\\">La suite de l\u2019article se trouve dans le prochain num\u00e9ro d\u2019Isra\u00ebl Magazine<\/span><\/p>\n<p class=\\\"p1\\\"><span class=\\\"s1\\\">S\u2019abonner au magazine par t\u00e9l\u00e9phone ou par whats app 00972 (0) 54 254 45 20 ou au 0186982727\u00a0\u00a0\u00a0<\/span><\/p>\n<p class=\\\"p2\\\"><span class=\\\"s2\\\">Par email\u00a0\u00a0<a href=\\\"mailto:Andredarmon78@gmail.com\\\"><span class=\\\"s3\\\">Andredarmon78@gmail.com<\/span><\/a><\/span><\/p>\n<p class=\\\"p1\\\"><span class=\\\"s1\\\">Ou directement sur le site\u00a0<a href=\\\"http:\/\/www.israelmagazine.co.il\/\\\"><span class=\\\"s4\\\">www.israelmagazine.co.il<\/span><\/a><\/span><\/p>\n<p class=\\\"p1\\\"><span class=\\\"s1\\\">D\u00e9couvrez un exemplaire du magazine gratuitement et cliquez sur le rebord droit du mag<\/span><\/p>\n<p class=\\\"p2\\\"><span class=\\\"s5\\\"><a href=\\\"https:\/\/fr.calameo.com\/read\/0010965002cfce9dee566?authid=IRnvqb59CRHm\\\" target=\\\"_blank\\\" rel=\\\"noopener noreferrer\\\">https:\/\/fr.calameo.com\/read\/0010965002cfce9dee566?authid=IRnvqb59CRHm<\/a><\/span><\/p>\n","protected":false},"excerpt":{"rendered":"<p>Une nouvelle immixtion scandaleuse du pouvoir judiciaire dans les \u00e9lections du 2 mars ! D\u00e9cidant \u00e0 peine deux semaines avant le scrutin l\u00e9gislatif du 2 mars de proc\u00e9der \u00e0 l\\&rsquo;ouverture du proc\u00e8s Netanyahou \u2013 dont on imagine d\u00e9j\u00e0 le haut degr\u00e9 de m\u00e9diatisation ! le Parquet isra\u00e9lien et le Tribunal de district de J\u00e9rusalem ont &hellip;<\/p>\n<p class=\"read-more\"> <a class=\"\" href=\"https:\/\/israelmagazine.net\/?p=53548\"> <span class=\"screen-reader-text\">La Chasse anti Bibi Netanyahou continue<\/span> Lire la suite \u00bb<\/a><\/p>\n","protected":false},"author":4,"featured_media":53550,"comment_status":"open","ping_status":"open","sticky":false,"template":"","format":"standard","meta":{"site-sidebar-layout":"default","site-content-layout":"default","ast-global-header-display":"","ast-main-header-display":"","ast-hfb-above-header-display":"","ast-hfb-below-header-display":"","ast-hfb-mobile-header-display":"","site-post-title":"","ast-breadcrumbs-content":"","ast-featured-img":"","footer-sml-layout":"","theme-transparent-header-meta":"","adv-header-id-meta":"","stick-header-meta":"","header-above-stick-meta":"","header-main-stick-meta":"","header-below-stick-meta":""},"categories":[1687,84,1621,1767,1611,1613,1191,1615],"tags":[2017,2018,845,1474,2019,1989,2020,2021,1636,2022,2023,2024,1924],"sujet":[],"_links":{"self":[{"href":"https:\/\/israelmagazine.net\/index.php?rest_route=\/wp\/v2\/posts\/53548"}],"collection":[{"href":"https:\/\/israelmagazine.net\/index.php?rest_route=\/wp\/v2\/posts"}],"about":[{"href":"https:\/\/israelmagazine.net\/index.php?rest_route=\/wp\/v2\/types\/post"}],"author":[{"embeddable":true,"href":"https:\/\/israelmagazine.net\/index.php?rest_route=\/wp\/v2\/users\/4"}],"replies":[{"embeddable":true,"href":"https:\/\/israelmagazine.net\/index.php?rest_route=%2Fwp%2Fv2%2Fcomments&post=53548"}],"version-history":[{"count":0,"href":"https:\/\/israelmagazine.net\/index.php?rest_route=\/wp\/v2\/posts\/53548\/revisions"}],"wp:featuredmedia":[{"embeddable":true,"href":"https:\/\/israelmagazine.net\/index.php?rest_route=\/"}],"wp:attachment":[{"href":"https:\/\/israelmagazine.net\/index.php?rest_route=%2Fwp%2Fv2%2Fmedia&parent=53548"}],"wp:term":[{"taxonomy":"category","embeddable":true,"href":"https:\/\/israelmagazine.net\/index.php?rest_route=%2Fwp%2Fv2%2Fcategories&post=53548"},{"taxonomy":"post_tag","embeddable":true,"href":"https:\/\/israelmagazine.net\/index.php?rest_route=%2Fwp%2Fv2%2Ftags&post=53548"},{"taxonomy":"sujet","embeddable":true,"href":"https:\/\/israelmagazine.net\/index.php?rest_route=%2Fwp%2Fv2%2Fsujet&post=53548"}],"curies":[{"name":"wp","href":"https:\/\/api.w.org\/{rel}","templated":true}]}}