{"id":53571,"date":"2020-03-03T09:48:51","date_gmt":"2020-03-03T08:48:51","guid":{"rendered":"https:\/\/israelmagazine.net\/?p=53571"},"modified":"2020-03-03T09:48:51","modified_gmt":"2020-03-03T08:48:51","slug":"lalya-francophone-a-tel-aviv-et-le-nouvel-essor-des-synagogues","status":"publish","type":"post","link":"https:\/\/israelmagazine.net\/?p=53571","title":{"rendered":"L\u2019Alya Francophone \u00e0 Tel-Aviv et le nouvel Essor des synagogues"},"content":{"rendered":"<h3>Depuis les vagues d\u2019Alya cons\u00e9quentes de 2014 et en seulement six ans, les communaut\u00e9s \u00ab \u00e0 la fran\u00e7aise \u00bb ont pouss\u00e9 \u00ab comme des petits pains \u00bb \u00e0 Tel-Aviv et pour cause ! Les francophones, en majorit\u00e9 s\u00e9pharades am\u00e8nent avec eux un mode de pratique qui se distingue de celui que les Isra\u00e9liens connaissaient jusqu\u2019alors.<\/h3>\n<p>Ainsi, pour l\u2019isra\u00e9lien lambda, soit on est religieux soit on ne l\u2019est pas, le \u00ab juste milieu \u00bb constitue v\u00e9ritablement une invention \u00ab europ\u00e9enne \u00bb si ce n\u2019est fran\u00e7aise. Ce paradoxe que l\u2019on constate chez certains Olims qui mangent cacher et font le kiddouch mais ne respectent pas le Shabbat pour autant, est per\u00e7ue comme \u00e9trange. Il n\u2019y a qu\u2019\u00e0 constater l\u2019\u00e9tonnement des employ\u00e9s de mairie lorsqu\u2019une femme qui ne se couvre pas la t\u00eate demande \u00e0 ce que son enfant soit inscrit dans une \u00e9cole religieuse ! Les Juifs francophones sont toutefois fonci\u00e8rement traditionalistes et \u2026 attach\u00e9s \u00e0 leur communaut\u00e9.<\/p>\n<blockquote>\n<h3>Vendre des heures d\u2019\u00e9tude plut\u00f4t que de r\u00e9colter de l\u2019argent \u00e0 Tishri<\/h3>\n<\/blockquote>\n<p>Il est en effet \u00e9trange, pour un Isra\u00e9lien, d\u2019entendre qu\u2019un fran\u00e7ais se d\u00e9finit comme alg\u00e9rien ou tunisien alors m\u00eame qu\u2019il n\u2019a, dans certains cas, jamais mis les pieds dans lesdits pays ! Ashk\u00e9naze ? S\u00e9pharade ? En Isra\u00ebl, vous \u00eates fran\u00e7ais, am\u00e9ricains, sabras et malgr\u00e9 la difficult\u00e9 de faire \u00ab bouger les choses \u00bb en \u00e9lisant un repr\u00e9sentant francophone \u00e0 la Mairie de Tel-Aviv, les francophones ont cette qualit\u00e9 de d\u00e9velopper, avec une certaine aisance les communaut\u00e9s et synagogues de Tel-Aviv. Il y a dix ans, seuls le Rav Lewin, dirigeant la synagogue de la rue Arnon, le Rav Mendy Attal, responsable spirituel du Beth Habad de la rue Trumpeldor et le Rav Ethan Galam et son \u00e9pouse \u00e9taient pr\u00e9sents pour recevoir les fran\u00e7ais. Le Rav Galam office d\u00e9sormais \u00e0 Clay7, dans une magnifique et ancienne synagogue. Nombreux sont ceux qui peuvent t\u00e9moigner d\u2019un Chabbat ou d\u2019un repas de f\u00eate extraordinaire qu\u2019ils auraient pass\u00e9 chez Joy et Ethan Galam ou des cours de Torah \u00e0 l\u2019h\u00f4tel D\u00e9borah organis\u00e9s par le programme Neshama chapeaut\u00e9, quant \u00e0 lui, par les institutions Ohel Naftali.<\/p>\n<p class=\\\"p2\\\">Par Johana Bensoussan<\/p>\n<blockquote class=\"wp-embedded-content\" data-secret=\"jWvjFCptt1\"><p><a href=\"https:\/\/israelmagazine.co.il\/le-sionisme-religieux-un-mal-etre-ou-une-chance\/\">Le Sionisme religieux, un Mal \u00eatre ou une Chance ?<\/a><\/p><\/blockquote>\n<p><iframe class=\"wp-embedded-content\" sandbox=\"allow-scripts\" security=\"restricted\" style=\"position: absolute; clip: rect(1px, 1px, 1px, 1px);\" title=\"\u00ab\u00a0Le Sionisme religieux, un Mal \u00eatre ou une Chance ?\u00a0\u00bb &#8212; Israel Magazine\" src=\"https:\/\/israelmagazine.co.il\/le-sionisme-religieux-un-mal-etre-ou-une-chance\/embed\/#?secret=BrxjWtYuDY#?secret=jWvjFCptt1\" data-secret=\"jWvjFCptt1\" width=\"500\" height=\"282\" frameborder=\"0\" marginwidth=\"0\" marginheight=\"0\" scrolling=\"no\"><\/iframe><\/p>\n<p class=\\\"p1\\\"><span class=\\\"s1\\\">La suite de l\u2019article se trouve dans le prochain num\u00e9ro d\u2019Isra\u00ebl Magazine<\/span><\/p>\n<p class=\\\"p1\\\"><span class=\\\"s1\\\">S\u2019abonner au magazine par t\u00e9l\u00e9phone ou par whats app 00972 (0) 54 254 45 20 ou au 0186982727\u00a0\u00a0\u00a0<\/span><\/p>\n<p class=\\\"p2\\\"><span class=\\\"s2\\\">Par email\u00a0\u00a0<a href=\\\"mailto:Andredarmon78@gmail.com\\\"><span class=\\\"s3\\\">Andredarmon78@gmail.com<\/span><\/a><\/span><\/p>\n<p class=\\\"p1\\\"><span class=\\\"s1\\\">Ou directement sur le site\u00a0<a href=\\\"http:\/\/www.israelmagazine.co.il\/\\\"><span class=\\\"s4\\\">www.israelmagazine.co.il<\/span><\/a><\/span><\/p>\n<p class=\\\"p1\\\"><span class=\\\"s1\\\">D\u00e9couvrez un exemplaire du magazine gratuitement et cliquez sur le rebord droit du mag<\/span><\/p>\n<p class=\\\"p2\\\"><span class=\\\"s5\\\"><a href=\\\"https:\/\/fr.calameo.com\/read\/0010965002cfce9dee566?authid=IRnvqb59CRHm\\\" target=\\\"_blank\\\" rel=\\\"noopener noreferrer\\\">https:\/\/fr.calameo.com\/read\/0010965002cfce9dee566?authid=IRnvqb59CRHm<\/a><\/span><\/p>\n","protected":false},"excerpt":{"rendered":"<p>Depuis les vagues d\u2019Alya cons\u00e9quentes de 2014 et en seulement six ans, les communaut\u00e9s \u00ab \u00e0 la fran\u00e7aise \u00bb ont pouss\u00e9 \u00ab comme des petits pains \u00bb \u00e0 Tel-Aviv et pour cause ! Les francophones, en majorit\u00e9 s\u00e9pharades am\u00e8nent avec eux un mode de pratique qui se distingue de celui que les Isra\u00e9liens connaissaient jusqu\u2019alors. &hellip;<\/p>\n<p class=\"read-more\"> <a class=\"\" href=\"https:\/\/israelmagazine.net\/?p=53571\"> <span class=\"screen-reader-text\">L\u2019Alya Francophone \u00e0 Tel-Aviv et le nouvel Essor des synagogues<\/span> Lire la suite \u00bb<\/a><\/p>\n","protected":false},"author":4,"featured_media":53572,"comment_status":"open","ping_status":"open","sticky":false,"template":"","format":"standard","meta":{"site-sidebar-layout":"default","site-content-layout":"default","ast-global-header-display":"","ast-main-header-display":"","ast-hfb-above-header-display":"","ast-hfb-below-header-display":"","ast-hfb-mobile-header-display":"","site-post-title":"","ast-breadcrumbs-content":"","ast-featured-img":"","footer-sml-layout":"","theme-transparent-header-meta":"","adv-header-id-meta":"","stick-header-meta":"","header-above-stick-meta":"","header-main-stick-meta":"","header-below-stick-meta":""},"categories":[1687,84,1621,1821,814,1767,1613,1673,1674],"tags":[2059,2060,2061,2062,2063,2064,2065,2066,2067,2068,2069,2070,2071],"sujet":[],"_links":{"self":[{"href":"https:\/\/israelmagazine.net\/index.php?rest_route=\/wp\/v2\/posts\/53571"}],"collection":[{"href":"https:\/\/israelmagazine.net\/index.php?rest_route=\/wp\/v2\/posts"}],"about":[{"href":"https:\/\/israelmagazine.net\/index.php?rest_route=\/wp\/v2\/types\/post"}],"author":[{"embeddable":true,"href":"https:\/\/israelmagazine.net\/index.php?rest_route=\/wp\/v2\/users\/4"}],"replies":[{"embeddable":true,"href":"https:\/\/israelmagazine.net\/index.php?rest_route=%2Fwp%2Fv2%2Fcomments&post=53571"}],"version-history":[{"count":0,"href":"https:\/\/israelmagazine.net\/index.php?rest_route=\/wp\/v2\/posts\/53571\/revisions"}],"wp:featuredmedia":[{"embeddable":true,"href":"https:\/\/israelmagazine.net\/index.php?rest_route=\/"}],"wp:attachment":[{"href":"https:\/\/israelmagazine.net\/index.php?rest_route=%2Fwp%2Fv2%2Fmedia&parent=53571"}],"wp:term":[{"taxonomy":"category","embeddable":true,"href":"https:\/\/israelmagazine.net\/index.php?rest_route=%2Fwp%2Fv2%2Fcategories&post=53571"},{"taxonomy":"post_tag","embeddable":true,"href":"https:\/\/israelmagazine.net\/index.php?rest_route=%2Fwp%2Fv2%2Ftags&post=53571"},{"taxonomy":"sujet","embeddable":true,"href":"https:\/\/israelmagazine.net\/index.php?rest_route=%2Fwp%2Fv2%2Fsujet&post=53571"}],"curies":[{"name":"wp","href":"https:\/\/api.w.org\/{rel}","templated":true}]}}