{"id":53608,"date":"2020-03-09T12:12:06","date_gmt":"2020-03-09T11:12:06","guid":{"rendered":"https:\/\/israelmagazine.net\/?p=53608"},"modified":"2020-03-09T12:12:06","modified_gmt":"2020-03-09T11:12:06","slug":"netanyahu-soumet-une-demande-de-retarder-louverture-dun-proces-penal","status":"publish","type":"post","link":"https:\/\/israelmagazine.net\/?p=53608","title":{"rendered":"Netanyahu soumet une demande de retarder l\\&rsquo;ouverture d\\&rsquo;un proc\u00e8s p\u00e9nal"},"content":{"rendered":"<div>\n<div>\n<div>\n<div>\n<div>\n<div>\n<h5 class=\\\"p1\\\"><span class=\\\"s1\\\">Benyamin Netanyahou, le 29 mai 2019, \u00e0 la Knesset, apr\u00e8s la d\u00e9cision de dissoudre l\\&rsquo;Assembl\u00e9e.\u00a0<\/span><span class=\\\"s2\\\">Menahem Kahana \/ AFP<\/span><\/h5>\n<\/div>\n<\/div>\n<h3><span lang=\\\"FR\\\">Benjamin Netanyahou demande de retarder l\\&rsquo;ouverture de son proc\u00e8s citant un retard technique en raison de l\\&rsquo;absence de documents qui n\\&rsquo;auraient pas \u00e9t\u00e9 \u00e0 la disposition de l\\&rsquo;\u00e9quipe de la d\u00e9fense, l\\&rsquo;avocat de\u00a0\u00a0Bibi Netanyahou, Amit Hadad, a soumis une demande de report du proc\u00e8s.<\/span><\/h3>\n<p><span lang=\\\"FR\\\">Ainsi, dimanche dernier, le Premier ministre Benjamin Netanyahou a demand\u00e9 un report \u00a0du proc\u00e8s suite aux poursuites \u00e0 son encontre qui devait d\u00e9buter le 17 mars devant le tribunal de district de J\u00e9rusalem<span lang=\\\"HE\\\">.<\/span>Le Premier ministre qui fait face \u00e0 des accusations de corruption, de fraude et d\\&rsquo;abus de confiance, a soumis sa demande par l\\&rsquo;interm\u00e9diaire de son avocat Amit Hadad<span lang=\\\"HE\\\">.<\/span>\u00a0L\\&rsquo;avocat Amit Hadad a expliqu\u00e9 les raisons techniques de la demande selon laquelle les \u00e9l\u00e9ments de preuve demand\u00e9s par l\\&rsquo;\u00e9quipe de D\u00e9fense il y a des mois ne leur ont toujours pas \u00e9t\u00e9 remis.<span lang=\\\"HE\\\">.<\/span>Le d\u00e9but du proc\u00e8s de Bibi Netanyahou sera similaire \u00e0 un proc\u00e8s pr\u00e9liminaire dans lequel les deux parties tenteront de mettre au dossier des documents et des preuves mutuellement convenues<span lang=\\\"HE\\\">.<\/span><\/span><\/p>\n<h3><span style=\\\"font-family: Arial, sans-serif;\\\">Coup d\\&rsquo;Etat Militaire<\/span><\/h3>\n<p><span lang=\\\"HE\\\">\u00a0<\/span>Il est \u00e9galement pr\u00e9vu que la liste des 333 t\u00e9moins cit\u00e9s dans l\\&rsquo;acte d\\&rsquo;accusation soit fortement r\u00e9duite. Bibi Netanyahou a d\u00e9crit son acte d\\&rsquo;accusation comme une tentative de coup d\\&rsquo;\u00c9tat par le pouvoir judiciaire pour le renverser ; Il a qualifi\u00e9 l\\&rsquo;enqu\u00eate de \u00ab vici\u00e9e et motiv\u00e9e par des raisons politiques \u00bb, mettant en cause le procureur g\u00e9n\u00e9ral Avi\\&rsquo;chai Mandelblitt. Dont on dit qu\\&rsquo;il est tr\u00e8s li\u00e9 aux g\u00e9n\u00e9raux Ashkenazi et Gants depuis l\\&rsquo;\u00e9poque ou il \u00e9tait procureur g\u00e9n\u00e9ral de Tsahal.\\\u00a0\u00bb<span dir=\\\"LTR\\\" lang=\\\"FR\\\">Le public a perdu sa confiance dans le pouvoir judiciaire\\\u00a0\u00bb, a d\u00e9clar\u00e9 Bibi Netanyahou, la semaine derni\u00e8re, affirmant qu\\&rsquo;il n\\&rsquo;avait pas l\\&rsquo;intention de plaider une quelconque culpabilit\u00e9 ou une gr\u00e2ce et \u00e9tait d\u00e9termin\u00e9 \u00e0 prouver son innocence devant le tribunal<\/span><span lang=\\\"HE\\\">.<\/span><\/p>\n<\/div>\n<\/div>\n<\/div>\n<\/div>\n<p style=\\\"font-weight: 400;\\\">Par Andr\u00e9 Darmon<\/p>\n<blockquote class=\"wp-embedded-content\" data-secret=\"UIJsscJXfY\"><p><a href=\"https:\/\/israelmagazine.co.il\/coronavirus-la-chine-et-le-defi-au-judaisme\/\">Coronavirus : la Chine et le d\u00e9fi au Juda\u00efsme<\/a><\/p><\/blockquote>\n<p><iframe class=\"wp-embedded-content\" sandbox=\"allow-scripts\" security=\"restricted\" style=\"position: absolute; clip: rect(1px, 1px, 1px, 1px);\" title=\"\u00ab\u00a0Coronavirus : la Chine et le d\u00e9fi au Juda\u00efsme\u00a0\u00bb &#8212; Israel Magazine\" src=\"https:\/\/israelmagazine.co.il\/coronavirus-la-chine-et-le-defi-au-judaisme\/embed\/#?secret=RD7E9A42nQ#?secret=UIJsscJXfY\" data-secret=\"UIJsscJXfY\" width=\"500\" height=\"282\" frameborder=\"0\" marginwidth=\"0\" marginheight=\"0\" scrolling=\"no\"><\/iframe><\/p>\n<h4 class=\\\"p1\\\"><span class=\\\"s1\\\">La suite de l\u2019article se trouve dans le prochain num\u00e9ro d\u2019Isra\u00ebl Magazine<\/span><\/h4>\n<p class=\\\"p1\\\"><span class=\\\"s1\\\">S\u2019abonner au magazine par t\u00e9l\u00e9phone ou par whats app 00972 (0) 54 254 45 20 ou au 0186982727\u00a0\u00a0\u00a0<\/span><\/p>\n<p class=\\\"p2\\\"><span class=\\\"s2\\\">Par email\u00a0\u00a0<a href=\\\"mailto:Andredarmon78@gmail.com\\\"><span class=\\\"s3\\\">Andredarmon78@gmail.com<\/span><\/a><\/span><\/p>\n<p class=\\\"p1\\\"><span class=\\\"s1\\\">Ou directement sur le site\u00a0<a href=\\\"http:\/\/www.israelmagazine.co.il\/\\\"><span class=\\\"s4\\\">www.israelmagazine.co.il<\/span><\/a><\/span><\/p>\n<p class=\\\"p1\\\"><span class=\\\"s1\\\">D\u00e9couvrez un exemplaire du magazine gratuitement et cliquez sur le rebord droit du mag<\/span><\/p>\n<p>&nbsp;<\/p>\n<p><a href=\\\"https:\/\/israelmagazine.co.il\/sabonner-au-magazine\/\\\" target=\\\"_blank\\\" rel=\\\"noopener noreferrer\\\"><img class=\\\"wp-image-53593 aligncenter\\\" src=\\\"https:\/\/israelmagazine.co.il\/wp-content\/uploads\/2020\/03\/camp-ABO1-1200x628-300x157.jpg\\\" alt=\\\"camp-ABO1-1200x628\\\" width=\\\"464\\\" height=\\\"259\\\" \/><\/a><\/p>\n<p class=\\\"p2\\\"><span class=\\\"s5\\\"><a href=\\\"https:\/\/fr.calameo.com\/read\/0010965002cfce9dee566?authid=IRnvqb59CRHm\\\" target=\\\"_blank\\\" rel=\\\"noopener noreferrer\\\">https:\/\/fr.calameo.com\/read\/0010965002cfce9dee566?authid=IRnvqb59CRHm<\/a><\/span><\/p>\n","protected":false},"excerpt":{"rendered":"<p>Benyamin Netanyahou, le 29 mai 2019, \u00e0 la Knesset, apr\u00e8s la d\u00e9cision de dissoudre l\\&rsquo;Assembl\u00e9e.\u00a0Menahem Kahana \/ AFP Benjamin Netanyahou demande de retarder l\\&rsquo;ouverture de son proc\u00e8s citant un retard technique en raison de l\\&rsquo;absence de documents qui n\\&rsquo;auraient pas \u00e9t\u00e9 \u00e0 la disposition de l\\&rsquo;\u00e9quipe de la d\u00e9fense, l\\&rsquo;avocat de\u00a0\u00a0Bibi Netanyahou, Amit Hadad, a &hellip;<\/p>\n<p class=\"read-more\"> <a class=\"\" href=\"https:\/\/israelmagazine.net\/?p=53608\"> <span class=\"screen-reader-text\">Netanyahu soumet une demande de retarder l\\&rsquo;ouverture d\\&rsquo;un proc\u00e8s p\u00e9nal<\/span> Lire la suite \u00bb<\/a><\/p>\n","protected":false},"author":4,"featured_media":53609,"comment_status":"open","ping_status":"open","sticky":false,"template":"","format":"standard","meta":{"site-sidebar-layout":"default","site-content-layout":"default","ast-global-header-display":"","ast-main-header-display":"","ast-hfb-above-header-display":"","ast-hfb-below-header-display":"","ast-hfb-mobile-header-display":"","site-post-title":"","ast-breadcrumbs-content":"","ast-featured-img":"","footer-sml-layout":"","theme-transparent-header-meta":"","adv-header-id-meta":"","stick-header-meta":"","header-above-stick-meta":"","header-main-stick-meta":"","header-below-stick-meta":""},"categories":[1687,84,1621,1617,1767,1611,1613,1623,1191],"tags":[2134,2135,2136,2137,2138,2139,228,2140,2141],"sujet":[],"_links":{"self":[{"href":"https:\/\/israelmagazine.net\/index.php?rest_route=\/wp\/v2\/posts\/53608"}],"collection":[{"href":"https:\/\/israelmagazine.net\/index.php?rest_route=\/wp\/v2\/posts"}],"about":[{"href":"https:\/\/israelmagazine.net\/index.php?rest_route=\/wp\/v2\/types\/post"}],"author":[{"embeddable":true,"href":"https:\/\/israelmagazine.net\/index.php?rest_route=\/wp\/v2\/users\/4"}],"replies":[{"embeddable":true,"href":"https:\/\/israelmagazine.net\/index.php?rest_route=%2Fwp%2Fv2%2Fcomments&post=53608"}],"version-history":[{"count":0,"href":"https:\/\/israelmagazine.net\/index.php?rest_route=\/wp\/v2\/posts\/53608\/revisions"}],"wp:featuredmedia":[{"embeddable":true,"href":"https:\/\/israelmagazine.net\/index.php?rest_route=\/"}],"wp:attachment":[{"href":"https:\/\/israelmagazine.net\/index.php?rest_route=%2Fwp%2Fv2%2Fmedia&parent=53608"}],"wp:term":[{"taxonomy":"category","embeddable":true,"href":"https:\/\/israelmagazine.net\/index.php?rest_route=%2Fwp%2Fv2%2Fcategories&post=53608"},{"taxonomy":"post_tag","embeddable":true,"href":"https:\/\/israelmagazine.net\/index.php?rest_route=%2Fwp%2Fv2%2Ftags&post=53608"},{"taxonomy":"sujet","embeddable":true,"href":"https:\/\/israelmagazine.net\/index.php?rest_route=%2Fwp%2Fv2%2Fsujet&post=53608"}],"curies":[{"name":"wp","href":"https:\/\/api.w.org\/{rel}","templated":true}]}}