{"id":53612,"date":"2020-03-09T13:15:28","date_gmt":"2020-03-09T12:15:28","guid":{"rendered":"https:\/\/israelmagazine.net\/?p=53612"},"modified":"2020-03-09T13:15:28","modified_gmt":"2020-03-09T12:15:28","slug":"des-lyceens-au-bresil-font-le-salut-hitlerien-pendant-les-cours","status":"publish","type":"post","link":"https:\/\/israelmagazine.net\/?p=53612","title":{"rendered":"Des lyc\u00e9ens au Br\u00e9sil font le salut hitl\u00e9rien pendant les cours"},"content":{"rendered":"<div>\n<div>\n<h5>Salut Hitlerien, illustration (Photo: AFP)<\/h5>\n<h3><span style=\\\"font-weight: 400; font-size: 16px;\\\">Une image publi\u00e9e sur Instagram d\\&rsquo;adolescents imitant le geste nazi \u00e0 l\\&rsquo;appui d\\&rsquo;un camarade de classe provoque un toll\u00e9 ; les directeurs d\\&rsquo;\u00e9cole convoquent des \u00e9l\u00e8ves et leur inflige une suspension de cours d\\&rsquo;une semaine.<\/span><\/h3>\n<p>Un groupe de 11 \u00e9l\u00e8ves d\\&rsquo;un lyc\u00e9e br\u00e9silien a pr\u00e9sent\u00e9 le salut hitl\u00e9rien en soutien \u00e0 son camarade de classe qui se pr\u00e9sentait pour le repr\u00e9sentant de la classe, a rapport\u00e9 l\\&rsquo;Agence juive t\u00e9l\u00e9graphique. Des \u00e9l\u00e8ves \u00e2g\u00e9s de 16 \u00e0 17 ans, inscrits \u00e0 l\\&rsquo;\u00e9cole Saint Mary de Recife, une \u00e9cole priv\u00e9e du nord-est du Br\u00e9sil, ont tendu les bras pendant une le\u00e7on, imitant le geste utilis\u00e9 par les nazis pour montrer leur soutien au leader Adolf Hitler. La photo a \u00e9t\u00e9 publi\u00e9e sur Instagram mercredi avec un message contenant des termes li\u00e9s aux nazis tels que \\\u00a0\u00bbAryen\\\u00a0\u00bb et \\\u00a0\u00bbQuatri\u00e8me Reich\\\u00a0\u00bb, selon le quotidien Folha de Sao Paulo et d\\&rsquo;autres m\u00e9dias br\u00e9siliens.<\/p>\n<\/div>\n<blockquote>\n<h3 style=\\\"font-weight: 400;\\\"><strong>\\\u00a0\u00bbIl promet d\\&rsquo;\u00eatre le nouveau F\u00fchrer pour la cr\u00e9ation d\\&rsquo;un nouveau Reich\\\u00a0\u00bb, a indiqu\u00e9 le journal.<\/strong><\/h3>\n<\/blockquote>\n<p style=\\\"font-weight: 400;\\\">Jeudi, le directeur de l\\&rsquo;\u00e9cole a convoqu\u00e9 les \u00e9l\u00e8ves impliqu\u00e9s, leur a inflig\u00e9 une suspension d\\&rsquo;une semaine et s\\&rsquo;est \u00e9galement entretenu avec les parents. Le compte Instagram o\u00f9 la photo a \u00e9t\u00e9 publi\u00e9e a depuis \u00e9t\u00e9 supprim\u00e9. \\\u00a0\u00bbNous nous excusons aupr\u00e8s de tous ceux qui ont \u00e9t\u00e9 offens\u00e9s\\\u00a0\u00bb, a d\u00e9clar\u00e9 la direction de l\\&rsquo;\u00e9tablissement dans un communiqu\u00e9. \\\u00a0\u00bbNotre \u00e9cole ne tol\u00e8re aucun comportement allant \u00e0 l\\&rsquo;encontre des valeurs chr\u00e9tiennes et \u00e9thiques et de l\\&rsquo;appr\u00e9ciation de la vie ainsi que du respect des races, des peuples et des croyances.\\\u00a0\u00bb Une controverse similaire a \u00e9clat\u00e9 aux \u00c9tats-Unis l\\&rsquo;ann\u00e9e derni\u00e8re apr\u00e8s qu\\&rsquo;un groupe d\\&rsquo;athl\u00e8tes de l\\&rsquo;\u00e9quipe de water-polo de Pacifica High School \u00e0 Garden Grove, en Californie, a \u00e9t\u00e9 film\u00e9 en train de saluer Hitler et de chanter une chanson de marche allemande de la Seconde Guerre mondiale lors d\\&rsquo;une c\u00e9r\u00e9monie de remise des prix la derni\u00e8re fois.<\/p>\n<p style=\\\"font-weight: 400;\\\"><strong>Des \u00e9l\u00e8ves saluent Hitler au lyc\u00e9e californien<\/strong><\/p>\n<p style=\\\"font-weight: 400;\\\">La chanson chant\u00e9e par les athl\u00e8tes de Garden Grove \u00e9tait une chanson de marche \u00e9crite par le compositeur allemand et membre du parti nazi Herms Niel dans les ann\u00e9es 1930. Initialement publi\u00e9e en 1938, la chanson de Niel est devenue un succ\u00e8s instantan\u00e9 en Allemagne sous le r\u00e9gime nazi. La chanson, intitul\u00e9e Erika, faisant r\u00e9f\u00e9rence \u00e0 la fois \u00e0 un pr\u00e9nom f\u00e9minin allemand commun et au mot allemand pour bruy\u00e8re, a \u00e9t\u00e9 adopt\u00e9e par les forces arm\u00e9es de la Wehrmacht et est devenue incontestablement li\u00e9e \u00e0 l\\&rsquo;\u00e9poque nazie. La chanson a connu un regain de popularit\u00e9 ces derni\u00e8res ann\u00e9es chez des internautes, \u00e0 l\\&rsquo;origine de nombreuses controverses en ligne et connus pour leur sens de l\\&rsquo;humour sombre et tr\u00e8s offensant et leurs farces en ligne destructrices. De plus, de nombreux remixes et rendus de la chanson sont disponibles sur YouTube et ont recueilli des millions de vues. Les responsables de l\\&rsquo;\u00e9cole locale ont d\u00e9clar\u00e9 qu\\&rsquo;ils ouvriraient une enqu\u00eate sur l\\&rsquo;incident.<\/p>\n<\/div>\n<p style=\\\"font-weight: 400;\\\">Par Andr\u00e9 Darmon<\/p>\n<blockquote class=\"wp-embedded-content\" data-secret=\"Lgu1KGbGkT\"><p><a href=\"https:\/\/israelmagazine.co.il\/coronavirus-la-chine-et-le-defi-au-judaisme\/\">Coronavirus : la Chine et le d\u00e9fi au Juda\u00efsme<\/a><\/p><\/blockquote>\n<p><iframe class=\"wp-embedded-content\" sandbox=\"allow-scripts\" security=\"restricted\" style=\"position: absolute; clip: rect(1px, 1px, 1px, 1px);\" title=\"\u00ab\u00a0Coronavirus : la Chine et le d\u00e9fi au Juda\u00efsme\u00a0\u00bb &#8212; Israel Magazine\" src=\"https:\/\/israelmagazine.co.il\/coronavirus-la-chine-et-le-defi-au-judaisme\/embed\/#?secret=6qU6zCaV2t#?secret=Lgu1KGbGkT\" data-secret=\"Lgu1KGbGkT\" width=\"500\" height=\"282\" frameborder=\"0\" marginwidth=\"0\" marginheight=\"0\" scrolling=\"no\"><\/iframe><\/p>\n<h4 class=\\\"p1\\\"><span class=\\\"s1\\\">La suite de l\u2019article se trouve dans le prochain num\u00e9ro d\u2019Isra\u00ebl Magazine<\/span><\/h4>\n<p class=\\\"p1\\\"><span class=\\\"s1\\\">S\u2019abonner au magazine par t\u00e9l\u00e9phone ou par whats app 00972 (0) 54 254 45 20 ou au 0186982727\u00a0\u00a0\u00a0<\/span><\/p>\n<p class=\\\"p2\\\"><span class=\\\"s2\\\">Par email\u00a0\u00a0<a href=\\\"mailto:Andredarmon78@gmail.com\\\"><span class=\\\"s3\\\">Andredarmon78@gmail.com<\/span><\/a><\/span><\/p>\n<p class=\\\"p1\\\"><span class=\\\"s1\\\">Ou directement sur le site\u00a0<a href=\\\"http:\/\/www.israelmagazine.co.il\/\\\"><span class=\\\"s4\\\">www.israelmagazine.co.il<\/span><\/a><\/span><\/p>\n<p class=\\\"p1\\\"><span class=\\\"s1\\\">D\u00e9couvrez un exemplaire du magazine gratuitement et cliquez sur le rebord droit du mag<\/span><\/p>\n<p>&nbsp;<\/p>\n<p><a href=\\\"https:\/\/israelmagazine.co.il\/sabonner-au-magazine\/\\\" target=\\\"_blank\\\" rel=\\\"noopener noreferrer\\\"><img class=\\\"wp-image-53593 aligncenter\\\" src=\\\"https:\/\/israelmagazine.co.il\/wp-content\/uploads\/2020\/03\/camp-ABO1-1200x628-300x157.jpg\\\" alt=\\\"camp-ABO1-1200x628\\\" width=\\\"464\\\" height=\\\"259\\\" \/><\/a><\/p>\n<p class=\\\"p2\\\"><span class=\\\"s5\\\"><a href=\\\"https:\/\/fr.calameo.com\/read\/0010965002cfce9dee566?authid=IRnvqb59CRHm\\\" target=\\\"_blank\\\" rel=\\\"noopener noreferrer\\\">https:\/\/fr.calameo.com\/read\/0010965002cfce9dee566?authid=IRnvqb59CRHm<\/a><\/span><\/p>\n","protected":false},"excerpt":{"rendered":"<p>Salut Hitlerien, illustration (Photo: AFP) Une image publi\u00e9e sur Instagram d\\&rsquo;adolescents imitant le geste nazi \u00e0 l\\&rsquo;appui d\\&rsquo;un camarade de classe provoque un toll\u00e9 ; les directeurs d\\&rsquo;\u00e9cole convoquent des \u00e9l\u00e8ves et leur inflige une suspension de cours d\\&rsquo;une semaine. Un groupe de 11 \u00e9l\u00e8ves d\\&rsquo;un lyc\u00e9e br\u00e9silien a pr\u00e9sent\u00e9 le salut hitl\u00e9rien en soutien &hellip;<\/p>\n<p class=\"read-more\"> <a class=\"\" href=\"https:\/\/israelmagazine.net\/?p=53612\"> <span class=\"screen-reader-text\">Des lyc\u00e9ens au Br\u00e9sil font le salut hitl\u00e9rien pendant les cours<\/span> Lire la suite \u00bb<\/a><\/p>\n","protected":false},"author":4,"featured_media":53613,"comment_status":"open","ping_status":"open","sticky":false,"template":"","format":"standard","meta":{"site-sidebar-layout":"default","site-content-layout":"default","ast-global-header-display":"","ast-main-header-display":"","ast-hfb-above-header-display":"","ast-hfb-below-header-display":"","ast-hfb-mobile-header-display":"","site-post-title":"","ast-breadcrumbs-content":"","ast-featured-img":"","footer-sml-layout":"","theme-transparent-header-meta":"","adv-header-id-meta":"","stick-header-meta":"","header-above-stick-meta":"","header-main-stick-meta":"","header-below-stick-meta":""},"categories":[1687,84,1621,814,1612,1617,1767,1613,1674,1615],"tags":[2142,2143,2144,2145,2146,2147,2148,2149,1749,2150,2151],"sujet":[],"_links":{"self":[{"href":"https:\/\/israelmagazine.net\/index.php?rest_route=\/wp\/v2\/posts\/53612"}],"collection":[{"href":"https:\/\/israelmagazine.net\/index.php?rest_route=\/wp\/v2\/posts"}],"about":[{"href":"https:\/\/israelmagazine.net\/index.php?rest_route=\/wp\/v2\/types\/post"}],"author":[{"embeddable":true,"href":"https:\/\/israelmagazine.net\/index.php?rest_route=\/wp\/v2\/users\/4"}],"replies":[{"embeddable":true,"href":"https:\/\/israelmagazine.net\/index.php?rest_route=%2Fwp%2Fv2%2Fcomments&post=53612"}],"version-history":[{"count":0,"href":"https:\/\/israelmagazine.net\/index.php?rest_route=\/wp\/v2\/posts\/53612\/revisions"}],"wp:featuredmedia":[{"embeddable":true,"href":"https:\/\/israelmagazine.net\/index.php?rest_route=\/"}],"wp:attachment":[{"href":"https:\/\/israelmagazine.net\/index.php?rest_route=%2Fwp%2Fv2%2Fmedia&parent=53612"}],"wp:term":[{"taxonomy":"category","embeddable":true,"href":"https:\/\/israelmagazine.net\/index.php?rest_route=%2Fwp%2Fv2%2Fcategories&post=53612"},{"taxonomy":"post_tag","embeddable":true,"href":"https:\/\/israelmagazine.net\/index.php?rest_route=%2Fwp%2Fv2%2Ftags&post=53612"},{"taxonomy":"sujet","embeddable":true,"href":"https:\/\/israelmagazine.net\/index.php?rest_route=%2Fwp%2Fv2%2Fsujet&post=53612"}],"curies":[{"name":"wp","href":"https:\/\/api.w.org\/{rel}","templated":true}]}}