{"id":53621,"date":"2020-03-11T10:09:47","date_gmt":"2020-03-11T09:09:47","guid":{"rendered":"https:\/\/israelmagazine.net\/?p=53621"},"modified":"2020-03-11T10:09:47","modified_gmt":"2020-03-11T09:09:47","slug":"pas-engage-dans-un-partenariat-avec-meretz","status":"publish","type":"post","link":"https:\/\/israelmagazine.net\/?p=53621","title":{"rendered":"Orly Abecassis Levy s\\&rsquo;oppose \u00e0 un gouvernement minoritaire"},"content":{"rendered":"<div><\/div>\n<h3 style=\\\"font-weight: 400;\\\"><strong>Pas engag\u00e9 dans un partenariat avec Meretz<\/strong><\/h3>\n<p style=\\\"font-weight: 400;\\\">Orly Abecassis, Levy patronne du parti Guesher et membre du regroupement Avoda Guesher Meretz a annonc\u00e9 qu\\&rsquo;elle ne soutiendrait pas \\\u00a0\u00bbun gouvernement qui se fonde sur les bulletins de vote et la liste commune arabe.\\\u00a0\u00bb<\/p>\n<blockquote>\n<h3 style=\\\"font-weight: 400;\\\">\\\u00a0\u00bb Elle a ajout\u00e9: \\\u00a0\u00bbJe ne me vois plus engag\u00e9e dans un partenariat avec Meretz, pour lequel on nous a forc\u00e9 la main, Amir Peretz et moi\\\u00a0\u00bb. \u00a0\\\u00a0\u00bb<\/h3>\n<\/blockquote>\n<p style=\\\"font-weight: 400;\\\">La d\u00e9put\u00e9 Orly Levy a donc annonc\u00e9 mardi qu\\&rsquo;elle ne soutiendrait pas un gouvernement minoritaire: \\\u00a0\u00bbJe ne soutiendrai pas un gouvernement qui s\\&rsquo;appuie sur BaLAD ( dont plusieurs d\u00e9put\u00e9s e sont av\u00e9r\u00e9s des espions et des terroristes dans le pass\u00e9) et la liste arabe commune \\\u00a0\u00bb. Elle a \u00e9galement d\u00e9clar\u00e9 qu\\&rsquo;elle ne se consid\u00e9rait plus comme engag\u00e9e dans un partenariat avec Meretz, \\\u00a0\u00bbqui a \u00e9t\u00e9 impos\u00e9 \u00e0 moi et \u00e0 Amir Peretz mes partenaires, sous la pression de nombreux groupes, notamment Bleu et Blanc. Je l\\&rsquo;ai dit avant les \u00e9lections et je le dis apr\u00e8s. Alors que les principes de base sont viol\u00e9s devant nous, je voudrais clarifier certaines choses: nous sommes tous les t\u00e9moins de dirigeants qui ont promis cr\u00e9dibilit\u00e9 et responsabilit\u00e9, et qui se livrent actuellement \u00e0 un lobbying honteux et sont pr\u00eats \u00e0 payer n\\&rsquo;importe quel prix \u00e0 n\\&rsquo;importe quel gouvernement, Si\u00a0\u00a0\\\u00a0\u00bb<\/p>\n<p style=\\\"font-weight: 400;\\\">Elle a d\u00e9clar\u00e9 : \u00a0Il est tout aussi inqui\u00e9tant que des d\u00e9cisions de grande port\u00e9e telles que des n\u00e9gociations avec la liste arabe commune, y compris\u00a0BLD, soient prises dans un cercle tr\u00e8s limit\u00e9. Cela obligerait certains membres de la\u00a0Knesset\u00a0\u00e0 rejoindre le bloc. Je le dis clairement : cela ne m\\&rsquo;engage pas. Les citoyens isra\u00e9liens sont en droit d\\&rsquo;attendre de leurs repr\u00e9sentants qu\\&rsquo;ils agissent de mani\u00e8re responsable et fiable dans l\\&rsquo;accomplissement de leurs promesses \u00e0 leur \u00e9gard.<\/p>\n<p style=\\\"font-weight: 400;\\\">Jackie Levy, le fr\u00e8re d\\&rsquo;Orly et homme du Likoud, \u00e9tait impliqu\u00e9 dans ce refus, et avec lequel elle a eu plusieurs entretiens. L\\&rsquo;annonce surprise de MK Levi est un coup dur pour le d\u00e9put\u00e9 Amir Peretz, alors qu\\&rsquo;ils sont consid\u00e9r\u00e9s comme tr\u00e8s proches et en phase. \\\u00a0\u00bbPeretz se sent trahi. Il en est choqu\u00e9. Beny Gants, malgr\u00e9 le soutien de Libermann et devant le refus aussi de d\u00e9put\u00e9s de Bleu Blanc de s\\&rsquo;appuyer sur un gouvernement minoritaire pourrait abandonner son id\u00e9e de le former. Orly L\u00e9vy pourrait rejoindre le Likoud et Bibi Netanyahou. Avec la promesse de recevoir un grand minist\u00e8re et le soutien du Likoud pour que le p\u00e8re d\\&rsquo;Orly, l\\&rsquo;ancien ministre des Affaires \u00e9trang\u00e8res, David Levy devienne le prochain pr\u00e9sident de l\\&rsquo;Etat d\\&rsquo; Isar\u00ebl.<\/p>\n<p style=\\\"font-weight: 400;\\\">Par Andr\u00e9 Darmon<\/p>\n<blockquote class=\"wp-embedded-content\" data-secret=\"PSyXWrKNoY\"><p><a href=\"https:\/\/israelmagazine.co.il\/coronavirus-la-chine-et-le-defi-au-judaisme\/\">Coronavirus : la Chine et le d\u00e9fi au Juda\u00efsme<\/a><\/p><\/blockquote>\n<p><iframe class=\"wp-embedded-content\" sandbox=\"allow-scripts\" security=\"restricted\" style=\"position: absolute; clip: rect(1px, 1px, 1px, 1px);\" title=\"\u00ab\u00a0Coronavirus : la Chine et le d\u00e9fi au Juda\u00efsme\u00a0\u00bb &#8212; Israel Magazine\" src=\"https:\/\/israelmagazine.co.il\/coronavirus-la-chine-et-le-defi-au-judaisme\/embed\/#?secret=Y5jxK59LWE#?secret=PSyXWrKNoY\" data-secret=\"PSyXWrKNoY\" width=\"500\" height=\"282\" frameborder=\"0\" marginwidth=\"0\" marginheight=\"0\" scrolling=\"no\"><\/iframe><\/p>\n<h4 class=\\\"p1\\\"><span class=\\\"s1\\\">La suite de l\u2019article se trouve dans le prochain num\u00e9ro d\u2019Isra\u00ebl Magazine<\/span><\/h4>\n<p class=\\\"p1\\\"><span class=\\\"s1\\\">S\u2019abonner au magazine par t\u00e9l\u00e9phone ou par whats app 00972 (0) 54 254 45 20 ou au 0186982727\u00a0\u00a0\u00a0<\/span><\/p>\n<p class=\\\"p2\\\"><span class=\\\"s2\\\">Par email\u00a0\u00a0<a href=\\\"mailto:Andredarmon78@gmail.com\\\"><span class=\\\"s3\\\">Andredarmon78@gmail.com<\/span><\/a><\/span><\/p>\n<p class=\\\"p1\\\"><span class=\\\"s1\\\">Ou directement sur le site\u00a0<a href=\\\"http:\/\/www.israelmagazine.co.il\/\\\"><span class=\\\"s4\\\">www.israelmagazine.co.il<\/span><\/a><\/span><\/p>\n<p class=\\\"p1\\\"><span class=\\\"s1\\\">D\u00e9couvrez un exemplaire du magazine gratuitement et cliquez sur le rebord droit du mag<\/span><\/p>\n<p><a href=\\\"https:\/\/israelmagazine.co.il\/sabonner-au-magazine\/\\\" target=\\\"_blank\\\" rel=\\\"noopener noreferrer\\\"><img class=\\\"wp-image-53593 aligncenter\\\" src=\\\"https:\/\/israelmagazine.co.il\/wp-content\/uploads\/2020\/03\/camp-ABO1-1200x628-300x157.jpg\\\" alt=\\\"camp-ABO1-1200x628\\\" width=\\\"464\\\" height=\\\"259\\\" \/><\/a><\/p>\n<p class=\\\"p2\\\"><span class=\\\"s5\\\"><a href=\\\"https:\/\/fr.calameo.com\/read\/0010965002cfce9dee566?authid=IRnvqb59CRHm\\\" target=\\\"_blank\\\" rel=\\\"noopener noreferrer\\\">https:\/\/fr.calameo.com\/read\/0010965002cfce9dee566?authid=IRnvqb59CRHm<\/a><\/span><\/p>\n","protected":false},"excerpt":{"rendered":"<p>Pas engag\u00e9 dans un partenariat avec Meretz Orly Abecassis, Levy patronne du parti Guesher et membre du regroupement Avoda Guesher Meretz a annonc\u00e9 qu\\&rsquo;elle ne soutiendrait pas \\\u00a0\u00bbun gouvernement qui se fonde sur les bulletins de vote et la liste commune arabe.\\\u00a0\u00bb \\\u00a0\u00bb Elle a ajout\u00e9: \\\u00a0\u00bbJe ne me vois plus engag\u00e9e dans un partenariat &hellip;<\/p>\n<p class=\"read-more\"> <a class=\"\" href=\"https:\/\/israelmagazine.net\/?p=53621\"> <span class=\"screen-reader-text\">Orly Abecassis Levy s\\&rsquo;oppose \u00e0 un gouvernement minoritaire<\/span> Lire la suite \u00bb<\/a><\/p>\n","protected":false},"author":4,"featured_media":53622,"comment_status":"open","ping_status":"open","sticky":false,"template":"","format":"standard","meta":{"site-sidebar-layout":"default","site-content-layout":"default","ast-global-header-display":"","ast-main-header-display":"","ast-hfb-above-header-display":"","ast-hfb-below-header-display":"","ast-hfb-mobile-header-display":"","site-post-title":"","ast-breadcrumbs-content":"","ast-featured-img":"","footer-sml-layout":"","theme-transparent-header-meta":"","adv-header-id-meta":"","stick-header-meta":"","header-above-stick-meta":"","header-main-stick-meta":"","header-below-stick-meta":""},"categories":[1687,84,1621,814,1767,1611,1613,1191],"tags":[2152,2153,2154,2155,2156,2157,2158,2159,2160,2161,2162],"sujet":[],"_links":{"self":[{"href":"https:\/\/israelmagazine.net\/index.php?rest_route=\/wp\/v2\/posts\/53621"}],"collection":[{"href":"https:\/\/israelmagazine.net\/index.php?rest_route=\/wp\/v2\/posts"}],"about":[{"href":"https:\/\/israelmagazine.net\/index.php?rest_route=\/wp\/v2\/types\/post"}],"author":[{"embeddable":true,"href":"https:\/\/israelmagazine.net\/index.php?rest_route=\/wp\/v2\/users\/4"}],"replies":[{"embeddable":true,"href":"https:\/\/israelmagazine.net\/index.php?rest_route=%2Fwp%2Fv2%2Fcomments&post=53621"}],"version-history":[{"count":0,"href":"https:\/\/israelmagazine.net\/index.php?rest_route=\/wp\/v2\/posts\/53621\/revisions"}],"wp:featuredmedia":[{"embeddable":true,"href":"https:\/\/israelmagazine.net\/index.php?rest_route=\/"}],"wp:attachment":[{"href":"https:\/\/israelmagazine.net\/index.php?rest_route=%2Fwp%2Fv2%2Fmedia&parent=53621"}],"wp:term":[{"taxonomy":"category","embeddable":true,"href":"https:\/\/israelmagazine.net\/index.php?rest_route=%2Fwp%2Fv2%2Fcategories&post=53621"},{"taxonomy":"post_tag","embeddable":true,"href":"https:\/\/israelmagazine.net\/index.php?rest_route=%2Fwp%2Fv2%2Ftags&post=53621"},{"taxonomy":"sujet","embeddable":true,"href":"https:\/\/israelmagazine.net\/index.php?rest_route=%2Fwp%2Fv2%2Fsujet&post=53621"}],"curies":[{"name":"wp","href":"https:\/\/api.w.org\/{rel}","templated":true}]}}