{"id":53638,"date":"2020-03-12T15:16:15","date_gmt":"2020-03-12T14:16:15","guid":{"rendered":"https:\/\/israelmagazine.net\/?p=53638"},"modified":"2020-03-12T15:16:15","modified_gmt":"2020-03-12T14:16:15","slug":"yair-lapid-un-gouvernement-minoritaire-ou-une-quatrieme-election","status":"publish","type":"post","link":"https:\/\/israelmagazine.net\/?p=53638","title":{"rendered":"Yair Lapid : un gouvernement minoritaire ou une quatri\u00e8me \u00e9lection"},"content":{"rendered":"<h5 style=\\\"font-weight: 400;\\\">\u00a9 GPO\/Haim Zach<\/h5>\n<h3 style=\\\"font-weight: 400;\\\"><strong>Le num\u00e9ro 2 de Cahol Lavan vise ainsi les d\u00e9put\u00e9s du parti oppos\u00e9s \u00e0 une alliance avec la liste conjointe arabe. il affirme que la situation id\u00e9ale serait un gouvernement d\\&rsquo;unit\u00e9 avec le Premier ministre en rotation, mais Netanyahou ne le permettrait pas car sa principale pr\u00e9occupation est d\\&rsquo;\u00e9chapper \u00e0 ses probl\u00e8mes juridiques.<\/strong><\/h3>\n<p style=\\\"font-weight: 400;\\\">\u00a0Yair\u00a0Lapid, a d\u00e9clar\u00e9 mardi que le parti \u00e9tait confront\u00e9 \u00e0 deux options: soit former un gouvernement minoritaire avec le soutien ext\u00e9rieur de la Liste commune malgr\u00e9 le refus de ses d\u00e9put\u00e9s\u00a0Yoaz\u00a0Hendel\u00a0et\u00a0Zvi\u00a0Hauser, soit organiser la quatri\u00e8me \u00e9lection\u00a0d\\&rsquo;Isra\u00ebl\u00a0depuis avril 2019.<\/p>\n<p style=\\\"font-weight: 400;\\\">\\\u00a0\u00bbLes deux options sont difficiles, alors que l\\&rsquo;une est inacceptable\\\u00a0\u00bb, a \u00e9crit\u00a0Lapid\u00a0sur sa page\u00a0Facebook. \\\u00a0\u00bbLa meilleure option est celle que le Premier ministre Benjamin\u00a0Netanyahou\u00a0a rejet\u00e9e cat\u00e9goriquement, un gouvernement d\\&rsquo;unit\u00e9 nationale.\\\u00a0\u00bb<\/p>\n<p style=\\\"font-weight: 400;\\\">\\\u00a0\u00bbC\\&rsquo;est ce pour quoi nous nous sommes efforc\u00e9s depuis le tout d\u00e9but, et c\\&rsquo;est ce pour quoi nous nous effor\u00e7ons encore aujourd\\&rsquo;hui\\\u00a0\u00bb, \u00e9crit-il. \\\u00a0\u00bbUn gouvernement d\\&rsquo;unit\u00e9 stable avec une rotation [pour le Premier ministre], \u00e0 commencer par\u00a0Benny\u00a0Gantz\u00a0puisque\u00a0Netanyahou\u00a0sera tr\u00e8s probablement devant le tribunal.\\\u00a0\u00bb Selon\u00a0Lapid,\u00a0Netanyahou\u00a0a rejet\u00e9 avec v\u00e9h\u00e9mence une proposition de gouvernement d\\&rsquo;unit\u00e9, car elle ferait \u00e9chouer ses plans pour \u00e9chapper aux poursuites en modifiant la loi afin de lui accorder l\\&rsquo;immunit\u00e9 contre ses accusations criminelles. Son proc\u00e8s devrait commencer le 17 mars. \\\u00a0\u00bbLa seule chose qui l\\&rsquo;int\u00e9resse, ce sont ses trois actes d\\&rsquo;accusation\\\u00a0\u00bb, a d\u00e9clar\u00e9\u00a0Lapid. \\\u00a0\u00bbIl ne veut pas d\\&rsquo;unit\u00e9 parce qu\\&rsquo;il sait qu\\&rsquo;il ne sera pas en mesure de l\u00e9gif\u00e9rer une loi sur l\\&rsquo;immunit\u00e9 [qui l\\&rsquo;exempterait de poursuites tout en \u00e9tant Premier ministre] ainsi qu\\&rsquo;une l\u00e9gislation qui d\u00e9truirait effectivement l\\&rsquo;autorit\u00e9 de la Cour supr\u00eame\\\u00a0\u00bb.<\/p>\n<p style=\\\"font-weight: 400;\\\">Lapid\u00a0a d\u00e9clar\u00e9 que son parti formerait un gouvernement \u00e9troit avec\u00a0Yisrael\u00a0Beytenu\u00a0d\\&rsquo;Avigdor\u00a0Liberman\u00a0et le Parti travailliste. \u00a0\\\u00a0\u00bbContrairement aux mensonges que\u00a0Netanyahou\u00a0essaie de r\u00e9pandre, la Liste commune ne fera pas partie de ce gouvernement\\\u00a0\u00bb, a-t-il d\u00e9clar\u00e9. \u00a0Lapid\u00a0a d\u00e9clar\u00e9 qu\\&rsquo;une telle d\u00e9cision serait loin d\\&rsquo;\u00eatre optimale mais encore meilleure qu\\&rsquo;une quatri\u00e8me \u00e9lection, qui, selon lui, \u00e9tait le v\u00e9ritable objectif de\u00a0Netanyahou.\u00a0Hendel\u00a0et\u00a0Hauser\u00a0ont exprim\u00e9 leur opposition \u00e0 la possibilit\u00e9 de former un gouvernement de centre-gauche minoritaire soutenu par la Liste commune, malgr\u00e9 de nombreuses tentatives pour les convaincre du contraire.<\/p>\n<p style=\\\"font-weight: 400;\\\">Apr\u00e8s leur d\u00e9saccord avec Gantz concernant un gouvernement de coalition, le num\u00e9ro 3 du parti, Moshe Ya\\&rsquo;alon, a d\u00e9clar\u00e9 qu\\&rsquo;il s\\&rsquo;attendait \u00e0 ce que les deux tirent leurs propres conclusions concernant leur avenir au sein du parti s\\&rsquo;ils tentaient de saboter les efforts de Gantz. Selon des sources proches des deux d\u00e9put\u00e9s, ils restent cat\u00e9goriques dans leur refus d\\&rsquo;accepter un gouvernement \u00e9troit. Alors que Hendel et Hauser sont ceux qui m\u00e8nent l\\&rsquo;opposition au sein de Cahol Lavan \u00e0 un gouvernement soutenu par la liste commune, des sources proches du parti ont affirm\u00e9 que d\\&rsquo;autres d\u00e9put\u00e9s se sentaient \\\u00a0\u00bbmal \u00e0 l\\&rsquo;aise\\\u00a0\u00bb avec une telle d\u00e9cision. Hili Tropper, un proche de Gantz a en huis clos, exprim\u00e9 sa r\u00e9ticence \u00e0 accepter un gouvernement \u00e9troit.<\/p>\n<h3 style=\\\"font-weight: 400;\\\"><strong>Balad<\/strong><\/h3>\n<h3 style=\\\"font-weight: 400; text-align: left;\\\">\\\u00a0\u00bbGantz envoie ses messagers n\u00e9gocier avec Balad\\\u00a0\u00bb, a d\u00e9clar\u00e9 Netanyahou, faisant r\u00e9f\u00e9rence \u00e0 l\\&rsquo;une des factions les plus extr\u00e9mistes qui composent la Liste commune. Le ministre de l\\&rsquo;int\u00e9gration, Yariv Levin, du Likoud, a \u00e9galement attaqu\u00e9 les plans de Gantz, qualifiant les membres de la Liste commune de \\\u00a0\u00bbpartisans du terrorisme\\\u00a0\u00bb. Selon Levin, Gantz n\\&rsquo;est \\\u00a0\u00bbpas dispos\u00e9 \u00e0 accepter le choix du public lors des \u00e9lections\\\u00a0\u00bb.<\/h3>\n<h3 style=\\\"font-weight: 400; text-align: center;\\\"><strong>\\\u00a0\u00bbLe\u00a0Likoud\u00a0est le plus grand parti avec 36 si\u00e8ges, c\\&rsquo;est une victoire \u00e0 \u00e9limination directe\\\u00a0\u00bb, a d\u00e9clar\u00e9\u00a0Levin.<\/strong><\/h3>\n<p style=\\\"font-weight: 400;\\\">Par Andr\u00e9 Darmon<\/p>\n<blockquote class=\"wp-embedded-content\" data-secret=\"cn0RWwRlTD\"><p><a href=\"https:\/\/israelmagazine.co.il\/coronavirus-la-chine-et-le-defi-au-judaisme\/\">Coronavirus : la Chine et le d\u00e9fi au Juda\u00efsme<\/a><\/p><\/blockquote>\n<p><iframe class=\"wp-embedded-content\" sandbox=\"allow-scripts\" security=\"restricted\" style=\"position: absolute; clip: rect(1px, 1px, 1px, 1px);\" title=\"\u00ab\u00a0Coronavirus : la Chine et le d\u00e9fi au Juda\u00efsme\u00a0\u00bb &#8212; Israel Magazine\" src=\"https:\/\/israelmagazine.co.il\/coronavirus-la-chine-et-le-defi-au-judaisme\/embed\/#?secret=yCKqwi971m#?secret=cn0RWwRlTD\" data-secret=\"cn0RWwRlTD\" width=\"500\" height=\"282\" frameborder=\"0\" marginwidth=\"0\" marginheight=\"0\" scrolling=\"no\"><\/iframe><\/p>\n<h4 class=\\\"p1\\\"><span class=\\\"s1\\\">La suite de l\u2019article se trouve dans le prochain num\u00e9ro d\u2019Isra\u00ebl Magazine<\/span><\/h4>\n<p class=\\\"p1\\\"><span class=\\\"s1\\\">S\u2019abonner au magazine par t\u00e9l\u00e9phone ou par whats app 00972 (0) 54 254 45 20 ou au 0186982727\u00a0\u00a0\u00a0<\/span><\/p>\n<p class=\\\"p2\\\"><span class=\\\"s2\\\">Par email\u00a0\u00a0<a href=\\\"mailto:Andredarmon78@gmail.com\\\"><span class=\\\"s3\\\">Andredarmon78@gmail.com<\/span><\/a><\/span><\/p>\n<p class=\\\"p1\\\"><span class=\\\"s1\\\">Ou directement sur le site\u00a0<a href=\\\"http:\/\/www.israelmagazine.co.il\/\\\"><span class=\\\"s4\\\">www.israelmagazine.co.il<\/span><\/a><\/span><\/p>\n<p class=\\\"p1\\\"><span class=\\\"s1\\\">D\u00e9couvrez un exemplaire du magazine gratuitement et cliquez sur le rebord droit du mag<\/span><\/p>\n<p><a href=\\\"https:\/\/israelmagazine.co.il\/sabonner-au-magazine\/\\\" target=\\\"_blank\\\" rel=\\\"noopener noreferrer\\\"><img class=\\\"wp-image-53593 aligncenter\\\" src=\\\"https:\/\/israelmagazine.co.il\/wp-content\/uploads\/2020\/03\/camp-ABO1-1200x628-300x157.jpg\\\" alt=\\\"camp-ABO1-1200x628\\\" width=\\\"464\\\" height=\\\"259\\\" \/><\/a><\/p>\n<p class=\\\"p2\\\"><span class=\\\"s5\\\"><a href=\\\"https:\/\/fr.calameo.com\/read\/0010965002cfce9dee566?authid=IRnvqb59CRHm\\\" target=\\\"_blank\\\" rel=\\\"noopener noreferrer\\\">https:\/\/fr.calameo.com\/read\/0010965002cfce9dee566?authid=IRnvqb59CRHm<\/a><\/span><\/p>\n","protected":false},"excerpt":{"rendered":"<p>\u00a9 GPO\/Haim Zach Le num\u00e9ro 2 de Cahol Lavan vise ainsi les d\u00e9put\u00e9s du parti oppos\u00e9s \u00e0 une alliance avec la liste conjointe arabe. il affirme que la situation id\u00e9ale serait un gouvernement d\\&rsquo;unit\u00e9 avec le Premier ministre en rotation, mais Netanyahou ne le permettrait pas car sa principale pr\u00e9occupation est d\\&rsquo;\u00e9chapper \u00e0 ses probl\u00e8mes &hellip;<\/p>\n<p class=\"read-more\"> <a class=\"\" href=\"https:\/\/israelmagazine.net\/?p=53638\"> <span class=\"screen-reader-text\">Yair Lapid : un gouvernement minoritaire ou une quatri\u00e8me \u00e9lection<\/span> Lire la suite \u00bb<\/a><\/p>\n","protected":false},"author":4,"featured_media":53639,"comment_status":"open","ping_status":"open","sticky":false,"template":"","format":"standard","meta":{"site-sidebar-layout":"default","site-content-layout":"default","ast-global-header-display":"","ast-main-header-display":"","ast-hfb-above-header-display":"","ast-hfb-below-header-display":"","ast-hfb-mobile-header-display":"","site-post-title":"","ast-breadcrumbs-content":"","ast-featured-img":"","footer-sml-layout":"","theme-transparent-header-meta":"","adv-header-id-meta":"","stick-header-meta":"","header-above-stick-meta":"","header-main-stick-meta":"","header-below-stick-meta":""},"categories":[1687,84,1621,1767,1611,1613,1191],"tags":[2072,1919,1474,2210,2211,2161,2212,2213,2214],"sujet":[],"_links":{"self":[{"href":"https:\/\/israelmagazine.net\/index.php?rest_route=\/wp\/v2\/posts\/53638"}],"collection":[{"href":"https:\/\/israelmagazine.net\/index.php?rest_route=\/wp\/v2\/posts"}],"about":[{"href":"https:\/\/israelmagazine.net\/index.php?rest_route=\/wp\/v2\/types\/post"}],"author":[{"embeddable":true,"href":"https:\/\/israelmagazine.net\/index.php?rest_route=\/wp\/v2\/users\/4"}],"replies":[{"embeddable":true,"href":"https:\/\/israelmagazine.net\/index.php?rest_route=%2Fwp%2Fv2%2Fcomments&post=53638"}],"version-history":[{"count":0,"href":"https:\/\/israelmagazine.net\/index.php?rest_route=\/wp\/v2\/posts\/53638\/revisions"}],"wp:featuredmedia":[{"embeddable":true,"href":"https:\/\/israelmagazine.net\/index.php?rest_route=\/"}],"wp:attachment":[{"href":"https:\/\/israelmagazine.net\/index.php?rest_route=%2Fwp%2Fv2%2Fmedia&parent=53638"}],"wp:term":[{"taxonomy":"category","embeddable":true,"href":"https:\/\/israelmagazine.net\/index.php?rest_route=%2Fwp%2Fv2%2Fcategories&post=53638"},{"taxonomy":"post_tag","embeddable":true,"href":"https:\/\/israelmagazine.net\/index.php?rest_route=%2Fwp%2Fv2%2Ftags&post=53638"},{"taxonomy":"sujet","embeddable":true,"href":"https:\/\/israelmagazine.net\/index.php?rest_route=%2Fwp%2Fv2%2Fsujet&post=53638"}],"curies":[{"name":"wp","href":"https:\/\/api.w.org\/{rel}","templated":true}]}}