{"id":53650,"date":"2020-03-15T14:12:24","date_gmt":"2020-03-15T13:12:24","guid":{"rendered":"https:\/\/israelmagazine.net\/?p=53650"},"modified":"2020-03-15T14:12:24","modified_gmt":"2020-03-15T13:12:24","slug":"louverture-du-proces-de-netanyahou-sera-t-elle-reportee","status":"publish","type":"post","link":"https:\/\/israelmagazine.net\/?p=53650","title":{"rendered":"L\\&rsquo;ouverture du proc\u00e8s de Netanyahou sera-t-elle report\u00e9e ?"},"content":{"rendered":"<div class=\\\"field field-name-field-afp-image-legende field-type-text-long field-label-hidden\\\">\n<div class=\\\"field-items\\\"><\/div>\n<\/div>\n<p style=\\\"font-weight: 400;\\\">Le ministre \u00a0de la justice Amir Ohana a annonc\u00e9 que, conform\u00e9ment aux recommandations du minist\u00e8re de la Sant\u00e9 et en coordination avec le Conseiller juridique du gouvernement, une situation d\\&rsquo;urgence avait \u00e9t\u00e9 d\u00e9cid\u00e9e par les tribunaux. Le proc\u00e8s de Netanyahou devait s\\&rsquo;ouvrir mardi cette semaine &#8211; il est maintenant susceptible d\\&rsquo;\u00eatre rejet\u00e9<\/p>\n<p style=\\\"font-weight: 400;\\\">Sur le chemin du rejet du proc\u00e8s de Netanyahou : en raison des nouvelles restrictions impos\u00e9es par le minist\u00e8re de la Sant\u00e9 pour faire face \u00e0 l\\&rsquo;\u00e9ruption de corona en Isra\u00ebl, le proc\u00e8s de Netanyahu est susceptible d\\&rsquo;\u00eatre report\u00e9 \u00e0 une date inconnue. Le proc\u00e8s devait s\\&rsquo;ouvrir le mardi 17 mars, mais maintenant les tribunaux ont annonc\u00e9 une urgence de 24 heures &#8211; qui prolongera et emp\u00eachera probablement l\\&rsquo;ouverture du proc\u00e8s du Premier ministre.<\/p>\n<p style=\\\"font-weight: 400;\\\">L\\&rsquo;audience qui devait avoir lieu mardi est une audience sur l\\&rsquo;acte d\\&rsquo;accusation pour Netanyahou, audience \u00e0 laquelle l\\&rsquo;accus\u00e9 doit faire face. Le ministre de la Justice, Amir Ohana, a annonc\u00e9 une urgence sp\u00e9ciale, au cours de laquelle des discussions n\\&rsquo;auront lieu que sur l\\&rsquo;arrestation et la lib\u00e9ration sous caution, la d\u00e9tention administrative, les requ\u00eates urgentes de la Haute Cour, les infractions \u00e0 la l\u00e9gislation sp\u00e9ciale d\\&rsquo;urgence et les secours temporaires d\\&rsquo;urgence en mati\u00e8re civile.<\/p>\n<p style=\\\"font-weight: 400;\\\">Par Andr\u00e9 Darmon<\/p>\n<blockquote class=\"wp-embedded-content\" data-secret=\"zhlFKElGFA\"><p><a href=\"https:\/\/israelmagazine.co.il\/coronavirus-la-chine-et-le-defi-au-judaisme\/\">Coronavirus : la Chine et le d\u00e9fi au Juda\u00efsme<\/a><\/p><\/blockquote>\n<p><iframe class=\"wp-embedded-content\" sandbox=\"allow-scripts\" security=\"restricted\" style=\"position: absolute; clip: rect(1px, 1px, 1px, 1px);\" title=\"\u00ab\u00a0Coronavirus : la Chine et le d\u00e9fi au Juda\u00efsme\u00a0\u00bb &#8212; Israel Magazine\" src=\"https:\/\/israelmagazine.co.il\/coronavirus-la-chine-et-le-defi-au-judaisme\/embed\/#?secret=xM7UPAsYKd#?secret=zhlFKElGFA\" data-secret=\"zhlFKElGFA\" width=\"500\" height=\"282\" frameborder=\"0\" marginwidth=\"0\" marginheight=\"0\" scrolling=\"no\"><\/iframe><\/p>\n<h4 class=\\\"p1\\\"><span class=\\\"s1\\\">La suite de l\u2019article se trouve dans le prochain num\u00e9ro d\u2019Isra\u00ebl Magazine<\/span><\/h4>\n<p class=\\\"p1\\\"><span class=\\\"s1\\\">S\u2019abonner au magazine par t\u00e9l\u00e9phone ou par whats app 00972 (0) 54 254 45 20 ou au 0186982727\u00a0\u00a0\u00a0<\/span><\/p>\n<p class=\\\"p2\\\"><span class=\\\"s2\\\">Par email\u00a0\u00a0<a href=\\\"mailto:Andredarmon78@gmail.com\\\"><span class=\\\"s3\\\">Andredarmon78@gmail.com<\/span><\/a><\/span><\/p>\n<p class=\\\"p1\\\"><span class=\\\"s1\\\">Ou directement sur le site\u00a0<a href=\\\"http:\/\/www.israelmagazine.co.il\/\\\"><span class=\\\"s4\\\">www.israelmagazine.co.il<\/span><\/a><\/span><\/p>\n<p class=\\\"p1\\\"><span class=\\\"s1\\\">D\u00e9couvrez un exemplaire du magazine gratuitement et cliquez sur le rebord droit du mag<\/span><\/p>\n<p><a href=\\\"https:\/\/israelmagazine.co.il\/sabonner-au-magazine\/\\\" target=\\\"_blank\\\" rel=\\\"noopener noreferrer\\\"><img class=\\\"wp-image-53593 aligncenter\\\" src=\\\"https:\/\/israelmagazine.co.il\/wp-content\/uploads\/2020\/03\/camp-ABO1-1200x628-300x157.jpg\\\" alt=\\\"camp-ABO1-1200x628\\\" width=\\\"464\\\" height=\\\"259\\\" \/><\/a><\/p>\n<p class=\\\"p2\\\"><span class=\\\"s5\\\"><a href=\\\"https:\/\/fr.calameo.com\/read\/0010965002cfce9dee566?authid=IRnvqb59CRHm\\\" target=\\\"_blank\\\" rel=\\\"noopener noreferrer\\\">https:\/\/fr.calameo.com\/read\/0010965002cfce9dee566?authid=IRnvqb59CRHm<\/a><\/span><\/p>\n","protected":false},"excerpt":{"rendered":"<p>Le ministre \u00a0de la justice Amir Ohana a annonc\u00e9 que, conform\u00e9ment aux recommandations du minist\u00e8re de la Sant\u00e9 et en coordination avec le Conseiller juridique du gouvernement, une situation d\\&rsquo;urgence avait \u00e9t\u00e9 d\u00e9cid\u00e9e par les tribunaux. Le proc\u00e8s de Netanyahou devait s\\&rsquo;ouvrir mardi cette semaine &#8211; il est maintenant susceptible d\\&rsquo;\u00eatre rejet\u00e9 Sur le chemin &hellip;<\/p>\n<p class=\"read-more\"> <a class=\"\" href=\"https:\/\/israelmagazine.net\/?p=53650\"> <span class=\"screen-reader-text\">L\\&rsquo;ouverture du proc\u00e8s de Netanyahou sera-t-elle report\u00e9e ?<\/span> Lire la suite \u00bb<\/a><\/p>\n","protected":false},"author":4,"featured_media":53651,"comment_status":"open","ping_status":"open","sticky":false,"template":"","format":"standard","meta":{"site-sidebar-layout":"default","site-content-layout":"default","ast-global-header-display":"","ast-main-header-display":"","ast-hfb-above-header-display":"","ast-hfb-below-header-display":"","ast-hfb-mobile-header-display":"","site-post-title":"","ast-breadcrumbs-content":"","ast-featured-img":"","footer-sml-layout":"","theme-transparent-header-meta":"","adv-header-id-meta":"","stick-header-meta":"","header-above-stick-meta":"","header-main-stick-meta":"","header-below-stick-meta":""},"categories":[1687,84,1621,1767,1611,1613,1191,1615],"tags":[228],"sujet":[],"_links":{"self":[{"href":"https:\/\/israelmagazine.net\/index.php?rest_route=\/wp\/v2\/posts\/53650"}],"collection":[{"href":"https:\/\/israelmagazine.net\/index.php?rest_route=\/wp\/v2\/posts"}],"about":[{"href":"https:\/\/israelmagazine.net\/index.php?rest_route=\/wp\/v2\/types\/post"}],"author":[{"embeddable":true,"href":"https:\/\/israelmagazine.net\/index.php?rest_route=\/wp\/v2\/users\/4"}],"replies":[{"embeddable":true,"href":"https:\/\/israelmagazine.net\/index.php?rest_route=%2Fwp%2Fv2%2Fcomments&post=53650"}],"version-history":[{"count":0,"href":"https:\/\/israelmagazine.net\/index.php?rest_route=\/wp\/v2\/posts\/53650\/revisions"}],"wp:featuredmedia":[{"embeddable":true,"href":"https:\/\/israelmagazine.net\/index.php?rest_route=\/"}],"wp:attachment":[{"href":"https:\/\/israelmagazine.net\/index.php?rest_route=%2Fwp%2Fv2%2Fmedia&parent=53650"}],"wp:term":[{"taxonomy":"category","embeddable":true,"href":"https:\/\/israelmagazine.net\/index.php?rest_route=%2Fwp%2Fv2%2Fcategories&post=53650"},{"taxonomy":"post_tag","embeddable":true,"href":"https:\/\/israelmagazine.net\/index.php?rest_route=%2Fwp%2Fv2%2Ftags&post=53650"},{"taxonomy":"sujet","embeddable":true,"href":"https:\/\/israelmagazine.net\/index.php?rest_route=%2Fwp%2Fv2%2Fsujet&post=53650"}],"curies":[{"name":"wp","href":"https:\/\/api.w.org\/{rel}","templated":true}]}}