{"id":53674,"date":"2020-03-17T10:04:54","date_gmt":"2020-03-17T09:04:54","guid":{"rendered":"https:\/\/israelmagazine.net\/?p=53674"},"modified":"2020-03-17T10:04:54","modified_gmt":"2020-03-17T09:04:54","slug":"survivre-a-un-attentat","status":"publish","type":"post","link":"https:\/\/israelmagazine.net\/?p=53674","title":{"rendered":"Survivre \u00e0 un attentat"},"content":{"rendered":"<h3><img class=\\\" wp-image-53677 alignleft\\\" src=\\\"https:\/\/israelmagazine.co.il\/wp-content\/uploads\/2020\/03\/D2gNflqWoAE5rYp-200x300.jpg\\\" alt=\\\"\\\" width=\\\"130\\\" height=\\\"197\\\" \/><\/h3>\n<h3><\/h3>\n<h3 style=\\\"font-weight: 400;\\\"><strong>Comment survit-on \u00e0 un attentat ? Quelles s\u00e9quelles laisse le fait d\u2019avoir vu la mort de tr\u00e8s pr\u00e8s ? Peut-on retourner ensuite \u00e0 une vie normale ? Comment vit-on avec un sympt\u00f4me post-traumatique ? Est-il permis d\u2019\u00e9prouver de la haine, ou doit-on refouler tout sentiment de col\u00e8re et pardonner ?<\/strong><\/h3>\n<p style=\\\"font-weight: 400;\\\">Le 18 d\u00e9cembre 2010, Kay Wilson et son amie Kristine Luken se prom\u00e8nent dans la for\u00eat de Mata, pr\u00e8s de Beth-Chemech. Kay Wilson \u2013 une juive isra\u00e9lienne n\u00e9e en Grande-Bretagne \u2013 est une guide professionnelle. Ce jour-l\u00e0, elle voulait montrer des mosa\u00efques datant de l\u2019\u00e9poque romaine \u00e0 son amie Kristine Luken \u2013 une Am\u00e9ricaine non-juive \u2013 rencontr\u00e9e quelques mois plus t\u00f4t en Pologne, o\u00f9 Kay encadrait un voyage sur les sites de la D\u00e9portation. La journ\u00e9e promet d\u2019\u00eatre merveilleuse. La voiture gar\u00e9e, les deux jeunes femmes marchent une vingtaine de minutes entre des broussailles vers une clairi\u00e8re. Kay y est d\u00e9j\u00e0 venue. Arriv\u00e9e sur les lieux, elle remarque deux hommes derri\u00e8re des buissons, \u00e0 une cinquantaine de m\u00e8tres, en contrebas. Sans doute font-ils la sieste. Kristine, qui raffole des vieilles pierres, est d\u00e9j\u00e0 accroupie sur les mosa\u00efques, qu\u2019elle caresse de sa main.<\/p>\n<p>&nbsp;<\/p>\n<img class=\\\"size-medium wp-image-53676\\\" src=\\\"https:\/\/israelmagazine.co.il\/wp-content\/uploads\/2020\/03\/KAY-WILSON-et-Rabbi-Meir-SOLOVEICHIK-300x198.jpg\\\" alt=\\\"KAY WILSON et Rabbi Meir SOLOVEICHIK\\\" width=\\\"300\\\" height=\\\"198\\\" \/>\n<p>&nbsp;<\/p>\n<p style=\\\"font-weight: 400;\\\">Kay commence \u00e0 lui expliquer leur origine lorsqu\u2019une voix, derri\u00e8re elles, leur demande en h\u00e9breu avec un fort accent arabe : \u00ab Avez-vous de l\u2019eau ? \u00bb Kay Wilson rassure Kristine : \u00ab Ils veulent juste de l\u2019eau. \u00bb Puis les deux hommes s\u2019enfoncent \u00e0 nouveau dans les buissons. Cela inqui\u00e8te Kay : que veulent-ils vraiment ? Voler mon sac \u00e0 dos ? \u00ab Retournons vite \u00e0 la voiture. \u00bb Les deux femmes commencent \u00e0 courir, mais les deux hommes les rattrapent et les plaquent au sol. Kay se d\u00e9bat et blesse avec son canif l\u2019un des assaillants (d\u00e9tail qui permettra d\u2019ailleurs de l\u2019identifier). Ils ordonnent \u00e0 Kay d\u2019enlever les lacets de ses chaussures. Kay et Kristine se retrouvent bient\u00f4t les mains li\u00e9es derri\u00e8re le dos. L\u2019un des types passe alors un coup de fil sur son portable.<\/p>\n<p style=\\\"font-weight: 400;\\\">par Micka\u00ebl LAUSTRIAT<\/p>\n<p>&nbsp;<\/p>\n<blockquote class=\"wp-embedded-content\" data-secret=\"DovM7gfGNA\"><p><a href=\"https:\/\/israelmagazine.co.il\/coronavirus-la-chine-et-le-defi-au-judaisme\/\">Coronavirus : la Chine et le d\u00e9fi au Juda\u00efsme<\/a><\/p><\/blockquote>\n<p><iframe class=\"wp-embedded-content\" sandbox=\"allow-scripts\" security=\"restricted\" style=\"position: absolute; clip: rect(1px, 1px, 1px, 1px);\" title=\"\u00ab\u00a0Coronavirus : la Chine et le d\u00e9fi au Juda\u00efsme\u00a0\u00bb &#8212; Israel Magazine\" src=\"https:\/\/israelmagazine.co.il\/coronavirus-la-chine-et-le-defi-au-judaisme\/embed\/#?secret=rnbYMBZbNt#?secret=DovM7gfGNA\" data-secret=\"DovM7gfGNA\" width=\"500\" height=\"282\" frameborder=\"0\" marginwidth=\"0\" marginheight=\"0\" scrolling=\"no\"><\/iframe><\/p>\n<h4 class=\\\"p1\\\"><span class=\\\"s1\\\">La suite de l\u2019article se trouve dans le prochain num\u00e9ro d\u2019Isra\u00ebl Magazine<\/span><\/h4>\n<p class=\\\"p1\\\"><span class=\\\"s1\\\">S\u2019abonner au magazine par t\u00e9l\u00e9phone ou par whats app 00972 (0) 54 254 45 20 ou au 0186982727\u00a0\u00a0\u00a0<\/span><\/p>\n<p class=\\\"p2\\\"><span class=\\\"s2\\\">Par email\u00a0\u00a0<a href=\\\"mailto:Andredarmon78@gmail.com\\\"><span class=\\\"s3\\\">Andredarmon78@gmail.com<\/span><\/a><\/span><\/p>\n<p class=\\\"p1\\\"><span class=\\\"s1\\\">Ou directement sur le site\u00a0<a href=\\\"http:\/\/www.israelmagazine.co.il\/\\\"><span class=\\\"s4\\\">www.israelmagazine.co.il<\/span><\/a><\/span><\/p>\n<p class=\\\"p1\\\"><span class=\\\"s1\\\">D\u00e9couvrez un exemplaire du magazine gratuitement et cliquez sur le rebord droit du mag<\/span><\/p>\n<p><a href=\\\"https:\/\/israelmagazine.co.il\/sabonner-au-magazine\/\\\" target=\\\"_blank\\\" rel=\\\"noopener noreferrer\\\"><img class=\\\"wp-image-53593 aligncenter\\\" src=\\\"https:\/\/israelmagazine.co.il\/wp-content\/uploads\/2020\/03\/camp-ABO1-1200x628-300x157.jpg\\\" alt=\\\"camp-ABO1-1200x628\\\" width=\\\"464\\\" height=\\\"259\\\" \/><\/a><\/p>\n<p class=\\\"p2\\\"><span class=\\\"s5\\\"><a href=\\\"https:\/\/fr.calameo.com\/read\/0010965002cfce9dee566?authid=IRnvqb59CRHm\\\" target=\\\"_blank\\\" rel=\\\"noopener noreferrer\\\">https:\/\/fr.calameo.com\/read\/0010965002cfce9dee566?authid=IRnvqb59CRHm<\/a><\/span><\/p>\n","protected":false},"excerpt":{"rendered":"<p>Comment survit-on \u00e0 un attentat ? Quelles s\u00e9quelles laisse le fait d\u2019avoir vu la mort de tr\u00e8s pr\u00e8s ? Peut-on retourner ensuite \u00e0 une vie normale ? Comment vit-on avec un sympt\u00f4me post-traumatique ? Est-il permis d\u2019\u00e9prouver de la haine, ou doit-on refouler tout sentiment de col\u00e8re et pardonner ? Le 18 d\u00e9cembre 2010, Kay &hellip;<\/p>\n<p class=\"read-more\"> <a class=\"\" href=\"https:\/\/israelmagazine.net\/?p=53674\"> <span class=\"screen-reader-text\">Survivre \u00e0 un attentat<\/span> Lire la suite \u00bb<\/a><\/p>\n","protected":false},"author":4,"featured_media":53675,"comment_status":"open","ping_status":"open","sticky":false,"template":"","format":"standard","meta":{"site-sidebar-layout":"default","site-content-layout":"default","ast-global-header-display":"","ast-main-header-display":"","ast-hfb-above-header-display":"","ast-hfb-below-header-display":"","ast-hfb-mobile-header-display":"","site-post-title":"","ast-breadcrumbs-content":"","ast-featured-img":"","footer-sml-layout":"","theme-transparent-header-meta":"","adv-header-id-meta":"","stick-header-meta":"","header-above-stick-meta":"","header-main-stick-meta":"","header-below-stick-meta":""},"categories":[1687,84,1621,1767,1613,2276,1618,1615],"tags":[2273,2274,2275,2277,2278,2279,2280,2281,2282],"sujet":[],"_links":{"self":[{"href":"https:\/\/israelmagazine.net\/index.php?rest_route=\/wp\/v2\/posts\/53674"}],"collection":[{"href":"https:\/\/israelmagazine.net\/index.php?rest_route=\/wp\/v2\/posts"}],"about":[{"href":"https:\/\/israelmagazine.net\/index.php?rest_route=\/wp\/v2\/types\/post"}],"author":[{"embeddable":true,"href":"https:\/\/israelmagazine.net\/index.php?rest_route=\/wp\/v2\/users\/4"}],"replies":[{"embeddable":true,"href":"https:\/\/israelmagazine.net\/index.php?rest_route=%2Fwp%2Fv2%2Fcomments&post=53674"}],"version-history":[{"count":0,"href":"https:\/\/israelmagazine.net\/index.php?rest_route=\/wp\/v2\/posts\/53674\/revisions"}],"wp:featuredmedia":[{"embeddable":true,"href":"https:\/\/israelmagazine.net\/index.php?rest_route=\/"}],"wp:attachment":[{"href":"https:\/\/israelmagazine.net\/index.php?rest_route=%2Fwp%2Fv2%2Fmedia&parent=53674"}],"wp:term":[{"taxonomy":"category","embeddable":true,"href":"https:\/\/israelmagazine.net\/index.php?rest_route=%2Fwp%2Fv2%2Fcategories&post=53674"},{"taxonomy":"post_tag","embeddable":true,"href":"https:\/\/israelmagazine.net\/index.php?rest_route=%2Fwp%2Fv2%2Ftags&post=53674"},{"taxonomy":"sujet","embeddable":true,"href":"https:\/\/israelmagazine.net\/index.php?rest_route=%2Fwp%2Fv2%2Fsujet&post=53674"}],"curies":[{"name":"wp","href":"https:\/\/api.w.org\/{rel}","templated":true}]}}