{"id":53684,"date":"2020-03-18T10:16:47","date_gmt":"2020-03-18T09:16:47","guid":{"rendered":"https:\/\/israelmagazine.net\/?p=53684"},"modified":"2020-03-18T10:16:47","modified_gmt":"2020-03-18T09:16:47","slug":"covid-19-lunion-europeenne-espere-un-vaccin","status":"publish","type":"post","link":"https:\/\/israelmagazine.net\/?p=53684","title":{"rendered":"Covid 19 : L\\&rsquo;Union europ\u00e9enne esp\u00e8re un vaccin"},"content":{"rendered":"<p>\u2022 L\\&rsquo;Union europ\u00e9enne esp\u00e8re un vaccin contre le coronavirus avant l\\&rsquo;automne. La pr\u00e9sidente de la Commission europ\u00e9enne Ursula von der Leyen a rencontr\u00e9 lundi les responsables d\\&rsquo;un laboratoire allemand, et dit esp\u00e9rer un vaccin contre le nouveau coronavirus \u00ab avant l\\&rsquo;automne \u00bb.<\/p>\n<p>\u2022 La Bosnie d\u00e9cr\u00e8te l\\&rsquo;\u00e9tat de catastrophe et engage l\\&rsquo;arm\u00e9e. Le gouvernement de la Bosnie a d\u00e9cr\u00e9t\u00e9 l\\&rsquo;\u00e9tat de catastrophe naturelle mardi, permettant de d\u00e9ployer l\\&rsquo;arm\u00e9e pour construire des camps de quarantaine dans ce pays pauvre des Balkans o\u00f9 les autorit\u00e9s sanitaires redoutent une \u00ab explosion \u00bb des cas de nouveau coronavirus. A ce jour, le pays de 3,5 millions d\\&rsquo;habitants ne compte qu\\&rsquo;une trentaine de contaminations.<\/p>\n<p>\u2022 Premi\u00e8re \u00e9vacuation sanitaire militaire mercredi de Mulhouse vers Toulon. Le docteur Marc Noizet, chef des urgences de l\\&rsquo;h\u00f4pital de Mulhouse (Haut-Rhin), a annonc\u00e9 mardi qu\\&rsquo;une premi\u00e8re \u00e9vacuation sanitaire de malades du coronavirus serait effectu\u00e9e par avion depuis l\\&rsquo;h\u00f4pital de Mulhouse jusqu\\&rsquo;\u00e0 un \u00e9tablissement de Toulon (Var). \u00ab Je pense que c\\&rsquo;est la premi\u00e8re en France, je ne connais pas de situation sanitaire qui ait n\u00e9cessit\u00e9 qu\\&rsquo;on d\u00e9place (autant de) malades de r\u00e9animation d\\&rsquo;un bout \u00e0 l\\&rsquo;autre de la r\u00e9gion et de la France \u00bb, a-t-il soulign\u00e9.<\/p>\n<p style=\\\"font-weight: 400;\\\">Par Andr\u00e9 Darmon<\/p>\n<p>&nbsp;<\/p>\n<blockquote class=\"wp-embedded-content\" data-secret=\"YOmrUda5El\"><p><a href=\"https:\/\/israelmagazine.co.il\/coronavirus-la-chine-et-le-defi-au-judaisme\/\">Coronavirus : la Chine et le d\u00e9fi au Juda\u00efsme<\/a><\/p><\/blockquote>\n<p><iframe class=\"wp-embedded-content\" sandbox=\"allow-scripts\" security=\"restricted\" style=\"position: absolute; clip: rect(1px, 1px, 1px, 1px);\" title=\"\u00ab\u00a0Coronavirus : la Chine et le d\u00e9fi au Juda\u00efsme\u00a0\u00bb &#8212; Israel Magazine\" src=\"https:\/\/israelmagazine.co.il\/coronavirus-la-chine-et-le-defi-au-judaisme\/embed\/#?secret=XTYbozxm9k#?secret=YOmrUda5El\" data-secret=\"YOmrUda5El\" width=\"500\" height=\"282\" frameborder=\"0\" marginwidth=\"0\" marginheight=\"0\" scrolling=\"no\"><\/iframe><\/p>\n<h4 class=\\\"p1\\\"><span class=\\\"s1\\\">La suite de l\u2019article se trouve dans le prochain num\u00e9ro d\u2019Isra\u00ebl Magazine<\/span><\/h4>\n<p class=\\\"p1\\\"><span class=\\\"s1\\\">S\u2019abonner au magazine par t\u00e9l\u00e9phone ou par whats app 00972 (0) 54 254 45 20 ou au 0186982727\u00a0\u00a0\u00a0<\/span><\/p>\n<p class=\\\"p2\\\"><span class=\\\"s2\\\">Par email\u00a0\u00a0<a href=\\\"mailto:Andredarmon78@gmail.com\\\"><span class=\\\"s3\\\">Andredarmon78@gmail.com<\/span><\/a><\/span><\/p>\n<p class=\\\"p1\\\"><span class=\\\"s1\\\">Ou directement sur le site\u00a0<a href=\\\"http:\/\/www.israelmagazine.co.il\/\\\"><span class=\\\"s4\\\">www.israelmagazine.co.il<\/span><\/a><\/span><\/p>\n<p class=\\\"p1\\\"><span class=\\\"s1\\\">D\u00e9couvrez un exemplaire du magazine gratuitement et cliquez sur le rebord droit du mag<\/span><\/p>\n<p><a href=\\\"https:\/\/israelmagazine.co.il\/sabonner-au-magazine\/\\\" target=\\\"_blank\\\" rel=\\\"noopener noreferrer\\\"><img class=\\\"wp-image-53593 aligncenter\\\" src=\\\"https:\/\/israelmagazine.co.il\/wp-content\/uploads\/2020\/03\/camp-ABO1-1200x628-300x157.jpg\\\" alt=\\\"camp-ABO1-1200x628\\\" width=\\\"464\\\" height=\\\"259\\\" \/><\/a><\/p>\n<p class=\\\"p2\\\"><span class=\\\"s5\\\"><a href=\\\"https:\/\/fr.calameo.com\/read\/0010965002cfce9dee566?authid=IRnvqb59CRHm\\\" target=\\\"_blank\\\" rel=\\\"noopener noreferrer\\\">https:\/\/fr.calameo.com\/read\/0010965002cfce9dee566?authid=IRnvqb59CRHm<\/a><\/span><\/p>\n","protected":false},"excerpt":{"rendered":"<p>\u2022 L\\&rsquo;Union europ\u00e9enne esp\u00e8re un vaccin contre le coronavirus avant l\\&rsquo;automne. La pr\u00e9sidente de la Commission europ\u00e9enne Ursula von der Leyen a rencontr\u00e9 lundi les responsables d\\&rsquo;un laboratoire allemand, et dit esp\u00e9rer un vaccin contre le nouveau coronavirus \u00ab avant l\\&rsquo;automne \u00bb. \u2022 La Bosnie d\u00e9cr\u00e8te l\\&rsquo;\u00e9tat de catastrophe et engage l\\&rsquo;arm\u00e9e. Le gouvernement de &hellip;<\/p>\n<p class=\"read-more\"> <a class=\"\" href=\"https:\/\/israelmagazine.net\/?p=53684\"> <span class=\"screen-reader-text\">Covid 19 : L\\&rsquo;Union europ\u00e9enne esp\u00e8re un vaccin<\/span> Lire la suite \u00bb<\/a><\/p>\n","protected":false},"author":4,"featured_media":53685,"comment_status":"open","ping_status":"open","sticky":false,"template":"","format":"standard","meta":{"site-sidebar-layout":"default","site-content-layout":"default","ast-global-header-display":"","ast-main-header-display":"","ast-hfb-above-header-display":"","ast-hfb-below-header-display":"","ast-hfb-mobile-header-display":"","site-post-title":"","ast-breadcrumbs-content":"","ast-featured-img":"","footer-sml-layout":"","theme-transparent-header-meta":"","adv-header-id-meta":"","stick-header-meta":"","header-above-stick-meta":"","header-main-stick-meta":"","header-below-stick-meta":""},"categories":[1687,84,1621,1767,1613,2283,1618,1619],"tags":[2131,2284,2285,2286,2287,2288,2289,2290],"sujet":[],"_links":{"self":[{"href":"https:\/\/israelmagazine.net\/index.php?rest_route=\/wp\/v2\/posts\/53684"}],"collection":[{"href":"https:\/\/israelmagazine.net\/index.php?rest_route=\/wp\/v2\/posts"}],"about":[{"href":"https:\/\/israelmagazine.net\/index.php?rest_route=\/wp\/v2\/types\/post"}],"author":[{"embeddable":true,"href":"https:\/\/israelmagazine.net\/index.php?rest_route=\/wp\/v2\/users\/4"}],"replies":[{"embeddable":true,"href":"https:\/\/israelmagazine.net\/index.php?rest_route=%2Fwp%2Fv2%2Fcomments&post=53684"}],"version-history":[{"count":0,"href":"https:\/\/israelmagazine.net\/index.php?rest_route=\/wp\/v2\/posts\/53684\/revisions"}],"wp:featuredmedia":[{"embeddable":true,"href":"https:\/\/israelmagazine.net\/index.php?rest_route=\/"}],"wp:attachment":[{"href":"https:\/\/israelmagazine.net\/index.php?rest_route=%2Fwp%2Fv2%2Fmedia&parent=53684"}],"wp:term":[{"taxonomy":"category","embeddable":true,"href":"https:\/\/israelmagazine.net\/index.php?rest_route=%2Fwp%2Fv2%2Fcategories&post=53684"},{"taxonomy":"post_tag","embeddable":true,"href":"https:\/\/israelmagazine.net\/index.php?rest_route=%2Fwp%2Fv2%2Ftags&post=53684"},{"taxonomy":"sujet","embeddable":true,"href":"https:\/\/israelmagazine.net\/index.php?rest_route=%2Fwp%2Fv2%2Fsujet&post=53684"}],"curies":[{"name":"wp","href":"https:\/\/api.w.org\/{rel}","templated":true}]}}