{"id":53690,"date":"2020-03-18T10:44:50","date_gmt":"2020-03-18T09:44:50","guid":{"rendered":"https:\/\/israelmagazine.net\/?p=53690"},"modified":"2020-03-18T10:44:50","modified_gmt":"2020-03-18T09:44:50","slug":"des-juges-francais-condamnent-20-personnes-lors-des-attentats-du-bataclan-en-2015","status":"publish","type":"post","link":"https:\/\/israelmagazine.net\/?p=53690","title":{"rendered":"Des juges fran\u00e7ais condamnent 20 personnes lors des attentats du Bataclan en 2015"},"content":{"rendered":"<h5>Le Bataclan Club \u00e0 Paris, premi\u00e8re sc\u00e8ne de tournage de l\\&rsquo;attentat de 2015 (Photo: \u00a9AFP)<\/h5>\n<h3 style=\\\"font-weight: 400;\\\"><strong>Trois membres du groupe terroriste islamiste d\\&rsquo;origine auraient \u00e9t\u00e9 tu\u00e9s lors de la lutte contre l\\&rsquo;\u00c9tat islamique en Irak et en Syrie; certains auteurs sont li\u00e9s \u00e0 une autre attaque \u00e0 Bruxelles en 2016.<\/strong><\/h3>\n<p style=\\\"font-weight: 400;\\\">Des juges fran\u00e7ais enqu\u00eatant sur les attentats terroristes de l\\&rsquo;\u00c9tat islamique en 2015 qui ont fait 130 morts \u00e0 Paris ont condamn\u00e9 20 personnes. Un Belge a \u00e9galement \u00e9t\u00e9 accus\u00e9 d\\&rsquo;avoir dirig\u00e9 les attaques, qui a \u00e9t\u00e9 d\u00e9tenu pendant des ann\u00e9es dans la prison d\\&rsquo;Abou Ghraib en Irak avant d\\&rsquo;\u00eatre lib\u00e9r\u00e9 et renvoy\u00e9 chez lui. Trois personnes du groupe, dont le cerveau pr\u00e9sum\u00e9, Oussama Atar, seraient morts au cours des derniers mois de combats du groupe en Irak et en Syrie.<\/p>\n<p style=\\\"font-weight: 400;\\\">Salah Abdeslam, le seul survivant de la cellule terroriste de Paris, a \u00e9t\u00e9 arr\u00eat\u00e9 pr\u00e8s de son domicile \u00e0 Bruxelles apr\u00e8s des mois de fuite.\u00a0 Le fr\u00e8re d\\&rsquo;Abdeslam, Brahim, s\\&rsquo;est fait exploser \u00e0 Paris.<\/p>\n<h3 style=\\\"font-weight: 400;\\\"><strong>Sur les 20, 11 sont emprisonn\u00e9s, trois sont assign\u00e9s \u00e0 r\u00e9sidence et six font face \u00e0 des mandats d\\&rsquo;arr\u00eat internationaux. Tous sont accus\u00e9s d\\&rsquo;infractions terroristes. Atar est accus\u00e9 d\\&rsquo;\u00eatre le chef.<\/strong><\/h3>\n<p style=\\\"font-weight: 400;\\\">Les attentats du 13 novembre 2015 \u00e9taient li\u00e9s aux attentats de Bruxelles en mars 2016.<\/p>\n<p style=\\\"font-weight: 400;\\\">Par Andr\u00e9 Darmon<\/p>\n<p>&nbsp;<\/p>\n<blockquote class=\"wp-embedded-content\" data-secret=\"Ux5Mrw2sfO\"><p><a href=\"https:\/\/israelmagazine.co.il\/coronavirus-la-chine-et-le-defi-au-judaisme\/\">Coronavirus : la Chine et le d\u00e9fi au Juda\u00efsme<\/a><\/p><\/blockquote>\n<p><iframe class=\"wp-embedded-content\" sandbox=\"allow-scripts\" security=\"restricted\" style=\"position: absolute; clip: rect(1px, 1px, 1px, 1px);\" title=\"\u00ab\u00a0Coronavirus : la Chine et le d\u00e9fi au Juda\u00efsme\u00a0\u00bb &#8212; Israel Magazine\" src=\"https:\/\/israelmagazine.co.il\/coronavirus-la-chine-et-le-defi-au-judaisme\/embed\/#?secret=DZAtJaVHYA#?secret=Ux5Mrw2sfO\" data-secret=\"Ux5Mrw2sfO\" width=\"500\" height=\"282\" frameborder=\"0\" marginwidth=\"0\" marginheight=\"0\" scrolling=\"no\"><\/iframe><\/p>\n<h4 class=\\\"p1\\\"><span class=\\\"s1\\\">La suite de l\u2019article se trouve dans le prochain num\u00e9ro d\u2019Isra\u00ebl Magazine<\/span><\/h4>\n<p class=\\\"p1\\\"><span class=\\\"s1\\\">S\u2019abonner au magazine par t\u00e9l\u00e9phone ou par whats app 00972 (0) 54 254 45 20 ou au 0186982727\u00a0\u00a0\u00a0<\/span><\/p>\n<p class=\\\"p2\\\"><span class=\\\"s2\\\">Par email\u00a0\u00a0<a href=\\\"mailto:Andredarmon78@gmail.com\\\"><span class=\\\"s3\\\">Andredarmon78@gmail.com<\/span><\/a><\/span><\/p>\n<p class=\\\"p1\\\"><span class=\\\"s1\\\">Ou directement sur le site\u00a0<a href=\\\"http:\/\/www.israelmagazine.co.il\/\\\"><span class=\\\"s4\\\">www.israelmagazine.co.il<\/span><\/a><\/span><\/p>\n<p class=\\\"p1\\\"><span class=\\\"s1\\\">D\u00e9couvrez un exemplaire du magazine gratuitement et cliquez sur le rebord droit du mag<\/span><\/p>\n<p><a href=\\\"https:\/\/israelmagazine.co.il\/sabonner-au-magazine\/\\\" target=\\\"_blank\\\" rel=\\\"noopener noreferrer\\\"><img class=\\\"wp-image-53593 aligncenter\\\" src=\\\"https:\/\/israelmagazine.co.il\/wp-content\/uploads\/2020\/03\/camp-ABO1-1200x628-300x157.jpg\\\" alt=\\\"camp-ABO1-1200x628\\\" width=\\\"464\\\" height=\\\"259\\\" \/><\/a><\/p>\n<p class=\\\"p2\\\"><span class=\\\"s5\\\"><a href=\\\"https:\/\/fr.calameo.com\/read\/0010965002cfce9dee566?authid=IRnvqb59CRHm\\\" target=\\\"_blank\\\" rel=\\\"noopener noreferrer\\\">https:\/\/fr.calameo.com\/read\/0010965002cfce9dee566?authid=IRnvqb59CRHm<\/a><\/span><\/p>\n","protected":false},"excerpt":{"rendered":"<p>Le Bataclan Club \u00e0 Paris, premi\u00e8re sc\u00e8ne de tournage de l\\&rsquo;attentat de 2015 (Photo: \u00a9AFP) Trois membres du groupe terroriste islamiste d\\&rsquo;origine auraient \u00e9t\u00e9 tu\u00e9s lors de la lutte contre l\\&rsquo;\u00c9tat islamique en Irak et en Syrie; certains auteurs sont li\u00e9s \u00e0 une autre attaque \u00e0 Bruxelles en 2016. Des juges fran\u00e7ais enqu\u00eatant sur les &hellip;<\/p>\n<p class=\"read-more\"> <a class=\"\" href=\"https:\/\/israelmagazine.net\/?p=53690\"> <span class=\"screen-reader-text\">Des juges fran\u00e7ais condamnent 20 personnes lors des attentats du Bataclan en 2015<\/span> Lire la suite \u00bb<\/a><\/p>\n","protected":false},"author":4,"featured_media":53691,"comment_status":"open","ping_status":"open","sticky":false,"template":"","format":"standard","meta":{"site-sidebar-layout":"default","site-content-layout":"default","ast-global-header-display":"","ast-main-header-display":"","ast-hfb-above-header-display":"","ast-hfb-below-header-display":"","ast-hfb-mobile-header-display":"","site-post-title":"","ast-breadcrumbs-content":"","ast-featured-img":"","footer-sml-layout":"","theme-transparent-header-meta":"","adv-header-id-meta":"","stick-header-meta":"","header-above-stick-meta":"","header-main-stick-meta":"","header-below-stick-meta":""},"categories":[1687,84,1621,1767,1613,2283],"tags":[2305,2306,2307,2308,2309,2310,1986],"sujet":[],"_links":{"self":[{"href":"https:\/\/israelmagazine.net\/index.php?rest_route=\/wp\/v2\/posts\/53690"}],"collection":[{"href":"https:\/\/israelmagazine.net\/index.php?rest_route=\/wp\/v2\/posts"}],"about":[{"href":"https:\/\/israelmagazine.net\/index.php?rest_route=\/wp\/v2\/types\/post"}],"author":[{"embeddable":true,"href":"https:\/\/israelmagazine.net\/index.php?rest_route=\/wp\/v2\/users\/4"}],"replies":[{"embeddable":true,"href":"https:\/\/israelmagazine.net\/index.php?rest_route=%2Fwp%2Fv2%2Fcomments&post=53690"}],"version-history":[{"count":0,"href":"https:\/\/israelmagazine.net\/index.php?rest_route=\/wp\/v2\/posts\/53690\/revisions"}],"wp:featuredmedia":[{"embeddable":true,"href":"https:\/\/israelmagazine.net\/index.php?rest_route=\/"}],"wp:attachment":[{"href":"https:\/\/israelmagazine.net\/index.php?rest_route=%2Fwp%2Fv2%2Fmedia&parent=53690"}],"wp:term":[{"taxonomy":"category","embeddable":true,"href":"https:\/\/israelmagazine.net\/index.php?rest_route=%2Fwp%2Fv2%2Fcategories&post=53690"},{"taxonomy":"post_tag","embeddable":true,"href":"https:\/\/israelmagazine.net\/index.php?rest_route=%2Fwp%2Fv2%2Ftags&post=53690"},{"taxonomy":"sujet","embeddable":true,"href":"https:\/\/israelmagazine.net\/index.php?rest_route=%2Fwp%2Fv2%2Fsujet&post=53690"}],"curies":[{"name":"wp","href":"https:\/\/api.w.org\/{rel}","templated":true}]}}