{"id":53697,"date":"2020-03-18T16:25:06","date_gmt":"2020-03-18T15:25:06","guid":{"rendered":"https:\/\/israelmagazine.net\/?p=53697"},"modified":"2020-03-18T16:25:06","modified_gmt":"2020-03-18T15:25:06","slug":"gerard-miller-il-y-a-12-ans","status":"publish","type":"post","link":"https:\/\/israelmagazine.net\/?p=53697","title":{"rendered":"Gerard Miller : il y a 12 ans"},"content":{"rendered":"<h2>LA SHOAH M\u2019A APPRIS LA REVOLTE<\/h2>\n<div class=\\\"PostContent\\\">\n<h3><strong>Interview publi\u00e9e dans\u00a0<em>Isra\u00ebl Magazine<\/em>\u00a0en 2008<\/strong><\/h3>\n<p><strong>Isra\u00ebl Magazine : Le d\u00e9clenchement de la seconde Intifada, et les ann\u00e9es terribles qui ont suivi, ont-elles chang\u00e9 votre vision de la situation du Proche Orient\u00a0?<\/strong><br \/>\n<strong>G\u00e9rard Miller\u00a0:<em>\u00a0<\/em><\/strong>Ce qui a sans doute infl\u00e9chi ma vision d\u2019ensemble de la situation du Proche Orient, c\u2019est la violence monstrueuse des attentats palestiniens, mais \u00e9galement la d\u00e9couverte d\u2019une extr\u00eame droite isra\u00e9lienne dont je ne soup\u00e7onnais pas l\u2019importance, ni \u00e0 quel point elle pouvait encourager le pire. Je ne cherche pas \u00e0 tenir la balance \u00e9gale entre les deux ph\u00e9nom\u00e8nes et certainement pas \u00e0 att\u00e9nuer l\u2019abomination du premier en arguant du second, mais j\u2019ai \u00e9t\u00e9 plus atterr\u00e9 par la mont\u00e9e en puissance de cette extr\u00eame droite isra\u00e9lienne que par l\u2019extr\u00e9misme arabe, que j\u2019avais identifi\u00e9 comme tel depuis longtemps. Je me souviens de ma candeur au moment de la mort de Rabin\u00a0; un juif tuant un autre juif, ce n\u2019\u00e9tait pas, h\u00e9las, in\u00e9dit, mais cela m\u2019apparaissait tout de m\u00eame comme une quasi impossibilit\u00e9. Pour toute autre personne qu\u2019un juif cela peut sembler na\u00eff, voire tout bonnement stupide, mais c\u2019est ainsi\u00a0: j\u2019ai voulu, pendant des ann\u00e9es, passer \u00e0 c\u00f4t\u00e9 de cette r\u00e9alit\u00e9 l\u00e0, ne pas voir que les juifs pouvaient \u00eatre aussi inf\u00e2mes. D\u2019ailleurs, en apprenant l\u2019acte criminel du nomm\u00e9 Goldstein, tuant de sang-froid des Palestiniens \u00e0 H\u00e9bron, j\u2019avais accept\u00e9 sans barguigner la th\u00e8se du \u00ab\u00a0d\u00e9s\u00e9quilibr\u00e9 marginal\u00a0\u00bb \u2013 c\u2019est tout dire.<\/p>\n<p><strong>IM\u00a0: Avez-vous senti alors, dans votre entourage, un changement concernant Isra\u00ebl et les juifs, une crispation voire une v\u00e9ritable hostilit\u00e9\u00a0?<br \/>\nG.M.\u00a0:<\/strong> J\u2019aurais du mal \u00e0 r\u00e9pondre non, car dans mon entourage, comme vous dites, j\u2019ai eu un copain qui s\u2019appelait Dieudonn\u00e9\u00a0! J\u2019allais voir tous ses spectacles. Je le retrouvais souvent apr\u00e8s, avec Elie Semoun. C\u2019est la figure dominante de ce qui n\u2019est pas un \u00ab\u00a0changement\u00a0\u00bb, mais une invraisemblable trahison. Pour le reste, mes proches, mes amis et m\u00eame mes copains, sont fort heureusement des gens qui, sur des questions aussi cruciales qu\u2019Isra\u00ebl ou l\u2019antis\u00e9mitisme, n\u2019ont pas boug\u00e9 d\u2019un pouce. J\u2019ai simplement ressenti, comme tout le monde, et au-del\u00e0 donc de mon entourage, quelque chose comme un raidissement, que je n\u2019ai pas eu envie d\u2019aller constater de plus pr\u00e8s.<\/p>\n<p><strong>IM\u00a0: Vous avez dit que vous auriez pu \u00e9crire qu\u2019\u00a0\u00bbon a toujours raison de se r\u00e9volter\u00a0\u00bb\u00a0; persistez-vous alors que beaucoup de ces r\u00e9voltes prennent des tours violents, sont instrumentalis\u00e9es, et servent des mauvaises causes\u00a0?<br \/>\nG.M.\u00a0:<\/strong> Je n\u2019ai pas chang\u00e9 sur ce point, et j\u2019esp\u00e8re bien persister. Ce n\u2019est pas parce que l\u2019on finit par mourir qu\u2019il ne faut pas vivre, ce n\u2019est pas parce que l\u2019on finit par \u00eatre dup\u00e9 par l\u2019histoire, qu\u2019il faut renoncer \u00e0 s\u2019engager. Doit-on refuser d\u2019aimer aujourd\u2019hui une femme, parce qu\u2019on risque de l\u2019aimer moins demain\u00a0? Si le raisonnement consiste \u00e0 dire que la r\u00e9volte peut d\u00e9cevoir un jour les r\u00e9volt\u00e9s eux-m\u00eames et que toute lutte finit par atteindre des buts bien moins r\u00e9jouissants que ceux escompt\u00e9s, alors enfermons-nous dans notre chambre et vivons comme des \u00ab\u00a0poissons froids\u00a0\u00bb. Non, pas question de nous \u00ab\u00a0cadav\u00e9riser\u00a0\u00bb par peur d\u2019\u00eatre un jour flou\u00e9\u00a0! J\u2019ai \u00e9t\u00e9 un gauchiste inv\u00e9t\u00e9r\u00e9, qui ne voyait pas plus loin que le bout de son nez, c\u2019est \u00e0 dire qui consid\u00e9rait qu\u2019on ne doit jamais supporter l\u2019insupportable, mais que les cons\u00e9quences de nos actes le plus souvent nous d\u00e9passent. Ni \u00e0 l\u2019\u00e9poque du mao\u00efsme, ni plus pr\u00e8s de nous, \u00e0 l\u2019\u00e9poque de Mitterrand, je n\u2019ai jamais attendu les \u00ab\u00a0lendemains qui chantent\u00a0\u00bb. Certains r\u00e9volutionnaires se pensaient comme les \u00e9claireurs d\u2019un peuple opprim\u00e9 et d\u00e9bile qu\u2019il fallait guider vers la lumi\u00e8re, j\u2019\u00e9tais d\u2019abord et surtout antiautoritaire. Agit\u00e9, sectaire, violent, tout ce qu\u2019on voudra. Mais pas fou au point de vouloir diriger les autres vers le bonheur\u00a0! En fait, je suis assez primaire. Quand une matraque s\u2019abat sur un crane, spontan\u00e9ment, je suis du c\u00f4t\u00e9 du crane. Ce n\u2019est que dans un second temps que j\u2019essaye de faire l\u2019analyse de ce qui s\u2019est pass\u00e9\u2026<\/p>\n<p><strong>S.E.\u00a0: Etes vous de ceux qui s\u2019inqui\u00e8tent de la mont\u00e9e, et de l\u2019installation, d\u2019un antis\u00e9mitisme de gauche et d\u2019extr\u00eame gauche\u00a0?<br \/>\nG.M.\u00a0:<\/strong> Oh, mais il y a d\u00e9j\u00e0 eu un antis\u00e9mitisme de gauche, dans le mouvement ouvrier de la fin du XIX\u00e8me si\u00e8cle quand le juif et le capitalisme \u00e9taient suppos\u00e9s faire trop bon m\u00e9nage\u00a0! C\u2019est toujours une possibilit\u00e9 bien r\u00e9elle, et ne comptez pas sur moi pour la nier ou pour \u00eatre moins virulent contre les \u00ab\u00a0antis\u00e9mites de gauche\u00a0\u00bb que contre les \u00ab\u00a0antis\u00e9mites de droite\u00a0\u00bb. L\u2019antis\u00e9mitisme est l\u2019une des choses les mieux partag\u00e9es au monde et la gauche n\u2019est pas pr\u00e9serv\u00e9e statutairement de cette abomination. Que de crimes, d\u2019ailleurs, ne commet-on pas aujourd\u2019hui au nom de l\u2019anti-sionisme\u2026 Cela \u00e9tant, je vais sans doute vous d\u00e9cevoir, mais je ne constate pas du tout une \u00ab\u00a0mont\u00e9e\u00a0\u00bb, encore moins une \u00ab\u00a0installation\u00a0\u00bb de l\u2019antis\u00e9mitisme dans la gauche ou l\u2019extr\u00eame gauche fran\u00e7aise\u00a0! Et si vous me permettez cette pr\u00e9cision\u00a0: je crois la fr\u00e9quenter bien davantage que la majorit\u00e9 de ceux qui sonnent le tocsin.<\/p>\n<p><strong>S.E.\u00a0: Le juda\u00efsme vous a-t-il conditionn\u00e9 \u00e0 la r\u00e9volte perp\u00e9tuelle\u00a0?<br \/>\nG.M.\u00a0:<\/strong> Sans aucun doute. Mon p\u00e8re, m\u00e9decin, \u00e9tait un homme de gauche dans un milieu marqu\u00e9 \u00e0 droite, mais avant m\u00eame qu\u2019il ne me transmette ses valeurs, j\u2019ai \u00e9t\u00e9 contestataire d\u00e8s mon premier biberon. Toute ma famille \u00e9tant morte dans les camps, je suis n\u00e9 avec un imm\u00e9diat sentiment de r\u00e9volte contre cette injustice des ab\u00eemes. La passivit\u00e9 \u00e9tait la derni\u00e8re chose que l\u2019on pouvait attendre de moi. J\u2019appartiens \u00e0 une g\u00e9n\u00e9ration qui a eu vingt ans en mai\u00a068, et le nombre de juifs \u00e9tait si massif \u00e0 l\u2019extr\u00eame gauche que cela me semblait une incongruit\u00e9 d\u2019\u00eatre juif et de droite. Tenez, voil\u00e0 encore une preuve de mon ind\u00e9crottable ing\u00e9nuit\u00e9\u00a0!<\/p>\n<p><strong>S.E.\u00a0: Vous risquez-vous, comme certains de vos confr\u00e8res, \u00e0 une psychanalyse des religions\u00a0?<br \/>\nG.M.\u00a0:<\/strong> Non, et n\u2019attendez pas de moi, dans cet entretien, que je vienne les concurrencer\u2026 Je vous dirai seulement ceci\u00a0: ni pratiquant, ni croyant, je suis chaque jour un peu plus agac\u00e9 par la difficult\u00e9 que l\u2019on a, publiquement, et notamment dans les m\u00e9dias, \u00e0 parler librement des religions et des \u00e9glises. Je le dis d\u2019autant plus volontiers que, pour brouiller les cartes, le voltairien que je reste, collabore depuis deux ans \u00e0 La Vie, puissant et sympathique magazine chr\u00e9tien, lu chaque semaine par pr\u00e8s d\u2019un million de personnes.<\/p>\n<p><strong>S.E.\u00a0: On assiste \u00e0 un retour du religieux, surtout au sein de la communaut\u00e9 juive\u00a0; \u00e0 quoi l\u2019attribuez-vous\u00a0?<br \/>\nG.M.\u00a0:<\/strong> Retour du religieux, en effet\u00a0! L\u2019une de mes filles, que je n\u2019ai vraiment pas \u00e9lev\u00e9e dans la religion, a \u00e9pous\u00e9 un juif tr\u00e8s pratiquant \u2013 ce qui d\u00e9sormais, pour les repas, complique quelque peu notre vie familiale. Je n\u2019attribue ledit ph\u00e9nom\u00e8ne \u00e0 rien d\u2019autre qu\u2019au besoin effr\u00e9n\u00e9 de croire\u2026 contre un monde qui, chaque jour, nous standardise un peu plus. Pr\u00eat \u00e0 me battre, comme tout d\u00e9mocrate, pour que chacun puisse continuer de croire ce qu\u2019il veut, puis-je vous avouer cependant que, lorsque j\u2019\u00e9voque les religions, quelque chose monte en moi, assimilable \u00e0 un rire\u00a0? N\u2019y voyez que ma fa\u00e7on de r\u00e9agir au tragique de l\u2019existence\u2026<\/p>\n<p><strong>S.E.\u00a0: Que vous inspire le parcours de Benny Levy\u00a0?<br \/>\nG.M.\u00a0:<\/strong> J\u2019ai longtemps milit\u00e9 avec lui dans l\u2019organisation r\u00e9volutionnaire qu\u2019il avait cr\u00e9\u00e9e apr\u00e8s mai 68\u00a0: son parcours me para\u00eet \u00e0 la fois \u00e9minemment respectable et profond\u00e9ment comique. Comme je ne crois pas que les gens changent du tout au tout \u2013 c\u2019est mon c\u00f4t\u00e9 freudien \u2013, cela m\u2019amuse beaucoup de penser que nous avons \u00e9t\u00e9 dirig\u00e9s, pendant des ann\u00e9es, et pour des actions aussi gauchistes que celles que nous avons men\u00e9es, par\u2026 un rabbin\u00a0!<\/p>\n<p><strong>S.E.\u00a0: Faites-vous une distinction entre religion et tradition\u00a0?<br \/>\nG.M.\u00a0<\/strong>: Je crois au poids de l\u2019histoire, je crois au pass\u00e9\u00a0; j\u2019ai le sentiment \u00e0 chaque instant de mettre mes pas dans ceux de mon p\u00e8re, de ma m\u00e8re, de ceux qui les ont pr\u00e9c\u00e9d\u00e9s. Sans jamais me retrouver pour autant dans la religion, j\u2019ai toujours \u00e9t\u00e9 sensible \u00e0 la tradition. Mais pas seulement \u00e0 la tradition juive\u00a0! Comme j\u2019habite en France, eh bien, par exemple, je f\u00eate No\u00ebl chaque ann\u00e9e\u00a0: mes enfants ont toujours re\u00e7u des cadeaux pour l\u2019occasion et, \u00e0 la maison, trois semaines avant la date fatidique, il y a une superbe sapin, qu\u2019en bons juifs nous d\u00e9corons soigneusement. Cela dit, si vous m\u2019invitez pour Pessah, je fais aussi l\u2019affaire\u00a0: je lis les textes avec attention et, croyez-moi sur parole, je m\u2019y int\u00e9resse sinc\u00e8rement\u2026 En fait, question tradition, je ne cherche pas \u00e0 \u00eatre original\u00a0; je ne suis pas de ceux qui mettent un point d\u2019honneur \u00e0 se coucher \u00e0 21\u00a0h le 31\u00a0d\u00e9cembre\u2026<\/p>\n<p><strong>S.E.\u00a0: Vous sentez-vous toujours aussi bien dans votre collaboration avec Laurent Ruquier\u00a0?<br \/>\nG.M.\u00a0:<\/strong> J\u2019admire chez Ruquier, qui est mon ami, sa capacit\u00e9 \u00e0 me supporter depuis dix ans\u00a0! A combien de pressions pour me virer n\u2019a-t-il pas r\u00e9sist\u00e9, d\u2019ailleurs\u2026 Cela \u00e9tant, j\u2019ai toujours \u00e9t\u00e9 en porte \u00e0 faux dans ses \u00e9missions. Je me trouve souvent avec des chroniqueurs que je n\u2019aurais pas choisis ou des invit\u00e9s que je n\u2019ai pas envie de rencontrer, sans parler des sujets qui ne m\u2019inspirent gu\u00e8re, mais c\u2019est une ambiance\u00a0: je ne fais pas le d\u00e9tail et, dans l\u2019ensemble, je m\u2019amuse bien, c\u2019est d\u00e9j\u00e0 pas mal. Je n\u2019ai jamais consid\u00e9r\u00e9 la fonction de chroniqueur comme un m\u00e9tier\u00a0: alors quitte \u00e0 faire de la t\u00e9l\u00e9, autant le faire dans la joie et la gaiet\u00e9. Je pr\u00e9f\u00e8re de beaucoup me retrouver sur un plateau avec des clowns plut\u00f4t qu\u2019avec des autorit\u00e9s acad\u00e9miques.<\/p>\n<p><strong>S.E.\u00a0: Quels sont vos projets\u00a0?<br \/>\nG.M.\u00a0:<\/strong> Pers\u00e9v\u00e9rer dans mon r\u00eave. En ce qui concerne les m\u00e9dias, encore un an, vraisemblablement, \u00e0 France 2, \u00e0 La Vie, \u00e0 Europe 1 \u2013 mais rien n\u2019est sign\u00e9 et tout peut donc s\u2019arr\u00eater. C\u2019est une surprise de tous les jours que d\u2019\u00eatre encore dans des \u00e9missions aussi grand public, avec des id\u00e9es aussi peu majoritaires\u00a0! Peut-\u00eatre est-ce une coquetterie de ma part, mais je me sens profond\u00e9ment minoritaire\u00a0: \u00e0 la t\u00e9l\u00e9, bien s\u00fbr, mais aussi bien dans la soci\u00e9t\u00e9 que \u2026 dans la communaut\u00e9 juive.<\/p>\n<\/div>\n<p style=\\\"font-weight: 400;\\\">Par Andr\u00e9 Darmon<\/p>\n<p><em>Source<\/em><\/p>\n<p>https:\/\/www.gerardmiller.fr\/index.php\/la-shoah-ma-appris\/<\/p>\n<blockquote class=\"wp-embedded-content\" data-secret=\"9FeJIfTHug\"><p><a href=\"https:\/\/israelmagazine.co.il\/coronavirus-la-chine-et-le-defi-au-judaisme\/\">Coronavirus : la Chine et le d\u00e9fi au Juda\u00efsme<\/a><\/p><\/blockquote>\n<p><iframe class=\"wp-embedded-content\" sandbox=\"allow-scripts\" security=\"restricted\" style=\"position: absolute; clip: rect(1px, 1px, 1px, 1px);\" title=\"\u00ab\u00a0Coronavirus : la Chine et le d\u00e9fi au Juda\u00efsme\u00a0\u00bb &#8212; Israel Magazine\" src=\"https:\/\/israelmagazine.co.il\/coronavirus-la-chine-et-le-defi-au-judaisme\/embed\/#?secret=51uQiv9SvK#?secret=9FeJIfTHug\" data-secret=\"9FeJIfTHug\" width=\"500\" height=\"282\" frameborder=\"0\" marginwidth=\"0\" marginheight=\"0\" scrolling=\"no\"><\/iframe><\/p>\n<h4 class=\\\"p1\\\"><span class=\\\"s1\\\">La suite de l\u2019article se trouve dans le prochain num\u00e9ro d\u2019Isra\u00ebl Magazine<\/span><\/h4>\n<p class=\\\"p1\\\"><span class=\\\"s1\\\">S\u2019abonner au magazine par t\u00e9l\u00e9phone ou par whats app 00972 (0) 54 254 45 20 ou au 0186982727\u00a0\u00a0\u00a0<\/span><\/p>\n<p class=\\\"p2\\\"><span class=\\\"s2\\\">Par email\u00a0\u00a0<a href=\\\"mailto:Andredarmon78@gmail.com\\\"><span class=\\\"s3\\\">Andredarmon78@gmail.com<\/span><\/a><\/span><\/p>\n<p class=\\\"p1\\\"><span class=\\\"s1\\\">Ou directement sur le site\u00a0<a href=\\\"http:\/\/www.israelmagazine.co.il\/\\\"><span class=\\\"s4\\\">www.israelmagazine.co.il<\/span><\/a><\/span><\/p>\n<p class=\\\"p1\\\"><span class=\\\"s1\\\">D\u00e9couvrez un exemplaire du magazine gratuitement et cliquez sur le rebord droit du mag<\/span><\/p>\n<p><a href=\\\"https:\/\/israelmagazine.co.il\/sabonner-au-magazine\/\\\" target=\\\"_blank\\\" rel=\\\"noopener noreferrer\\\"><img class=\\\"wp-image-53593 aligncenter\\\" src=\\\"https:\/\/israelmagazine.co.il\/wp-content\/uploads\/2020\/03\/camp-ABO1-1200x628-300x157.jpg\\\" alt=\\\"camp-ABO1-1200x628\\\" width=\\\"464\\\" height=\\\"259\\\" \/><\/a><\/p>\n<p class=\\\"p2\\\"><span class=\\\"s5\\\"><a href=\\\"https:\/\/fr.calameo.com\/read\/0010965002cfce9dee566?authid=IRnvqb59CRHm\\\" target=\\\"_blank\\\" rel=\\\"noopener noreferrer\\\">https:\/\/fr.calameo.com\/read\/0010965002cfce9dee566?authid=IRnvqb59CRHm<\/a><\/span><\/p>\n","protected":false},"excerpt":{"rendered":"<p>LA SHOAH M\u2019A APPRIS LA REVOLTE Interview publi\u00e9e dans\u00a0Isra\u00ebl Magazine\u00a0en 2008 Isra\u00ebl Magazine : Le d\u00e9clenchement de la seconde Intifada, et les ann\u00e9es terribles qui ont suivi, ont-elles chang\u00e9 votre vision de la situation du Proche Orient\u00a0? G\u00e9rard Miller\u00a0:\u00a0Ce qui a sans doute infl\u00e9chi ma vision d\u2019ensemble de la situation du Proche Orient, c\u2019est la &hellip;<\/p>\n<p class=\"read-more\"> <a class=\"\" href=\"https:\/\/israelmagazine.net\/?p=53697\"> <span class=\"screen-reader-text\">Gerard Miller : il y a 12 ans<\/span> Lire la suite \u00bb<\/a><\/p>\n","protected":false},"author":4,"featured_media":53698,"comment_status":"open","ping_status":"open","sticky":false,"template":"","format":"standard","meta":{"site-sidebar-layout":"default","site-content-layout":"default","ast-global-header-display":"","ast-main-header-display":"","ast-hfb-above-header-display":"","ast-hfb-below-header-display":"","ast-hfb-mobile-header-display":"","site-post-title":"","ast-breadcrumbs-content":"","ast-featured-img":"","footer-sml-layout":"","theme-transparent-header-meta":"","adv-header-id-meta":"","stick-header-meta":"","header-above-stick-meta":"","header-main-stick-meta":"","header-below-stick-meta":""},"categories":[1687,84,1621,1767,1613,1642],"tags":[2321,2322],"sujet":[],"_links":{"self":[{"href":"https:\/\/israelmagazine.net\/index.php?rest_route=\/wp\/v2\/posts\/53697"}],"collection":[{"href":"https:\/\/israelmagazine.net\/index.php?rest_route=\/wp\/v2\/posts"}],"about":[{"href":"https:\/\/israelmagazine.net\/index.php?rest_route=\/wp\/v2\/types\/post"}],"author":[{"embeddable":true,"href":"https:\/\/israelmagazine.net\/index.php?rest_route=\/wp\/v2\/users\/4"}],"replies":[{"embeddable":true,"href":"https:\/\/israelmagazine.net\/index.php?rest_route=%2Fwp%2Fv2%2Fcomments&post=53697"}],"version-history":[{"count":0,"href":"https:\/\/israelmagazine.net\/index.php?rest_route=\/wp\/v2\/posts\/53697\/revisions"}],"wp:featuredmedia":[{"embeddable":true,"href":"https:\/\/israelmagazine.net\/index.php?rest_route=\/"}],"wp:attachment":[{"href":"https:\/\/israelmagazine.net\/index.php?rest_route=%2Fwp%2Fv2%2Fmedia&parent=53697"}],"wp:term":[{"taxonomy":"category","embeddable":true,"href":"https:\/\/israelmagazine.net\/index.php?rest_route=%2Fwp%2Fv2%2Fcategories&post=53697"},{"taxonomy":"post_tag","embeddable":true,"href":"https:\/\/israelmagazine.net\/index.php?rest_route=%2Fwp%2Fv2%2Ftags&post=53697"},{"taxonomy":"sujet","embeddable":true,"href":"https:\/\/israelmagazine.net\/index.php?rest_route=%2Fwp%2Fv2%2Fsujet&post=53697"}],"curies":[{"name":"wp","href":"https:\/\/api.w.org\/{rel}","templated":true}]}}