{"id":53711,"date":"2020-03-19T09:36:54","date_gmt":"2020-03-19T08:36:54","guid":{"rendered":"https:\/\/israelmagazine.net\/?p=53711"},"modified":"2020-03-19T09:36:54","modified_gmt":"2020-03-19T08:36:54","slug":"gantz-charge-dun-nouveau-gouvernement-soutenu-par-une-faible-majorite","status":"publish","type":"post","link":"https:\/\/israelmagazine.net\/?p=53711","title":{"rendered":"Gantz charg\u00e9 d\\&rsquo;un nouveau gouvernement soutenu par une faible majorit\u00e9"},"content":{"rendered":"<div class=\\\"PostContent\\\">\n<h3 style=\\\"font-weight: 400;\\\"><strong>Soutenu par une faible majorit\u00e9,\u00a0Gantz, a \u00e9t\u00e9 charg\u00e9 cette semaine par le pr\u00e9sident isra\u00e9lien d\\&rsquo;essayer de former un nouveau gouvernement.<\/strong><\/h3>\n<p style=\\\"font-weight: 400;\\\">Le plan de surveillance par t\u00e9l\u00e9phone a \u00e9t\u00e9 approuv\u00e9 par le Cabinet au milieu de la nuit, sans le contr\u00f4le parlementaire traditionnel qui est habituel pour de telles d\u00e9cisions.<\/p>\n<p style=\\\"font-weight: 400;\\\">Gabi Ashkenazi, un autre ancien chef militaire qui \u00e9tait cens\u00e9 superviser le comit\u00e9, a qualifi\u00e9 la d\u00e9cision de Netanyahou de \\\u00a0\u00bbbraquage au milieu de la nuit\\\u00a0\u00bb et a \u00e9galement vis\u00e9 Netanyahu et son parti Likoud pour avoir emp\u00each\u00e9 le parlement nouvellement \u00e9lu de se r\u00e9unir sous le couvert de restrictions li\u00e9es aux virus sur les rassemblements publics.<\/p>\n<p style=\\\"font-weight: 400;\\\">Mercredi, le pr\u00e9sident du Parlement,\u00a0Youli\u00a0Edelstein, membre du\u00a0Likoud, a ajourn\u00e9 brusquement la\u00a0Knesset, bloquant les plans de Gants de nommer de nouveaux comit\u00e9s et de faire avancer une l\u00e9gislation qui pourrait limiter le temps de\u00a0Netanyahu\u00a0au pouvoir.<\/p>\n<blockquote>\n<h3 style=\\\"font-weight: 400;\\\"><strong>Le pr\u00e9sident\u00a0Reouven\u00a0Rivlin\u00a0a averti que le syst\u00e8me d\u00e9mocratique du pays \u00e9tait menac\u00e9.<\/strong><\/h3>\n<\/blockquote>\n<p style=\\\"font-weight: 400;\\\">Netanyahou\u00a0et\u00a0Gantz\u00a0ont tenu une r\u00e9union d\\&rsquo;urgence cette semaine pour discuter de la possibilit\u00e9 d\\&rsquo;\u00e9tablir un gouvernement d\\&rsquo;union pour mettre fin \u00e0 la paralysie politique prolong\u00e9e. Mais des progr\u00e8s semblaient improbables car ils continuaient de se chamailler.<\/p>\n<p style=\\\"font-weight: 400;\\\">Plus t\u00f4t cette semaine, le ministre de la Justice tri\u00e9 sur le volet de\u00a0Netanyahou, au milieu de la nuit, a d\u00e9clar\u00e9 l\\&rsquo;\u00e9tat d\\&rsquo;urgence dans le syst\u00e8me judiciaire ( avec l\\&rsquo;assentiment des juges) trois jours avant le d\u00e9but du proc\u00e8s de\u00a0Netanyahou. Le d\u00e9cret, citant la crise des\u00a0coronavirus, a report\u00e9 le proc\u00e8s de\u00a0Netanyahou\u00a0jusqu\\&rsquo;en mai.<\/p>\n<p style=\\\"font-weight: 400;\\\">Dans son interview t\u00e9l\u00e9vis\u00e9e,\u00a0Netanyahu\u00a0a r\u00e9primand\u00e9 ses d\u00e9tracteurs.<\/p>\n<p style=\\\"font-weight: 400;\\\">\\\u00a0\u00bbPendant que je g\u00e8re la guerre contre le\u00a0coronavirus\u00a0et la lutte pour sauver la vie des citoyens\u00a0d\\&rsquo;Isra\u00ebl\\\u00a0\u00bb, a-t-il dit, \\\u00a0\u00bbils ne font que planifier comment d\u00e9poser un Premier ministre\\\u00a0\u00bb.<\/p>\n<p style=\\\"font-weight: 400;\\\">Les critiques de\u00a0Netanyahou\u00a0ont sugg\u00e9r\u00e9 que la crise\u00a0etait\u00a0arriv\u00e9e au bon moment pour du Premier ministre au bon moment.<\/p>\n<p style=\\\"font-weight: 400;\\\">\\\u00a0\u00bbLe\u00a0coronavirus\u00a0passera \u00e0 un moment ou \u00e0 un autre\\\u00a0\u00bb, a \u00e9crit le commentateur de gauche Ben\u00a0Caspit\u00a0\u00e0\u00a0Maariv. \\\u00a0\u00bbApr\u00e8s avoir enterr\u00e9 nos morts, nous devrons \u00e9galement administrer les derniers rites \u00e0 notre d\u00e9mocratie\\\u00a0\u00bb.<\/p>\n<p style=\\\"font-weight: 400;\\\">\n<\/div>\n<p style=\\\"font-weight: 400;\\\">Par Andr\u00e9 Darmon<\/p>\n<blockquote class=\"wp-embedded-content\" data-secret=\"fK8PajxQdU\"><p><a href=\"https:\/\/israelmagazine.co.il\/coronavirus-la-chine-et-le-defi-au-judaisme\/\">Coronavirus : la Chine et le d\u00e9fi au Juda\u00efsme<\/a><\/p><\/blockquote>\n<p><iframe class=\"wp-embedded-content\" sandbox=\"allow-scripts\" security=\"restricted\" style=\"position: absolute; clip: rect(1px, 1px, 1px, 1px);\" title=\"\u00ab\u00a0Coronavirus : la Chine et le d\u00e9fi au Juda\u00efsme\u00a0\u00bb &#8212; Israel Magazine\" src=\"https:\/\/israelmagazine.co.il\/coronavirus-la-chine-et-le-defi-au-judaisme\/embed\/#?secret=630JMl7Qgd#?secret=fK8PajxQdU\" data-secret=\"fK8PajxQdU\" width=\"500\" height=\"282\" frameborder=\"0\" marginwidth=\"0\" marginheight=\"0\" scrolling=\"no\"><\/iframe><\/p>\n<h4 class=\\\"p1\\\"><span class=\\\"s1\\\">La suite de l\u2019article se trouve dans le prochain num\u00e9ro d\u2019Isra\u00ebl Magazine<\/span><\/h4>\n<p class=\\\"p1\\\"><span class=\\\"s1\\\">S\u2019abonner au magazine par t\u00e9l\u00e9phone ou par whats app 00972 (0) 54 254 45 20 ou au 0186982727\u00a0\u00a0\u00a0<\/span><\/p>\n<p class=\\\"p2\\\"><span class=\\\"s2\\\">Par email\u00a0\u00a0<a href=\\\"mailto:Andredarmon78@gmail.com\\\"><span class=\\\"s3\\\">Andredarmon78@gmail.com<\/span><\/a><\/span><\/p>\n<p class=\\\"p1\\\"><span class=\\\"s1\\\">Ou directement sur le site\u00a0<a href=\\\"http:\/\/www.israelmagazine.co.il\/\\\"><span class=\\\"s4\\\">www.israelmagazine.co.il<\/span><\/a><\/span><\/p>\n<p class=\\\"p1\\\"><span class=\\\"s1\\\">D\u00e9couvrez un exemplaire du magazine gratuitement et cliquez sur le rebord droit du mag<\/span><\/p>\n<p><a href=\\\"https:\/\/israelmagazine.co.il\/sabonner-au-magazine\/\\\" target=\\\"_blank\\\" rel=\\\"noopener noreferrer\\\"><img class=\\\"wp-image-53593 aligncenter\\\" src=\\\"https:\/\/israelmagazine.co.il\/wp-content\/uploads\/2020\/03\/camp-ABO1-1200x628-300x157.jpg\\\" alt=\\\"camp-ABO1-1200x628\\\" width=\\\"464\\\" height=\\\"259\\\" \/><\/a><\/p>\n<p class=\\\"p2\\\"><span class=\\\"s5\\\"><a href=\\\"https:\/\/fr.calameo.com\/read\/0010965002cfce9dee566?authid=IRnvqb59CRHm\\\" target=\\\"_blank\\\" rel=\\\"noopener noreferrer\\\">https:\/\/fr.calameo.com\/read\/0010965002cfce9dee566?authid=IRnvqb59CRHm<\/a><\/span><\/p>\n","protected":false},"excerpt":{"rendered":"<p>Soutenu par une faible majorit\u00e9,\u00a0Gantz, a \u00e9t\u00e9 charg\u00e9 cette semaine par le pr\u00e9sident isra\u00e9lien d\\&rsquo;essayer de former un nouveau gouvernement. Le plan de surveillance par t\u00e9l\u00e9phone a \u00e9t\u00e9 approuv\u00e9 par le Cabinet au milieu de la nuit, sans le contr\u00f4le parlementaire traditionnel qui est habituel pour de telles d\u00e9cisions. Gabi Ashkenazi, un autre ancien chef &hellip;<\/p>\n<p class=\"read-more\"> <a class=\"\" href=\"https:\/\/israelmagazine.net\/?p=53711\"> <span class=\"screen-reader-text\">Gantz charg\u00e9 d\\&rsquo;un nouveau gouvernement soutenu par une faible majorit\u00e9<\/span> Lire la suite \u00bb<\/a><\/p>\n","protected":false},"author":4,"featured_media":53714,"comment_status":"open","ping_status":"open","sticky":false,"template":"","format":"standard","meta":{"site-sidebar-layout":"default","site-content-layout":"default","ast-global-header-display":"","ast-main-header-display":"","ast-hfb-above-header-display":"","ast-hfb-below-header-display":"","ast-hfb-mobile-header-display":"","site-post-title":"","ast-breadcrumbs-content":"","ast-featured-img":"","footer-sml-layout":"","theme-transparent-header-meta":"","adv-header-id-meta":"","stick-header-meta":"","header-above-stick-meta":"","header-main-stick-meta":"","header-below-stick-meta":""},"categories":[1687,84,1621,1617,1767,1611,1613,1191],"tags":[2332,289,2333,2334,2335,2336],"sujet":[],"_links":{"self":[{"href":"https:\/\/israelmagazine.net\/index.php?rest_route=\/wp\/v2\/posts\/53711"}],"collection":[{"href":"https:\/\/israelmagazine.net\/index.php?rest_route=\/wp\/v2\/posts"}],"about":[{"href":"https:\/\/israelmagazine.net\/index.php?rest_route=\/wp\/v2\/types\/post"}],"author":[{"embeddable":true,"href":"https:\/\/israelmagazine.net\/index.php?rest_route=\/wp\/v2\/users\/4"}],"replies":[{"embeddable":true,"href":"https:\/\/israelmagazine.net\/index.php?rest_route=%2Fwp%2Fv2%2Fcomments&post=53711"}],"version-history":[{"count":0,"href":"https:\/\/israelmagazine.net\/index.php?rest_route=\/wp\/v2\/posts\/53711\/revisions"}],"wp:featuredmedia":[{"embeddable":true,"href":"https:\/\/israelmagazine.net\/index.php?rest_route=\/"}],"wp:attachment":[{"href":"https:\/\/israelmagazine.net\/index.php?rest_route=%2Fwp%2Fv2%2Fmedia&parent=53711"}],"wp:term":[{"taxonomy":"category","embeddable":true,"href":"https:\/\/israelmagazine.net\/index.php?rest_route=%2Fwp%2Fv2%2Fcategories&post=53711"},{"taxonomy":"post_tag","embeddable":true,"href":"https:\/\/israelmagazine.net\/index.php?rest_route=%2Fwp%2Fv2%2Ftags&post=53711"},{"taxonomy":"sujet","embeddable":true,"href":"https:\/\/israelmagazine.net\/index.php?rest_route=%2Fwp%2Fv2%2Fsujet&post=53711"}],"curies":[{"name":"wp","href":"https:\/\/api.w.org\/{rel}","templated":true}]}}