{"id":53717,"date":"2020-03-19T09:52:32","date_gmt":"2020-03-19T08:52:32","guid":{"rendered":"https:\/\/israelmagazine.net\/?p=53717"},"modified":"2020-03-19T09:52:32","modified_gmt":"2020-03-19T08:52:32","slug":"un-israelien-indien-battu-a-tiberiade-a-cause-du-coronavirus","status":"publish","type":"post","link":"https:\/\/israelmagazine.net\/?p=53717","title":{"rendered":"Un Isra\u00e9lien indien battu \u00e0 Tib\u00e9riade a cause du coronavirus\u00bb"},"content":{"rendered":"<div class=\\\"PostContent\\\">\n<h3 style=\\\"font-weight: 400;\\\"><strong>Un Isra\u00e9lien indien : Am-Shalem Singson, membre de la communaut\u00e9 de Bnei Menashe, et nouvel immigrant souffre de graves blessures \u00e0 la poitrine lorsqu\\&rsquo;il est pouss\u00e9 au sol et frapp\u00e9 \u00e0 plusieurs reprises par des assaillants criant \u00abCorona!\\&rsquo; Am-Shalem Singson, un immigrant de 28 ans de la communaut\u00e9 Bnei Menashe \u00e0 Manipur, en Inde, a \u00e9t\u00e9 attaqu\u00e9 samedi \u00e0 Tib\u00e9riade par des assaillants inconnus qui le croyaient chinois et lui ont reproch\u00e9 l\\&rsquo;\u00e9pid\u00e9mie de coronavirus.<\/strong><\/h3>\n<p style=\\\"font-weight: 400;\\\">Les assaillants ont pouss\u00e9 Singson au sol et lui ont donn\u00e9 des coups de pied \u00e0 plusieurs reprises en criant \u00abcorona corona\u00bb. Singson a \u00e9t\u00e9 admis au centre m\u00e9dical de Poriya de la ville avec de graves blessures \u00e0 la poitrine apr\u00e8s l\\&rsquo;attaque. \u00abJ\\&rsquo;ai essay\u00e9 d\\&rsquo;expliquer aux deux assaillants que je n\\&rsquo;\u00e9tais pas chinois, mais un juif de la communaut\u00e9 Bnei Menashe\u00bb, explique Singson qui a immigr\u00e9 en Isra\u00ebl en 2017. \\\u00a0\u00bbIl n\\&rsquo;y a aucune justification pour attaquer quelqu\\&rsquo;un pour \u00eatre chinois ou quelqu\\&rsquo;un d\\&rsquo;autre d\\&rsquo;ailleurs, mais ils \u00e9taient dans un \u00e9tat de folie totale en me donnant des coups de pied.\\\u00a0\u00bb<\/p>\n<p style=\\\"font-weight: 400;\\\">Singson, qui vit \u00e0 Tib\u00e9riade avec sa m\u00e8re, sa grand-m\u00e8re et son fr\u00e8re, est \u00e9tudiant dans un programme de yeshiva qui combine \u00e9tudes talmudiques et service militaire. La police a d\u00e9clar\u00e9 que l\\&rsquo;enqu\u00eate faisait l\\&rsquo;objet d\\&rsquo;une enqu\u00eate, ajoutant qu\\&rsquo;\u00ab\u00e0 ce stade, nous recueillons principalement des informations sur les assaillants\u00bb. \\\u00a0\u00bbNous avons \u00e9t\u00e9 choqu\u00e9s de recevoir les informations faisant \u00e9tat de l\\&rsquo;attaque raciste contre Am-Shalem Singson samedi \u00e0 Tib\u00e9riade\\\u00a0\u00bb, a d\u00e9clar\u00e9 Michael Freund, fondateur et pr\u00e9sident de Shavei Israel, une organisation d\u00e9di\u00e9e \u00e0 aider les communaut\u00e9s juives du monde entier \u00e0 \u00e9migrer en Isra\u00ebl. \\\u00a0\u00bbLes Bnei Menashe sont nos fr\u00e8res et s\u0153urs\\\u00a0\u00bb, a d\u00e9clar\u00e9 Freund. \\\u00a0\u00bbLe coronavirus ne fait pas de distinction entre les personnes en fonction de la couleur de leur peau, de la structure du visage ou de la forme des yeux. \u00abJ\\&rsquo;exige que les forces de police isra\u00e9liennes enqu\u00eatent sur cette affaire de toute urgence afin de traduire les responsables en justice.\u00bb<\/p>\n<p style=\\\"font-weight: 400;\\\">Le Centre de crise contre le racisme d\\&rsquo;Isra\u00ebl, une organisation d\u00e9di\u00e9e \u00e0 aider les personnes victimes de discrimination, a d\u00e9clar\u00e9: \u00abL\\&rsquo;agression aggrav\u00e9e contre Am-Shalem Singson justifie une enqu\u00eate polici\u00e8re pour trouver et punir correctement les d\u00e9linquants.<\/p>\n<p style=\\\"font-weight: 400;\\\">\u00abDans les fl\u00e9aux du pass\u00e9, ce sont les Juifs qui ont \u00e9t\u00e9 accus\u00e9s \u00e0 tort de propager la maladie. Apprenons une le\u00e7on humaine du pass\u00e9.\u00bb \u00a0Plus de 4000 immigrants de la communaut\u00e9 Bnei Menashe (un groupe ethnolinguistique en Inde qui revendiquent la descendance d\\&rsquo;une des tribus perdues d\\&rsquo;Isra\u00ebl et ont adopt\u00e9 la pratique du juda\u00efsme) ont d\u00e9j\u00e0 fait l\\&rsquo;Alya, et 6500 autres attendent de recevoir l\u2019autorisation.<\/p>\n<p style=\\\"font-weight: 400;\\\">\n<\/div>\n<p style=\\\"font-weight: 400;\\\">Par Andr\u00e9 Darmon<\/p>\n<blockquote class=\"wp-embedded-content\" data-secret=\"YLkzw9LjJv\"><p><a href=\"https:\/\/israelmagazine.co.il\/coronavirus-la-chine-et-le-defi-au-judaisme\/\">Coronavirus : la Chine et le d\u00e9fi au Juda\u00efsme<\/a><\/p><\/blockquote>\n<p><iframe class=\"wp-embedded-content\" sandbox=\"allow-scripts\" security=\"restricted\" style=\"position: absolute; clip: rect(1px, 1px, 1px, 1px);\" title=\"\u00ab\u00a0Coronavirus : la Chine et le d\u00e9fi au Juda\u00efsme\u00a0\u00bb &#8212; Israel Magazine\" src=\"https:\/\/israelmagazine.co.il\/coronavirus-la-chine-et-le-defi-au-judaisme\/embed\/#?secret=qiJfHl5ZP1#?secret=YLkzw9LjJv\" data-secret=\"YLkzw9LjJv\" width=\"500\" height=\"282\" frameborder=\"0\" marginwidth=\"0\" marginheight=\"0\" scrolling=\"no\"><\/iframe><\/p>\n<h4 class=\\\"p1\\\"><span class=\\\"s1\\\">La suite de l\u2019article se trouve dans le prochain num\u00e9ro d\u2019Isra\u00ebl Magazine<\/span><\/h4>\n<p class=\\\"p1\\\"><span class=\\\"s1\\\">S\u2019abonner au magazine par t\u00e9l\u00e9phone ou par whats app 00972 (0) 54 254 45 20 ou au 0186982727\u00a0\u00a0\u00a0<\/span><\/p>\n<p class=\\\"p2\\\"><span class=\\\"s2\\\">Par email\u00a0\u00a0<a href=\\\"mailto:Andredarmon78@gmail.com\\\"><span class=\\\"s3\\\">Andredarmon78@gmail.com<\/span><\/a><\/span><\/p>\n<p class=\\\"p1\\\"><span class=\\\"s1\\\">Ou directement sur le site\u00a0<a href=\\\"http:\/\/www.israelmagazine.co.il\/\\\"><span class=\\\"s4\\\">www.israelmagazine.co.il<\/span><\/a><\/span><\/p>\n<p class=\\\"p1\\\"><span class=\\\"s1\\\">D\u00e9couvrez un exemplaire du magazine gratuitement et cliquez sur le rebord droit du mag<\/span><\/p>\n<p><a href=\\\"https:\/\/israelmagazine.co.il\/sabonner-au-magazine\/\\\" target=\\\"_blank\\\" rel=\\\"noopener noreferrer\\\"><img class=\\\"wp-image-53593 aligncenter\\\" src=\\\"https:\/\/israelmagazine.co.il\/wp-content\/uploads\/2020\/03\/camp-ABO1-1200x628-300x157.jpg\\\" alt=\\\"camp-ABO1-1200x628\\\" width=\\\"464\\\" height=\\\"259\\\" \/><\/a><\/p>\n<p class=\\\"p2\\\"><span class=\\\"s5\\\"><a href=\\\"https:\/\/fr.calameo.com\/read\/0010965002cfce9dee566?authid=IRnvqb59CRHm\\\" target=\\\"_blank\\\" rel=\\\"noopener noreferrer\\\">https:\/\/fr.calameo.com\/read\/0010965002cfce9dee566?authid=IRnvqb59CRHm<\/a><\/span><\/p>\n","protected":false},"excerpt":{"rendered":"<p>Un Isra\u00e9lien indien : Am-Shalem Singson, membre de la communaut\u00e9 de Bnei Menashe, et nouvel immigrant souffre de graves blessures \u00e0 la poitrine lorsqu\\&rsquo;il est pouss\u00e9 au sol et frapp\u00e9 \u00e0 plusieurs reprises par des assaillants criant \u00abCorona!\\&rsquo; Am-Shalem Singson, un immigrant de 28 ans de la communaut\u00e9 Bnei Menashe \u00e0 Manipur, en Inde, a &hellip;<\/p>\n<p class=\"read-more\"> <a class=\"\" href=\"https:\/\/israelmagazine.net\/?p=53717\"> <span class=\"screen-reader-text\">Un Isra\u00e9lien indien battu \u00e0 Tib\u00e9riade a cause du coronavirus\u00bb<\/span> Lire la suite \u00bb<\/a><\/p>\n","protected":false},"author":4,"featured_media":53712,"comment_status":"open","ping_status":"open","sticky":false,"template":"","format":"standard","meta":{"site-sidebar-layout":"default","site-content-layout":"default","ast-global-header-display":"","ast-main-header-display":"","ast-hfb-above-header-display":"","ast-hfb-below-header-display":"","ast-hfb-mobile-header-display":"","site-post-title":"","ast-breadcrumbs-content":"","ast-featured-img":"","footer-sml-layout":"","theme-transparent-header-meta":"","adv-header-id-meta":"","stick-header-meta":"","header-above-stick-meta":"","header-main-stick-meta":"","header-below-stick-meta":""},"categories":[1687,84,1621,814,1617,1767,1611,1613,1674,1618,1615],"tags":[],"sujet":[],"_links":{"self":[{"href":"https:\/\/israelmagazine.net\/index.php?rest_route=\/wp\/v2\/posts\/53717"}],"collection":[{"href":"https:\/\/israelmagazine.net\/index.php?rest_route=\/wp\/v2\/posts"}],"about":[{"href":"https:\/\/israelmagazine.net\/index.php?rest_route=\/wp\/v2\/types\/post"}],"author":[{"embeddable":true,"href":"https:\/\/israelmagazine.net\/index.php?rest_route=\/wp\/v2\/users\/4"}],"replies":[{"embeddable":true,"href":"https:\/\/israelmagazine.net\/index.php?rest_route=%2Fwp%2Fv2%2Fcomments&post=53717"}],"version-history":[{"count":0,"href":"https:\/\/israelmagazine.net\/index.php?rest_route=\/wp\/v2\/posts\/53717\/revisions"}],"wp:featuredmedia":[{"embeddable":true,"href":"https:\/\/israelmagazine.net\/index.php?rest_route=\/"}],"wp:attachment":[{"href":"https:\/\/israelmagazine.net\/index.php?rest_route=%2Fwp%2Fv2%2Fmedia&parent=53717"}],"wp:term":[{"taxonomy":"category","embeddable":true,"href":"https:\/\/israelmagazine.net\/index.php?rest_route=%2Fwp%2Fv2%2Fcategories&post=53717"},{"taxonomy":"post_tag","embeddable":true,"href":"https:\/\/israelmagazine.net\/index.php?rest_route=%2Fwp%2Fv2%2Ftags&post=53717"},{"taxonomy":"sujet","embeddable":true,"href":"https:\/\/israelmagazine.net\/index.php?rest_route=%2Fwp%2Fv2%2Fsujet&post=53717"}],"curies":[{"name":"wp","href":"https:\/\/api.w.org\/{rel}","templated":true}]}}