{"id":53753,"date":"2020-03-23T09:06:56","date_gmt":"2020-03-23T08:06:56","guid":{"rendered":"https:\/\/israelmagazine.net\/?p=53753"},"modified":"2020-03-23T09:06:56","modified_gmt":"2020-03-23T08:06:56","slug":"le-coronavirus-nest-pas-la-seule-maladie-mortelle","status":"publish","type":"post","link":"https:\/\/israelmagazine.net\/?p=53753","title":{"rendered":"Le coronavirus n\\&rsquo;est pas la seule maladie mortelle"},"content":{"rendered":"<div class=\\\"PostContent\\\">\n<h3 style=\\\"font-weight: 400;\\\"><strong>Beaucoup de gens ont besoin d\\&rsquo;un traitement continu pour une multitude de maux, mais on dit aux m\u00e9decins de retarder les soins que les responsables du minist\u00e8re de la Sant\u00e9 jugent non cruciaux pendant une pand\u00e9mie, et les gens vont mourir et eux aussi m\u00e9ritent des soins appropri\u00e9s.<\/strong><\/h3>\n<p style=\\\"font-weight: 400;\\\">Mes coll\u00e8gues m\u00e9decins et moi-m\u00eame sommes parfaitement conscients de l\\&rsquo;ampleur de l\\&rsquo;urgence dans laquelle nous vivons et sommes enti\u00e8rement d\\&rsquo;accord avec le minist\u00e8re de la Sant\u00e9 pour que les \u00e9quipes m\u00e9dicales doivent \u00eatre prot\u00e9g\u00e9es contre l\\&rsquo;infection par le coronavirus, une directive qui n\\&rsquo;est malheureusement que partiellement appliqu\u00e9e. Nous croyons qu\\&rsquo;il doit y avoir des espaces d\u00e9di\u00e9s et s\u00e9par\u00e9s dans chaque h\u00f4pital qui permettront le traitement avec l\\&rsquo;\u00e9quipement appropri\u00e9, y compris les ventilateurs, pour ceux qui en ont besoin. Cela contiendra la propagation de la maladie, qui est le seul moyen de gagner cette bataille.<\/p>\n<p style=\\\"font-weight: 400;\\\">Mais il doit y avoir une administration bien pens\u00e9e pour ces besoins afin que les dommages collat\u00e9raux que nous connaissons d\u00e9j\u00e0, aux patients qui ont besoin de soins qui ne sont pas li\u00e9s au coronavirus, soient r\u00e9duits au minimum.<\/p>\n<p style=\\\"font-weight: 400;\\\">Cela inclut les patients dont les soins sont report\u00e9s ou marginalis\u00e9s et dont le pronostic de gu\u00e9rison pourrait \u00eatre irr\u00e9m\u00e9diablement compromis et qui pourraient m\u00eame faire face \u00e0 la mort.<\/p>\n<p style=\\\"font-weight: 400;\\\">Ces personnes ont besoin de soins m\u00e9dicaux r\u00e9els, non seulement en cas de cancer ou de maladie cardiaque, mais aussi dans de nombreux autres maux.<\/p>\n<p style=\\\"font-weight: 400;\\\">Si nous ne prenons pas le temps d\\&rsquo;examiner ce probl\u00e8me, nous pourrons bient\u00f4t constater que, m\u00eame si nous avons peut-\u00eatre r\u00e9ussi \u00e0 minimiser les maladies et m\u00eame les d\u00e9c\u00e8s dus au coronavirus, nous paierions le prix des d\u00e9c\u00e8s dus \u00e0 d\\&rsquo;autres maladies \u00e0 un rythme que nous n\\&rsquo;ont jamais vu auparavant, y compris des cas dans lesquels la science m\u00e9dicale avait investi des ann\u00e9es de connaissances et de ressources pour surmonter.<\/p>\n<p style=\\\"font-weight: 400;\\\">Je soul\u00e8ve cette question maintenant, car des restrictions sont impos\u00e9es aux m\u00e9decins et aux \u00e9quipes m\u00e9dicales par les personnes en position de prendre des d\u00e9cisions &#8211; et je ne sais toujours pas qui elles sont.<\/p>\n<\/div>\n<p>&nbsp;<\/p>\n<img class=\\\"wp-image-53754 size-medium\\\" src=\\\"https:\/\/israelmagazine.co.il\/wp-content\/uploads\/2020\/03\/mortelle2-300x168.jpg\\\" alt=\\\"\\\" width=\\\"300\\\" height=\\\"168\\\" \/>\n<div class=\\\"PostContent\\\">\n<p style=\\\"font-weight: 400;\\\">On nous dit de suivre des crit\u00e8res pour d\u00e9cider qui nous pouvons traiter. D\\&rsquo;autres nous disent ce qui constitue une intervention m\u00e9dicale n\u00e9cessaire et ce qui ne l\\&rsquo;est pas.\u00a0 Nous sommes \u00e9galement contraints \u00e0 la quarantaine apr\u00e8s avoir \u00e9t\u00e9 bri\u00e8vement en contact avec des patients atteints de coronavirus.<\/p>\n<p style=\\\"font-weight: 400;\\\">J\\&rsquo;\u00e9cris moi-m\u00eame de ma quarantaine apr\u00e8s 12 jours d\\&rsquo;isolement. Je suis all\u00e9 aux urgences pour voir un ami cher qui avait \u00e9t\u00e9 confirm\u00e9 positif pour le coronavirus. Je ne l\\&rsquo;ai vu que quelques minutes mais j\\&rsquo;ai quand m\u00eame \u00e9t\u00e9 contraint \u00e0 l\\&rsquo;isolement.<\/p>\n<p style=\\\"font-weight: 400;\\\">Les personnes occupant des postes de d\u00e9cision doivent modifier d\\&rsquo;urgence leurs instructions \u00e0 l\\&rsquo;\u00e9tablissement m\u00e9dical afin que les lits de traitement des coronavirus d\u00e9di\u00e9s soient pr\u00e9par\u00e9s \u00e0 l\\&rsquo;\u00e9cart de la population g\u00e9n\u00e9rale, et en m\u00eame temps, des soins continus peuvent \u00eatre fournis aux nombreux patients qui continuent de demander notre aide. .<\/p>\n<p style=\\\"font-weight: 400;\\\">Les \u00e9quipes m\u00e9dicales doivent bien s\u00fbr \u00eatre prot\u00e9g\u00e9es contre l\\&rsquo;infection mais une br\u00e8ve rencontre avec un patient coronavirus ne doit pas \u00eatre automatiquement suivie d\\&rsquo;une p\u00e9riode de quarantaine. Les chances que j\\&rsquo;ai \u00e9t\u00e9 infect\u00e9 par ma visite de quelques minutes avec mon ami sont minimes.<\/p>\n<p style=\\\"font-weight: 400;\\\">Ce n\\&rsquo;est qu\\&rsquo;en adoptant cette mani\u00e8re de g\u00e9rer notre syst\u00e8me de sant\u00e9 que nous serons en mesure de fonctionner au mieux, de traiter les personnes dans le besoin urgent tout en minimisant l\\&rsquo;augmentation spectaculaire des d\u00e9c\u00e8s auxquels nombre de nos patients seront confront\u00e9s sans les soins continus dont ils ont besoin.<\/p>\n<p style=\\\"font-weight: 400;\\\">Je crois que l\\&rsquo;effondrement de notre syst\u00e8me m\u00e9dical, dont nous sommes d\u00e9j\u00e0 t\u00e9moins, peut \u00eatre att\u00e9nu\u00e9 si nous adoptons les mesures n\u00e9cessaires.<\/p>\n<p style=\\\"font-weight: 400;\\\">Je souhaite \u00e0 tous un succ\u00e8s face \u00e0 ce d\u00e9fi et j\\&rsquo;esp\u00e8re que nous ferons preuve de la sagesse, de la responsabilit\u00e9 et surtout de l\\&rsquo;engagement n\u00e9cessaires dans notre mission commune pour gagner cette guerre.<\/p>\n<p>Par Andr\u00e9 Darmon<\/p>\n<\/div>\n<blockquote class=\"wp-embedded-content\" data-secret=\"6iTEKhAPSE\"><p><a href=\"https:\/\/israelmagazine.co.il\/coronavirus-la-chine-et-le-defi-au-judaisme\/\">Coronavirus : la Chine et le d\u00e9fi au Juda\u00efsme<\/a><\/p><\/blockquote>\n<p><iframe class=\"wp-embedded-content\" sandbox=\"allow-scripts\" security=\"restricted\" style=\"position: absolute; clip: rect(1px, 1px, 1px, 1px);\" title=\"\u00ab\u00a0Coronavirus : la Chine et le d\u00e9fi au Juda\u00efsme\u00a0\u00bb &#8212; Israel Magazine\" src=\"https:\/\/israelmagazine.co.il\/coronavirus-la-chine-et-le-defi-au-judaisme\/embed\/#?secret=fP9Yoqzbu2#?secret=6iTEKhAPSE\" data-secret=\"6iTEKhAPSE\" width=\"500\" height=\"282\" frameborder=\"0\" marginwidth=\"0\" marginheight=\"0\" scrolling=\"no\"><\/iframe><\/p>\n<h4 class=\\\"p1\\\"><span class=\\\"s1\\\">La suite de l\u2019article se trouve dans le prochain num\u00e9ro d\u2019Isra\u00ebl Magazine<\/span><\/h4>\n<p class=\\\"p1\\\"><span class=\\\"s1\\\">S\u2019abonner au magazine par t\u00e9l\u00e9phone ou par whats app 00972 (0) 54 254 45 20 ou au 0186982727\u00a0\u00a0\u00a0<\/span><\/p>\n<p class=\\\"p2\\\"><span class=\\\"s2\\\">Par email\u00a0\u00a0<a href=\\\"mailto:Andredarmon78@gmail.com\\\"><span class=\\\"s3\\\">Andredarmon78@gmail.com<\/span><\/a><\/span><\/p>\n<p class=\\\"p1\\\"><span class=\\\"s1\\\">Ou directement sur le site\u00a0<a href=\\\"http:\/\/www.israelmagazine.co.il\/\\\"><span class=\\\"s4\\\">www.israelmagazine.co.il<\/span><\/a><\/span><\/p>\n<p class=\\\"p1\\\"><span class=\\\"s1\\\">D\u00e9couvrez un exemplaire du magazine gratuitement et cliquez sur le rebord droit du mag<\/span><\/p>\n<p><a href=\\\"https:\/\/israelmagazine.co.il\/sabonner-au-magazine\/\\\" target=\\\"_blank\\\" rel=\\\"noopener noreferrer\\\"><img class=\\\"wp-image-53593 aligncenter\\\" src=\\\"https:\/\/israelmagazine.co.il\/wp-content\/uploads\/2020\/03\/camp-ABO1-1200x628-300x157.jpg\\\" alt=\\\"camp-ABO1-1200x628\\\" width=\\\"464\\\" height=\\\"259\\\" \/><\/a><\/p>\n<p class=\\\"p2\\\"><span class=\\\"s5\\\"><a href=\\\"https:\/\/fr.calameo.com\/read\/0010965002cfce9dee566?authid=IRnvqb59CRHm\\\" target=\\\"_blank\\\" rel=\\\"noopener noreferrer\\\">https:\/\/fr.calameo.com\/read\/0010965002cfce9dee566?authid=IRnvqb59CRHm<\/a><\/span><\/p>\n","protected":false},"excerpt":{"rendered":"<p>Beaucoup de gens ont besoin d\\&rsquo;un traitement continu pour une multitude de maux, mais on dit aux m\u00e9decins de retarder les soins que les responsables du minist\u00e8re de la Sant\u00e9 jugent non cruciaux pendant une pand\u00e9mie, et les gens vont mourir et eux aussi m\u00e9ritent des soins appropri\u00e9s. Mes coll\u00e8gues m\u00e9decins et moi-m\u00eame sommes parfaitement &hellip;<\/p>\n<p class=\"read-more\"> <a class=\"\" href=\"https:\/\/israelmagazine.net\/?p=53753\"> <span class=\"screen-reader-text\">Le coronavirus n\\&rsquo;est pas la seule maladie mortelle<\/span> Lire la suite \u00bb<\/a><\/p>\n","protected":false},"author":4,"featured_media":53755,"comment_status":"open","ping_status":"open","sticky":false,"template":"","format":"standard","meta":{"site-sidebar-layout":"default","site-content-layout":"default","ast-global-header-display":"","ast-main-header-display":"","ast-hfb-above-header-display":"","ast-hfb-below-header-display":"","ast-hfb-mobile-header-display":"","site-post-title":"","ast-breadcrumbs-content":"","ast-featured-img":"","footer-sml-layout":"","theme-transparent-header-meta":"","adv-header-id-meta":"","stick-header-meta":"","header-above-stick-meta":"","header-main-stick-meta":"","header-below-stick-meta":""},"categories":[1687,84,1621,1612,1767,1679,1613,1674,1618,1619],"tags":[289,1784,2368,1927,2369,2124,2370,2259],"sujet":[],"_links":{"self":[{"href":"https:\/\/israelmagazine.net\/index.php?rest_route=\/wp\/v2\/posts\/53753"}],"collection":[{"href":"https:\/\/israelmagazine.net\/index.php?rest_route=\/wp\/v2\/posts"}],"about":[{"href":"https:\/\/israelmagazine.net\/index.php?rest_route=\/wp\/v2\/types\/post"}],"author":[{"embeddable":true,"href":"https:\/\/israelmagazine.net\/index.php?rest_route=\/wp\/v2\/users\/4"}],"replies":[{"embeddable":true,"href":"https:\/\/israelmagazine.net\/index.php?rest_route=%2Fwp%2Fv2%2Fcomments&post=53753"}],"version-history":[{"count":0,"href":"https:\/\/israelmagazine.net\/index.php?rest_route=\/wp\/v2\/posts\/53753\/revisions"}],"wp:featuredmedia":[{"embeddable":true,"href":"https:\/\/israelmagazine.net\/index.php?rest_route=\/"}],"wp:attachment":[{"href":"https:\/\/israelmagazine.net\/index.php?rest_route=%2Fwp%2Fv2%2Fmedia&parent=53753"}],"wp:term":[{"taxonomy":"category","embeddable":true,"href":"https:\/\/israelmagazine.net\/index.php?rest_route=%2Fwp%2Fv2%2Fcategories&post=53753"},{"taxonomy":"post_tag","embeddable":true,"href":"https:\/\/israelmagazine.net\/index.php?rest_route=%2Fwp%2Fv2%2Ftags&post=53753"},{"taxonomy":"sujet","embeddable":true,"href":"https:\/\/israelmagazine.net\/index.php?rest_route=%2Fwp%2Fv2%2Fsujet&post=53753"}],"curies":[{"name":"wp","href":"https:\/\/api.w.org\/{rel}","templated":true}]}}