{"id":53766,"date":"2020-03-23T10:02:32","date_gmt":"2020-03-23T09:02:32","guid":{"rendered":"https:\/\/israelmagazine.net\/?p=53766"},"modified":"2020-03-23T10:02:32","modified_gmt":"2020-03-23T09:02:32","slug":"prolonger-dun-mois-pour-lutter-contre-le-coronavirus","status":"publish","type":"post","link":"https:\/\/israelmagazine.net\/?p=53766","title":{"rendered":"Prolonger d\\&rsquo;un mois pour lutter contre le coronavirus"},"content":{"rendered":"<div class=\\\"PostContent\\\">\n<h5>\u00a9AFP \/ JACK GUEZ<\/h5>\n<h2>Isra\u00ebl s\\&rsquo;appr\u00eate \u00e0 prolonger d\\&rsquo;un mois l\\&rsquo;hiver pour lutter contre le coronavirus.<\/h2>\n<h3 style=\\\"font-weight: 400;\\\"><strong>AG approuve la demande du minist\u00e8re de l\\&rsquo;Int\u00e9rieur de retarder l\\&rsquo;heure d\\&rsquo;\u00e9t\u00e9 qui devait d\u00e9buter cette semaine, afin de r\u00e9duire le temps que les gens peuvent passer en dehors de leur domicile; Les autorit\u00e9s gouvernementales des TIC disent qu\\&rsquo;elles s\\&rsquo;opposent \u00e0 cette d\u00e9cision.<\/strong><\/h3>\n<p style=\\\"font-weight: 400;\\\">Isra\u00ebl devrait prolonger l\\&rsquo;heure d\\&rsquo;hiver, qui devait se terminer cette semaine, d\\&rsquo;au moins un mois pour emp\u00eacher le public d\\&rsquo;errer dans les rues et emp\u00eacher une nouvelle propagation du coronavirus.<\/p>\n<p style=\\\"font-weight: 400;\\\">Dimanche, le g\u00e9n\u00e9ral Avichai Mandelblit, procureur, a approuv\u00e9 une demande du minist\u00e8re de l\\&rsquo;Int\u00e9rieur visant \u00e0 inclure la prolongation du d\u00e9lai standard dans l\\&rsquo;\u00e9tat d\\&rsquo;urgence actuellement en vigueur en raison de l\\&rsquo;\u00e9pid\u00e9mie de COVID-19.<\/p>\n<p style=\\\"font-weight: 400;\\\">L\\&rsquo;Autorit\u00e9 gouvernementale des TIC (technologies de l\\&rsquo;information et des communications), cependant, a d\u00e9clar\u00e9 qu\\&rsquo;elle s\\&rsquo;opposait au mouvement puisque le passage entre l\\&rsquo;heure d\\&rsquo;\u00e9t\u00e9 et l\\&rsquo;heure d\\&rsquo;hiver est int\u00e9gr\u00e9 dans les syst\u00e8mes d\\&rsquo;exploitation de la plupart des ordinateurs et des t\u00e9l\u00e9phones intelligents et ne peut pas \u00eatre mis \u00e0 jour avant que l\\&rsquo;horloge ne soit d\u00e9plac\u00e9e plus tard cette semaine.<\/p>\n<p style=\\\"font-weight: 400;\\\">Le ministre de l\\&rsquo;Int\u00e9rieur, Aryeh Deri, a discut\u00e9 samedi soir avec le Premier ministre Benjamin Netanyahou, le ministre de la Sant\u00e9 Yaakov Litzman et le ministre de la D\u00e9fense Naftali Bennett et les a inform\u00e9s de son intention de retarder l\\&rsquo;heure d\\&rsquo;\u00e9t\u00e9, qui devait se d\u00e9rouler une nuit entre jeudi et vendredi. Le minist\u00e8re de l\\&rsquo;Int\u00e9rieur estime que la prolongation de l\\&rsquo;heure d\\&rsquo;hiver emp\u00eachera les gens de se rassembler et respectera strictement les directives du minist\u00e8re de la Sant\u00e9 visant \u00e0 arr\u00eater la propagation du nouveau virus.<\/p>\n<p style=\\\"font-weight: 400;\\\">\\\u00a0\u00bbIl y a quelques jours, j\\&rsquo;ai propos\u00e9 de retarder l\\&rsquo;heure d\\&rsquo;\u00e9t\u00e9 pour emp\u00eacher les enfants et les adultes de rester \u00e0 l\\&rsquo;ext\u00e9rieur du domicile pendant une heure suppl\u00e9mentaire, r\u00e9duisant ainsi l\\&rsquo;utilisation des espaces publics\\\u00a0\u00bb, a d\u00e9clar\u00e9 Deri.<\/p>\n<blockquote>\n<h3 style=\\\"font-weight: 400;\\\"><strong>\u00abJ\\&rsquo;ai consult\u00e9 le Premier ministre \u00e0 ce sujet et j\\&rsquo;ai re\u00e7u son accord de principe.\u00bb Dimanche matin, le nombre de personnes infect\u00e9es par un coronavirus en Isra\u00ebl \u00e9tait de 945, 20 personnes restant dans un \u00e9tat grave. Vingt-quatre personnes sont dans un \u00e9tat mod\u00e9r\u00e9 et le reste est dans la lumi\u00e8re.<\/strong><\/h3>\n<\/blockquote>\n<\/div>\n<div class=\\\"PostContent\\\">\n<p>Par Andr\u00e9 Darmon<\/p>\n<\/div>\n<blockquote class=\"wp-embedded-content\" data-secret=\"obKsro1Juu\"><p><a href=\"https:\/\/israelmagazine.co.il\/coronavirus-la-chine-et-le-defi-au-judaisme\/\">Coronavirus : la Chine et le d\u00e9fi au Juda\u00efsme<\/a><\/p><\/blockquote>\n<p><iframe class=\"wp-embedded-content\" sandbox=\"allow-scripts\" security=\"restricted\" style=\"position: absolute; clip: rect(1px, 1px, 1px, 1px);\" title=\"\u00ab\u00a0Coronavirus : la Chine et le d\u00e9fi au Juda\u00efsme\u00a0\u00bb &#8212; Israel Magazine\" src=\"https:\/\/israelmagazine.co.il\/coronavirus-la-chine-et-le-defi-au-judaisme\/embed\/#?secret=PS7WpbVrww#?secret=obKsro1Juu\" data-secret=\"obKsro1Juu\" width=\"500\" height=\"282\" frameborder=\"0\" marginwidth=\"0\" marginheight=\"0\" scrolling=\"no\"><\/iframe><\/p>\n<h4 class=\\\"p1\\\"><span class=\\\"s1\\\">La suite de l\u2019article se trouve dans le prochain num\u00e9ro d\u2019Isra\u00ebl Magazine<\/span><\/h4>\n<p class=\\\"p1\\\"><span class=\\\"s1\\\">S\u2019abonner au magazine par t\u00e9l\u00e9phone ou par whats app 00972 (0) 54 254 45 20 ou au 0186982727\u00a0\u00a0\u00a0<\/span><\/p>\n<p class=\\\"p2\\\"><span class=\\\"s2\\\">Par email\u00a0\u00a0<a href=\\\"mailto:Andredarmon78@gmail.com\\\"><span class=\\\"s3\\\">Andredarmon78@gmail.com<\/span><\/a><\/span><\/p>\n<p class=\\\"p1\\\"><span class=\\\"s1\\\">Ou directement sur le site\u00a0<a href=\\\"http:\/\/www.israelmagazine.co.il\/\\\"><span class=\\\"s4\\\">www.israelmagazine.co.il<\/span><\/a><\/span><\/p>\n<p class=\\\"p1\\\"><span class=\\\"s1\\\">D\u00e9couvrez un exemplaire du magazine gratuitement et cliquez sur le rebord droit du mag<\/span><\/p>\n<p><a href=\\\"https:\/\/israelmagazine.co.il\/sabonner-au-magazine\/\\\" target=\\\"_blank\\\" rel=\\\"noopener noreferrer\\\"><img class=\\\"wp-image-53593 aligncenter\\\" src=\\\"https:\/\/israelmagazine.co.il\/wp-content\/uploads\/2020\/03\/camp-ABO1-1200x628-300x157.jpg\\\" alt=\\\"camp-ABO1-1200x628\\\" width=\\\"464\\\" height=\\\"259\\\" \/><\/a><\/p>\n<p class=\\\"p2\\\"><span class=\\\"s5\\\"><a href=\\\"https:\/\/fr.calameo.com\/read\/0010965002cfce9dee566?authid=IRnvqb59CRHm\\\" target=\\\"_blank\\\" rel=\\\"noopener noreferrer\\\">https:\/\/fr.calameo.com\/read\/0010965002cfce9dee566?authid=IRnvqb59CRHm<\/a><\/span><\/p>\n","protected":false},"excerpt":{"rendered":"<p>\u00a9AFP \/ JACK GUEZ Isra\u00ebl s\\&rsquo;appr\u00eate \u00e0 prolonger d\\&rsquo;un mois l\\&rsquo;hiver pour lutter contre le coronavirus. AG approuve la demande du minist\u00e8re de l\\&rsquo;Int\u00e9rieur de retarder l\\&rsquo;heure d\\&rsquo;\u00e9t\u00e9 qui devait d\u00e9buter cette semaine, afin de r\u00e9duire le temps que les gens peuvent passer en dehors de leur domicile; Les autorit\u00e9s gouvernementales des TIC disent qu\\&rsquo;elles &hellip;<\/p>\n<p class=\"read-more\"> <a class=\"\" href=\"https:\/\/israelmagazine.net\/?p=53766\"> <span class=\"screen-reader-text\">Prolonger d\\&rsquo;un mois pour lutter contre le coronavirus<\/span> Lire la suite \u00bb<\/a><\/p>\n","protected":false},"author":4,"featured_media":53767,"comment_status":"open","ping_status":"open","sticky":false,"template":"","format":"standard","meta":{"site-sidebar-layout":"default","site-content-layout":"default","ast-global-header-display":"","ast-main-header-display":"","ast-hfb-above-header-display":"","ast-hfb-below-header-display":"","ast-hfb-mobile-header-display":"","site-post-title":"","ast-breadcrumbs-content":"","ast-featured-img":"","footer-sml-layout":"","theme-transparent-header-meta":"","adv-header-id-meta":"","stick-header-meta":"","header-above-stick-meta":"","header-main-stick-meta":"","header-below-stick-meta":""},"categories":[1687,84,1621,814,1612,1767,1613,1618,1619,1615],"tags":[1917,289,2395,2219,2396,2397,2398,2399],"sujet":[],"_links":{"self":[{"href":"https:\/\/israelmagazine.net\/index.php?rest_route=\/wp\/v2\/posts\/53766"}],"collection":[{"href":"https:\/\/israelmagazine.net\/index.php?rest_route=\/wp\/v2\/posts"}],"about":[{"href":"https:\/\/israelmagazine.net\/index.php?rest_route=\/wp\/v2\/types\/post"}],"author":[{"embeddable":true,"href":"https:\/\/israelmagazine.net\/index.php?rest_route=\/wp\/v2\/users\/4"}],"replies":[{"embeddable":true,"href":"https:\/\/israelmagazine.net\/index.php?rest_route=%2Fwp%2Fv2%2Fcomments&post=53766"}],"version-history":[{"count":0,"href":"https:\/\/israelmagazine.net\/index.php?rest_route=\/wp\/v2\/posts\/53766\/revisions"}],"wp:featuredmedia":[{"embeddable":true,"href":"https:\/\/israelmagazine.net\/index.php?rest_route=\/"}],"wp:attachment":[{"href":"https:\/\/israelmagazine.net\/index.php?rest_route=%2Fwp%2Fv2%2Fmedia&parent=53766"}],"wp:term":[{"taxonomy":"category","embeddable":true,"href":"https:\/\/israelmagazine.net\/index.php?rest_route=%2Fwp%2Fv2%2Fcategories&post=53766"},{"taxonomy":"post_tag","embeddable":true,"href":"https:\/\/israelmagazine.net\/index.php?rest_route=%2Fwp%2Fv2%2Ftags&post=53766"},{"taxonomy":"sujet","embeddable":true,"href":"https:\/\/israelmagazine.net\/index.php?rest_route=%2Fwp%2Fv2%2Fsujet&post=53766"}],"curies":[{"name":"wp","href":"https:\/\/api.w.org\/{rel}","templated":true}]}}