{"id":53771,"date":"2020-03-24T11:42:54","date_gmt":"2020-03-24T10:42:54","guid":{"rendered":"https:\/\/israelmagazine.net\/?p=53771"},"modified":"2020-03-24T11:42:54","modified_gmt":"2020-03-24T10:42:54","slug":"le-corona-et-mes-coronaires","status":"publish","type":"post","link":"https:\/\/israelmagazine.net\/?p=53771","title":{"rendered":"Edito d\\&rsquo;Andr\u00e9 Darmon : Le Corona et mes Coronaires"},"content":{"rendered":"<div class=\\\"PostContent\\\">\n<p style=\\\"font-weight: 400;\\\">Le Corona virus finira-t-il acquitter des royalties (et m\u00eame des indemnit\u00e9s) \u00e0 la c\u00e9l\u00e8bre Bi\u00e8re mexicaine du m\u00eame nom pour lui avoir emprunt\u00e9 un nom qui \u00e9tait pourtant synonyme de fraicheur, d\u2019effluves citronn\u00e9s et d\u2019\u00e9t\u00e9. C\u2019est, parmi tant d\u2019autres, une question folle qui a travers\u00e9 ce qui me reste de cerveau apr\u00e8s cette attaque terroriste que constitue l\u2019invasion du Virus. Comme cette autre question qui m\u2019agite depuis que je suis mis tout seul, en isolement, sans y \u00eatre contraint, avant que Bibi ne l\u2019instaure. Et oui comment vivre d\u00e9sormais loin de ceux que l\u2019on aime car le grand-p\u00e8re que je suis, a d\u00e9cid\u00e9 depuis le premier jour de s\u2019\u00e9loigner de ses petits-enfants, de sa compagne, car je sens que malgr\u00e9 l\u2019amour que mes enfants me portent, je ne les sens pas vraiment press\u00e9s de me rencontrer. Aussi vais-je m\u2019occuper de mon ordinateur, de ma guitare (je ne pourrais pas m\u2019emp\u00eacher de chanter Johnny, Non pas Be Good, mais Johnny\u00a0 Bidoud) et surtout du magazine, le v\u00f4tre. On parle du Virus mais o\u00f9 se trouve-t-il exactement. A-t-il le don d\u2019ubiquit\u00e9 car il est parait-il en Italie, en Chine, en France, en Isra\u00ebl. S\u2019est-il diaboliquement d\u00e9multipli\u00e9.\u00a0 Il est m\u00eame parvenu \u00e0 prendre la mer, marin intr\u00e9pide et cupide. J\u2019en viens soi-disant \u00e0 me culpabiliser juste pour me faire sourire. Il n\u2019y a pas si longtemps en novembre j\u2019\u00e9tais en Sicile (rappelez-vous le reportage) puis en France (Communaut\u00e9 juive du 17eme arrondissement) et de plus j\u2019ai souffert d\u2019une grave pneumonie. \u00c9tais-je sans le savoir le premier Coronoman. Je me calme en me disant que la Sicile est tellement loin de la Lombardie, quoique ce coquin de virus voyage peut-\u00eatre en bagage non accompagn\u00e9, dans nos invisibles soutes. Je plaisantais\u00a0!<\/p>\n<h3 style=\\\"font-weight: 400;\\\"><strong>La Politique et Ya\u00efr Lapid, le roquet national<\/strong><\/h3>\n<p style=\\\"font-weight: 400;\\\">Presque tous les soirs vers 21 heures, le Premier ministre apparait pour sa conf\u00e9rence de presse ou d\u2019ailleurs la presse est absente (\u00e0 part la t\u00e9l\u00e9). Alors que Ya\u00efr Lapid de Cahol Lavan, notre roquet national, fulmine rageusement sur les r\u00e9seaux sociaux, Benyamin Netanyahou semble calme, pragmatique, professoral aussi. Directif c\u2019est certain. Je me dis \u00e0 ce moment-l\u00e0 qu\u2019il fait partie aussi, a 71 ans, de cette couche de population expos\u00e9e au virus, et que de plus il a cette foutue charge de g\u00e9rer une crise impossible, comme il doit g\u00e9rer la crise politique afin de nommer un nouveau Premier ministre qu\u2019il pourrait \u00eatre lui-m\u00eame.\u00a0 Que l\u2019on soit de gauche ou de droite, le bonhomme m\u00e9rite le respect et parfois l\u2019\u00e9motion affleure. Et le virus lui octroie cette arme assez exceptionnelle contre ses adversaires, qui s\u2019appelle le silence.<\/p>\n<\/div>\n<div class=\\\"PostContent\\\">\n<p>Par Andr\u00e9 Darmon<\/p>\n<\/div>\n<blockquote class=\"wp-embedded-content\" data-secret=\"GJElnHQkbU\"><p><a href=\"https:\/\/israelmagazine.co.il\/coronavirus-la-chine-et-le-defi-au-judaisme\/\">Coronavirus : la Chine et le d\u00e9fi au Juda\u00efsme<\/a><\/p><\/blockquote>\n<p><iframe class=\"wp-embedded-content\" sandbox=\"allow-scripts\" security=\"restricted\" style=\"position: absolute; clip: rect(1px, 1px, 1px, 1px);\" title=\"\u00ab\u00a0Coronavirus : la Chine et le d\u00e9fi au Juda\u00efsme\u00a0\u00bb &#8212; Israel Magazine\" src=\"https:\/\/israelmagazine.co.il\/coronavirus-la-chine-et-le-defi-au-judaisme\/embed\/#?secret=gWMUJ7lzdX#?secret=GJElnHQkbU\" data-secret=\"GJElnHQkbU\" width=\"500\" height=\"282\" frameborder=\"0\" marginwidth=\"0\" marginheight=\"0\" scrolling=\"no\"><\/iframe><\/p>\n<h4 class=\\\"p1\\\"><span class=\\\"s1\\\">La suite de l\u2019article se trouve dans le prochain num\u00e9ro d\u2019Isra\u00ebl Magazine<\/span><\/h4>\n<p class=\\\"p1\\\"><span class=\\\"s1\\\">S\u2019abonner au magazine par t\u00e9l\u00e9phone ou par whats app 00972 (0) 54 254 45 20 ou au 0186982727\u00a0\u00a0\u00a0<\/span><\/p>\n<p class=\\\"p2\\\"><span class=\\\"s2\\\">Par email\u00a0\u00a0<a href=\\\"mailto:Andredarmon78@gmail.com\\\"><span class=\\\"s3\\\">Andredarmon78@gmail.com<\/span><\/a><\/span><\/p>\n<p class=\\\"p1\\\"><span class=\\\"s1\\\">Ou directement sur le site\u00a0<a href=\\\"http:\/\/www.israelmagazine.co.il\/\\\"><span class=\\\"s4\\\">www.israelmagazine.co.il<\/span><\/a><\/span><\/p>\n<p class=\\\"p1\\\"><span class=\\\"s1\\\">D\u00e9couvrez un exemplaire du magazine gratuitement et cliquez sur le rebord droit du mag<\/span><\/p>\n<p><a href=\\\"https:\/\/israelmagazine.co.il\/sabonner-au-magazine\/\\\" target=\\\"_blank\\\" rel=\\\"noopener noreferrer\\\"><img class=\\\"wp-image-53593 aligncenter\\\" src=\\\"https:\/\/israelmagazine.co.il\/wp-content\/uploads\/2020\/03\/camp-ABO1-1200x628-300x157.jpg\\\" alt=\\\"camp-ABO1-1200x628\\\" width=\\\"464\\\" height=\\\"259\\\" \/><\/a><\/p>\n<p class=\\\"p2\\\"><span class=\\\"s5\\\"><a href=\\\"https:\/\/fr.calameo.com\/read\/0010965002cfce9dee566?authid=IRnvqb59CRHm\\\" target=\\\"_blank\\\" rel=\\\"noopener noreferrer\\\">https:\/\/fr.calameo.com\/read\/0010965002cfce9dee566?authid=IRnvqb59CRHm<\/a><\/span><\/p>\n","protected":false},"excerpt":{"rendered":"<p>Le Corona virus finira-t-il acquitter des royalties (et m\u00eame des indemnit\u00e9s) \u00e0 la c\u00e9l\u00e8bre Bi\u00e8re mexicaine du m\u00eame nom pour lui avoir emprunt\u00e9 un nom qui \u00e9tait pourtant synonyme de fraicheur, d\u2019effluves citronn\u00e9s et d\u2019\u00e9t\u00e9. C\u2019est, parmi tant d\u2019autres, une question folle qui a travers\u00e9 ce qui me reste de cerveau apr\u00e8s cette attaque terroriste &hellip;<\/p>\n<p class=\"read-more\"> <a class=\"\" href=\"https:\/\/israelmagazine.net\/?p=53771\"> <span class=\"screen-reader-text\">Edito d\\&rsquo;Andr\u00e9 Darmon : Le Corona et mes Coronaires<\/span> Lire la suite \u00bb<\/a><\/p>\n","protected":false},"author":4,"featured_media":53780,"comment_status":"open","ping_status":"open","sticky":false,"template":"","format":"standard","meta":{"site-sidebar-layout":"default","site-content-layout":"default","ast-global-header-display":"","ast-main-header-display":"","ast-hfb-above-header-display":"","ast-hfb-below-header-display":"","ast-hfb-mobile-header-display":"","site-post-title":"","ast-breadcrumbs-content":"","ast-featured-img":"","footer-sml-layout":"","theme-transparent-header-meta":"","adv-header-id-meta":"","stick-header-meta":"","header-above-stick-meta":"","header-main-stick-meta":"","header-below-stick-meta":""},"categories":[1687,84,1621,1617,1767,1613,1191,1618,1615],"tags":[2119,1964,2408,2409],"sujet":[],"_links":{"self":[{"href":"https:\/\/israelmagazine.net\/index.php?rest_route=\/wp\/v2\/posts\/53771"}],"collection":[{"href":"https:\/\/israelmagazine.net\/index.php?rest_route=\/wp\/v2\/posts"}],"about":[{"href":"https:\/\/israelmagazine.net\/index.php?rest_route=\/wp\/v2\/types\/post"}],"author":[{"embeddable":true,"href":"https:\/\/israelmagazine.net\/index.php?rest_route=\/wp\/v2\/users\/4"}],"replies":[{"embeddable":true,"href":"https:\/\/israelmagazine.net\/index.php?rest_route=%2Fwp%2Fv2%2Fcomments&post=53771"}],"version-history":[{"count":0,"href":"https:\/\/israelmagazine.net\/index.php?rest_route=\/wp\/v2\/posts\/53771\/revisions"}],"wp:featuredmedia":[{"embeddable":true,"href":"https:\/\/israelmagazine.net\/index.php?rest_route=\/"}],"wp:attachment":[{"href":"https:\/\/israelmagazine.net\/index.php?rest_route=%2Fwp%2Fv2%2Fmedia&parent=53771"}],"wp:term":[{"taxonomy":"category","embeddable":true,"href":"https:\/\/israelmagazine.net\/index.php?rest_route=%2Fwp%2Fv2%2Fcategories&post=53771"},{"taxonomy":"post_tag","embeddable":true,"href":"https:\/\/israelmagazine.net\/index.php?rest_route=%2Fwp%2Fv2%2Ftags&post=53771"},{"taxonomy":"sujet","embeddable":true,"href":"https:\/\/israelmagazine.net\/index.php?rest_route=%2Fwp%2Fv2%2Fsujet&post=53771"}],"curies":[{"name":"wp","href":"https:\/\/api.w.org\/{rel}","templated":true}]}}