{"id":53778,"date":"2020-03-25T09:24:33","date_gmt":"2020-03-25T08:24:33","guid":{"rendered":"https:\/\/israelmagazine.net\/?p=53778"},"modified":"2020-03-25T09:24:33","modified_gmt":"2020-03-25T08:24:33","slug":"le-nombre-de-coronavirus-en-israel-passe-a-1-930","status":"publish","type":"post","link":"https:\/\/israelmagazine.net\/?p=53778","title":{"rendered":"Le nombre de coronavirus en Isra\u00ebl passe \u00e0 1 930, selon des responsables de la sant\u00e9"},"content":{"rendered":"<div class=\\\"PostContent\\\">\n<h5 class=\\\"text_editor_paragraph ltr\\\" data-block=\\\"true\\\" data-editor=\\\"bvk8p\\\" data-offset-key=\\\"fmnl2-0-0\\\">Le march\u00e9 du Carmel \u00e0 Tel Aviv ( Photo: Sigal Arbitman )<\/h5>\n<h3 style=\\\"font-weight: 400;\\\"><strong>Le minist\u00e8re de la Sant\u00e9 confirme une augmentation de 274 nouveaux diagnostics depuis le matin avec au moins 34 personnes restant dans un \u00e9tat grave; plus t\u00f4t, Isra\u00ebl a vu ses deuxi\u00e8me et troisi\u00e8me d\u00e9c\u00e8s li\u00e9s au COVID-19 en quelques heures.<\/strong><\/h3>\n<p style=\\\"font-weight: 400;\\\">274 autres personnes ont \u00e9t\u00e9 test\u00e9es positives pour le coronavirus en Isra\u00ebl depuis le matin, ce qui porte le total du pays \u00e0 1 930, ont fait savoir les autorit\u00e9s sanitaires mardi soir.<\/p>\n<p style=\\\"font-weight: 400;\\\">Mardi, deux personnes sont d\u00e9c\u00e9d\u00e9es des complications li\u00e9es au COVID-19, portant \u00e0 trois le nombre de d\u00e9c\u00e8s li\u00e9s au virus par Isra\u00ebl.\u00a0 Sur les derniers chiffres, 34 sont dans un \u00e9tat grave, 45 sont dans un \u00e9tat mod\u00e9r\u00e9 et 1 795 pr\u00e9sentent des sympt\u00f4mes l\u00e9gers. Au moins 53 personnes se sont remises de la maladie, une augmentation significative au cours des derniers jours.<\/p>\n<h3 style=\\\"font-weight: 400;\\\"><strong>Il y a 349 personnes hospitalis\u00e9es, 652 sont trait\u00e9es \u00e0 domicile, 161 sont trait\u00e9es dans un h\u00f4tel sp\u00e9cialement d\u00e9sign\u00e9 et 712 attendent une d\u00e9cision sur la fa\u00e7on dont elles seront trait\u00e9es.<\/strong><\/h3>\n<p style=\\\"font-weight: 400;\\\">Les derni\u00e8res nouvelles donn\u00e9es montrent une augmentation de 488 nouveaux cas de COVID-19 au cours des derni\u00e8res 24 heures. Ce nombre est conforme \u00e0 la pr\u00e9vision des responsables de la sant\u00e9 d\\&rsquo;un bond drastique du nombre de cas \u00e0 mesure que le taux de d\u00e9pistage du virus augmente quotidiennement.\u00a0\u00a0\u05df<\/p>\n<p style=\\\"font-weight: 400;\\\">Plus t\u00f4t, un homme de 87 ans et une femme de 67 ans sont d\u00e9c\u00e9d\u00e9s en quelques heures.<\/p>\n<p style=\\\"font-weight: 400;\\\">La femme a \u00e9t\u00e9 nomm\u00e9e Malka Keva de la ville centrale de Bat Yam. Selon des responsables de la sant\u00e9, elle souffrait d\\&rsquo;un probl\u00e8me de sant\u00e9 sous-jacent.<\/p>\n<p style=\\\"font-weight: 400;\\\">Elle est d\u00e9c\u00e9d\u00e9e \u00e0 l\\&rsquo;h\u00f4pital Wolfson de Holon plus t\u00f4t dans la journ\u00e9e, o\u00f9 elle avait \u00e9t\u00e9 hospitalis\u00e9e dans une unit\u00e9 de soins intensifs au cours des derniers jours.\u00a0 La victime de sexe masculin souffrait \u00e9galement de divers probl\u00e8mes de sant\u00e9 sous-jacents, notamment le diab\u00e8te, la d\u00e9mence et les complications d\\&rsquo;un accident vasculaire c\u00e9r\u00e9bral r\u00e9cent.<\/p>\n<p style=\\\"font-weight: 400;\\\">Il a \u00e9t\u00e9 hospitalis\u00e9 \u00e0 l\\&rsquo;h\u00f4pital Hadassah Ein Kerem de J\u00e9rusalem. L\\&rsquo;homme a contract\u00e9 le virus dans le m\u00eame centre de vie assist\u00e9e \u00e0 J\u00e9rusalem que la premi\u00e8re victime du coronavirus du pays, Arye Evenb, 88 ans, d\u00e9c\u00e9d\u00e9e vendredi dernier.<\/p>\n<\/div>\n<div class=\\\"PostContent\\\">\n<p>Par Andr\u00e9 Darmon<\/p>\n<\/div>\n<p>&nbsp;<\/p>\n<blockquote class=\"wp-embedded-content\" data-secret=\"SGpvEUDIk3\"><p><a href=\"https:\/\/israelmagazine.co.il\/coronavirus-la-chine-et-le-defi-au-judaisme\/\">Coronavirus : la Chine et le d\u00e9fi au Juda\u00efsme<\/a><\/p><\/blockquote>\n<p><iframe class=\"wp-embedded-content\" sandbox=\"allow-scripts\" security=\"restricted\" style=\"position: absolute; clip: rect(1px, 1px, 1px, 1px);\" title=\"\u00ab\u00a0Coronavirus : la Chine et le d\u00e9fi au Juda\u00efsme\u00a0\u00bb &#8212; Israel Magazine\" src=\"https:\/\/israelmagazine.co.il\/coronavirus-la-chine-et-le-defi-au-judaisme\/embed\/#?secret=ikj2yjbrcr#?secret=SGpvEUDIk3\" data-secret=\"SGpvEUDIk3\" width=\"500\" height=\"282\" frameborder=\"0\" marginwidth=\"0\" marginheight=\"0\" scrolling=\"no\"><\/iframe><\/p>\n<h4 class=\\\"p1\\\"><span class=\\\"s1\\\">La suite de l\u2019article se trouve dans le prochain num\u00e9ro d\u2019Isra\u00ebl Magazine<\/span><\/h4>\n<p class=\\\"p1\\\"><span class=\\\"s1\\\">S\u2019abonner au magazine par t\u00e9l\u00e9phone ou par whats app 00972 (0) 54 254 45 20 ou au 0186982727\u00a0\u00a0\u00a0<\/span><\/p>\n<p class=\\\"p2\\\"><span class=\\\"s2\\\">Par email\u00a0\u00a0<a href=\\\"mailto:Andredarmon78@gmail.com\\\"><span class=\\\"s3\\\">Andredarmon78@gmail.com<\/span><\/a><\/span><\/p>\n<p class=\\\"p1\\\"><span class=\\\"s1\\\">Ou directement sur le site\u00a0<a href=\\\"http:\/\/www.israelmagazine.co.il\/\\\"><span class=\\\"s4\\\">www.israelmagazine.co.il<\/span><\/a><\/span><\/p>\n<p class=\\\"p1\\\"><span class=\\\"s1\\\">D\u00e9couvrez un exemplaire du magazine gratuitement et cliquez sur le rebord droit du mag<\/span><\/p>\n<p><a href=\\\"https:\/\/israelmagazine.co.il\/sabonner-au-magazine\/\\\" target=\\\"_blank\\\" rel=\\\"noopener noreferrer\\\"><img class=\\\"wp-image-53593 aligncenter\\\" src=\\\"https:\/\/israelmagazine.co.il\/wp-content\/uploads\/2020\/03\/camp-ABO1-1200x628-300x157.jpg\\\" alt=\\\"camp-ABO1-1200x628\\\" width=\\\"464\\\" height=\\\"259\\\" \/><\/a><\/p>\n<p class=\\\"p2\\\"><span class=\\\"s5\\\"><a href=\\\"https:\/\/fr.calameo.com\/read\/0010965002cfce9dee566?authid=IRnvqb59CRHm\\\" target=\\\"_blank\\\" rel=\\\"noopener noreferrer\\\">https:\/\/fr.calameo.com\/read\/0010965002cfce9dee566?authid=IRnvqb59CRHm<\/a><\/span><\/p>\n","protected":false},"excerpt":{"rendered":"<p>Le march\u00e9 du Carmel \u00e0 Tel Aviv ( Photo: Sigal Arbitman ) Le minist\u00e8re de la Sant\u00e9 confirme une augmentation de 274 nouveaux diagnostics depuis le matin avec au moins 34 personnes restant dans un \u00e9tat grave; plus t\u00f4t, Isra\u00ebl a vu ses deuxi\u00e8me et troisi\u00e8me d\u00e9c\u00e8s li\u00e9s au COVID-19 en quelques heures. 274 autres &hellip;<\/p>\n<p class=\"read-more\"> <a class=\"\" href=\"https:\/\/israelmagazine.net\/?p=53778\"> <span class=\"screen-reader-text\">Le nombre de coronavirus en Isra\u00ebl passe \u00e0 1 930, selon des responsables de la sant\u00e9<\/span> Lire la suite \u00bb<\/a><\/p>\n","protected":false},"author":4,"featured_media":53782,"comment_status":"open","ping_status":"open","sticky":false,"template":"","format":"standard","meta":{"site-sidebar-layout":"default","site-content-layout":"default","ast-global-header-display":"","ast-main-header-display":"","ast-hfb-above-header-display":"","ast-hfb-below-header-display":"","ast-hfb-mobile-header-display":"","site-post-title":"","ast-breadcrumbs-content":"","ast-featured-img":"","footer-sml-layout":"","theme-transparent-header-meta":"","adv-header-id-meta":"","stick-header-meta":"","header-above-stick-meta":"","header-main-stick-meta":"","header-below-stick-meta":""},"categories":[1687,84,1621,1767,1613,1618,1615],"tags":[2410,2411,2119,2412,2403,2413,1964,2414],"sujet":[],"_links":{"self":[{"href":"https:\/\/israelmagazine.net\/index.php?rest_route=\/wp\/v2\/posts\/53778"}],"collection":[{"href":"https:\/\/israelmagazine.net\/index.php?rest_route=\/wp\/v2\/posts"}],"about":[{"href":"https:\/\/israelmagazine.net\/index.php?rest_route=\/wp\/v2\/types\/post"}],"author":[{"embeddable":true,"href":"https:\/\/israelmagazine.net\/index.php?rest_route=\/wp\/v2\/users\/4"}],"replies":[{"embeddable":true,"href":"https:\/\/israelmagazine.net\/index.php?rest_route=%2Fwp%2Fv2%2Fcomments&post=53778"}],"version-history":[{"count":0,"href":"https:\/\/israelmagazine.net\/index.php?rest_route=\/wp\/v2\/posts\/53778\/revisions"}],"wp:featuredmedia":[{"embeddable":true,"href":"https:\/\/israelmagazine.net\/index.php?rest_route=\/"}],"wp:attachment":[{"href":"https:\/\/israelmagazine.net\/index.php?rest_route=%2Fwp%2Fv2%2Fmedia&parent=53778"}],"wp:term":[{"taxonomy":"category","embeddable":true,"href":"https:\/\/israelmagazine.net\/index.php?rest_route=%2Fwp%2Fv2%2Fcategories&post=53778"},{"taxonomy":"post_tag","embeddable":true,"href":"https:\/\/israelmagazine.net\/index.php?rest_route=%2Fwp%2Fv2%2Ftags&post=53778"},{"taxonomy":"sujet","embeddable":true,"href":"https:\/\/israelmagazine.net\/index.php?rest_route=%2Fwp%2Fv2%2Fsujet&post=53778"}],"curies":[{"name":"wp","href":"https:\/\/api.w.org\/{rel}","templated":true}]}}