{"id":53796,"date":"2020-03-26T13:08:55","date_gmt":"2020-03-26T12:08:55","guid":{"rendered":"https:\/\/israelmagazine.net\/?p=53796"},"modified":"2020-03-26T13:08:55","modified_gmt":"2020-03-26T12:08:55","slug":"communique-nouvelles-mesures-concernant-les-israeliens-de-retour-de-letranger","status":"publish","type":"post","link":"https:\/\/israelmagazine.net\/?p=53796","title":{"rendered":"Communiqu\u00e9 : Nouvelles mesures concernant les isra\u00e9liens de retour de l\u2019\u00e9tranger"},"content":{"rendered":"<div class=\\\"PostContent\\\">\n<h3>Selon un communiqu\u00e9 du minist\u00e8re de la d\u00e9fense, d\u00e9s samedi soir, les ressortissants isra\u00e9liens de retour de l\\&rsquo;\u00e9trangers seront imm\u00e9diatement examin\u00e9s lors de leur atterrissage en Isra\u00ebl et transf\u00e9r\u00e9s dans des h\u00f4tels m\u00e9dicalis\u00e9s pour isolement.<\/h3>\n<p>1. Les personnes revenants de tous les pays du monde, \u00e0 l\\&rsquo;exception des USA, de l\\&rsquo;Italie, de la France, de l\u2019Espagne, devront \u00eatre en confinement chez eux durant 14 jours.<\/p>\n<p>2. Les personnes revenants des pays d\u00e9finis \\\u00a0\u00bb\u00e0 haut risque d\\&rsquo;infection du virus corona\\\u00a0\u00bb (les USA, l\\&rsquo;Italie, la France, l\\&rsquo;Espagne), suivront la proc\u00e9dure suivante:<\/p>\n<p>A. Ils passeront un test corona imm\u00e9diatement \u00e0 leur atterrissage \u00e0 l\\&rsquo;a\u00e9roport de Ben Gurion.<\/p>\n<p>B. Ils seront ensuite mis en isolement group\u00e9 de l\\&rsquo;a\u00e9roport vers un h\u00f4tel m\u00e9dicalis\u00e9.<\/p>\n<p>C. R\u00e9sultat n\u00e9gatif &gt; Ils seront lib\u00e9r\u00e9s le plus rapidement possible afin de finir le confinement de 14 jours depuis leur domicile.<\/p>\n<p>D. R\u00e9sultat positif &gt; En collaboration avec le minist\u00e8re de la sant\u00e9, il sera d\u00e9cid\u00e9 de l\\&rsquo;endroit o\u00f9 transf\u00e9rer le patient malade.<\/p>\n<p>E. Les r\u00e9sultat des test seront donn\u00e9s dans les 48h.<\/p>\n<\/div>\n<div class=\\\"PostContent\\\">\n<p>Par Andr\u00e9 Darmon<\/p>\n<\/div>\n<p>&nbsp;<\/p>\n<blockquote class=\"wp-embedded-content\" data-secret=\"HvEEKOZ0c9\"><p><a href=\"https:\/\/israelmagazine.co.il\/coronavirus-la-chine-et-le-defi-au-judaisme\/\">Coronavirus : la Chine et le d\u00e9fi au Juda\u00efsme<\/a><\/p><\/blockquote>\n<p><iframe class=\"wp-embedded-content\" sandbox=\"allow-scripts\" security=\"restricted\" style=\"position: absolute; clip: rect(1px, 1px, 1px, 1px);\" title=\"\u00ab\u00a0Coronavirus : la Chine et le d\u00e9fi au Juda\u00efsme\u00a0\u00bb &#8212; Israel Magazine\" src=\"https:\/\/israelmagazine.co.il\/coronavirus-la-chine-et-le-defi-au-judaisme\/embed\/#?secret=3rL3UAh4BB#?secret=HvEEKOZ0c9\" data-secret=\"HvEEKOZ0c9\" width=\"500\" height=\"282\" frameborder=\"0\" marginwidth=\"0\" marginheight=\"0\" scrolling=\"no\"><\/iframe><\/p>\n<h4 class=\\\"p1\\\"><span class=\\\"s1\\\">La suite de l\u2019article se trouve dans le prochain num\u00e9ro d\u2019Isra\u00ebl Magazine<\/span><\/h4>\n<p class=\\\"p1\\\"><span class=\\\"s1\\\">S\u2019abonner au magazine par t\u00e9l\u00e9phone ou par whats app 00972 (0) 54 254 45 20 ou au 0186982727\u00a0\u00a0\u00a0<\/span><\/p>\n<p class=\\\"p2\\\"><span class=\\\"s2\\\">Par email\u00a0\u00a0<a href=\\\"mailto:Andredarmon78@gmail.com\\\"><span class=\\\"s3\\\">Andredarmon78@gmail.com<\/span><\/a><\/span><\/p>\n<p class=\\\"p1\\\"><span class=\\\"s1\\\">Ou directement sur le site\u00a0<a href=\\\"http:\/\/www.israelmagazine.co.il\/\\\"><span class=\\\"s4\\\">www.israelmagazine.co.il<\/span><\/a><\/span><\/p>\n<p class=\\\"p1\\\"><span class=\\\"s1\\\">D\u00e9couvrez un exemplaire du magazine gratuitement et cliquez sur le rebord droit du mag<\/span><\/p>\n<p><a href=\\\"https:\/\/israelmagazine.co.il\/sabonner-au-magazine\/\\\" target=\\\"_blank\\\" rel=\\\"noopener noreferrer\\\"><img class=\\\"wp-image-53593 aligncenter\\\" src=\\\"https:\/\/israelmagazine.co.il\/wp-content\/uploads\/2020\/03\/camp-ABO1-1200x628-300x157.jpg\\\" alt=\\\"camp-ABO1-1200x628\\\" width=\\\"464\\\" height=\\\"259\\\" \/><\/a><\/p>\n<p class=\\\"p2\\\"><span class=\\\"s5\\\"><a href=\\\"https:\/\/fr.calameo.com\/read\/0010965002cfce9dee566?authid=IRnvqb59CRHm\\\" target=\\\"_blank\\\" rel=\\\"noopener noreferrer\\\">https:\/\/fr.calameo.com\/read\/0010965002cfce9dee566?authid=IRnvqb59CRHm<\/a><\/span><\/p>\n","protected":false},"excerpt":{"rendered":"<p>Selon un communiqu\u00e9 du minist\u00e8re de la d\u00e9fense, d\u00e9s samedi soir, les ressortissants isra\u00e9liens de retour de l\\&rsquo;\u00e9trangers seront imm\u00e9diatement examin\u00e9s lors de leur atterrissage en Isra\u00ebl et transf\u00e9r\u00e9s dans des h\u00f4tels m\u00e9dicalis\u00e9s pour isolement. 1. Les personnes revenants de tous les pays du monde, \u00e0 l\\&rsquo;exception des USA, de l\\&rsquo;Italie, de la France, de &hellip;<\/p>\n<p class=\"read-more\"> <a class=\"\" href=\"https:\/\/israelmagazine.net\/?p=53796\"> <span class=\"screen-reader-text\">Communiqu\u00e9 : Nouvelles mesures concernant les isra\u00e9liens de retour de l\u2019\u00e9tranger<\/span> Lire la suite \u00bb<\/a><\/p>\n","protected":false},"author":4,"featured_media":53797,"comment_status":"open","ping_status":"open","sticky":false,"template":"","format":"standard","meta":{"site-sidebar-layout":"default","site-content-layout":"default","ast-global-header-display":"","ast-main-header-display":"","ast-hfb-above-header-display":"","ast-hfb-below-header-display":"","ast-hfb-mobile-header-display":"","site-post-title":"","ast-breadcrumbs-content":"","ast-featured-img":"","footer-sml-layout":"","theme-transparent-header-meta":"","adv-header-id-meta":"","stick-header-meta":"","header-above-stick-meta":"","header-main-stick-meta":"","header-below-stick-meta":""},"categories":[1687,84,1621,1767,1613,1642,1673,1674,1618],"tags":[2423,2424,2425,2422,2119,289,2426,2122,2427],"sujet":[],"_links":{"self":[{"href":"https:\/\/israelmagazine.net\/index.php?rest_route=\/wp\/v2\/posts\/53796"}],"collection":[{"href":"https:\/\/israelmagazine.net\/index.php?rest_route=\/wp\/v2\/posts"}],"about":[{"href":"https:\/\/israelmagazine.net\/index.php?rest_route=\/wp\/v2\/types\/post"}],"author":[{"embeddable":true,"href":"https:\/\/israelmagazine.net\/index.php?rest_route=\/wp\/v2\/users\/4"}],"replies":[{"embeddable":true,"href":"https:\/\/israelmagazine.net\/index.php?rest_route=%2Fwp%2Fv2%2Fcomments&post=53796"}],"version-history":[{"count":0,"href":"https:\/\/israelmagazine.net\/index.php?rest_route=\/wp\/v2\/posts\/53796\/revisions"}],"wp:featuredmedia":[{"embeddable":true,"href":"https:\/\/israelmagazine.net\/index.php?rest_route=\/"}],"wp:attachment":[{"href":"https:\/\/israelmagazine.net\/index.php?rest_route=%2Fwp%2Fv2%2Fmedia&parent=53796"}],"wp:term":[{"taxonomy":"category","embeddable":true,"href":"https:\/\/israelmagazine.net\/index.php?rest_route=%2Fwp%2Fv2%2Fcategories&post=53796"},{"taxonomy":"post_tag","embeddable":true,"href":"https:\/\/israelmagazine.net\/index.php?rest_route=%2Fwp%2Fv2%2Ftags&post=53796"},{"taxonomy":"sujet","embeddable":true,"href":"https:\/\/israelmagazine.net\/index.php?rest_route=%2Fwp%2Fv2%2Fsujet&post=53796"}],"curies":[{"name":"wp","href":"https:\/\/api.w.org\/{rel}","templated":true}]}}