{"id":53828,"date":"2020-04-02T13:03:27","date_gmt":"2020-04-02T11:03:27","guid":{"rendered":"https:\/\/israelmagazine.net\/?p=53828"},"modified":"2020-04-02T13:03:27","modified_gmt":"2020-04-02T11:03:27","slug":"le-port-de-tel-aviv","status":"publish","type":"post","link":"https:\/\/israelmagazine.net\/?p=53828","title":{"rendered":"Le Port de TEL-AVIV"},"content":{"rendered":"<div class=\\\"PostContent\\\">\n<h2 style=\\\"font-weight: 400;\\\"><strong>LE PREMIER PORT JUIF<\/strong><\/h2>\n<h3 style=\\\"font-weight: 400;\\\"><strong>Construit au lendemain des r\u00e9voltes arabes de 1936 pour permettre aux Juifs un acc\u00e8s au commerce maritime, la construction du Port de Tel-Aviv est d\u2019abord l\u2019histoire d\u2019un enjeu strat\u00e9gique, devenu au fil des ann\u00e9es la vitrine d\u2019une Tel-Aviv qui se veut \u00eatre \u00e0 la pointe de toutes les tendances. R\u00e9cit.<\/strong><\/h3>\n<\/div>\n<p>Palestine, 1936. Le Yishouv \u2013 foyer juif \u2013 s\u2019\u00e9l\u00e8ve \u00e0 370 000 personnes. Depuis le d\u00e9but des ann\u00e9es 30, des milliers de juifs d\u2019Europe ont \u00e9migr\u00e9 en Palestine doublant la population juive locale. Cette 5e Alyah est tr\u00e8s mal per\u00e7ue par les Arabes. Les relations entre les deux communaut\u00e9s se d\u00e9t\u00e9riorent de fa\u00e7on significative et le 15 Avril 1936, les r\u00e9voltes arabes \u00e9clatent.<\/p>\n<h3>N\u00e9cessit\u00e9 vitale<\/h3>\n<p>Les Arabes ferment l\u2019acc\u00e8s du Port de Jaffa aux Juifs. Ces derniers n\u2019ont plus d\u2019acc\u00e8s au littoral ni au commerce maritime. Le Port d\u2019Ashdod n\u2019existe pas et celui de Haifa est tr\u00e8s difficile d\u2019acc\u00e8s pour les localit\u00e9s du centre du pays. Toute l\u2019activit\u00e9 commerciale du Yishouv transite par le Port de Jaffa. Il faut trouver une solution. Vite, tr\u00e8s vite. Dans ce contexte, la construction d\u2019un nouveau port, sous contr\u00f4le exclusivement juif, devient une n\u00e9cessit\u00e9 vitale. Ben Gourion conscient de l\u2019urgence, d\u00e9clare le 13 octobre 1936 : \u00ab Sans une infrastructure portuaire ind\u00e9pendante, il n\u2019y a pas d\u2019existence \u00e9conomique possible pour le Yishouv de Palestine, ni aucune garantie s\u00e9curitaire concernant l\u2019immigration juive \u00e0 venir. Comme nous ne renoncerons pas \u00e0 notre terre patrie, comme nous ne renoncerons pas \u00e0 l\u2019immigration juive, comme nous ne renoncerons pas \u00e0 la langue h\u00e9bra\u00efque, nous ne renoncerons pas \u00e0 la mer des Juifs ni \u00e0 la construction d\u2019un port sous souverainet\u00e9 juive. Aucune difficult\u00e9 technique, aucune difficult\u00e9 \u00e9conomique, aucun \u00e9chec politique ne nous fera renoncer \u00e0 ce projet : l\u2019acc\u00e8s \u00e0 la mer \u00bb. Les Britanniques sont r\u00e9ticents. Ils autorisent d\u2019abord la construction d\u2019un quai provisoire. Mais face \u00e0 la pression du Yishouv, ils comprennent assez rapidement qu\u2019ils n\u2019ont pas d\\&rsquo;autre choix que d\\&rsquo;autoriser la construction d\u2019une v\u00e9ritable structure portuaire. Ils refusent toutefois de participer aux frais et imposent cette politique \u00e0 la municipalit\u00e9 de Tel Aviv. La communaut\u00e9 juive doit tout financer elle-m\u00eame. Le port, construit \u00e0 l\\&rsquo;estuaire de la rivi\u00e8re Yarkon, s\u2019\u00e9tend sur 60 hectares. Le co\u00fbt est immense. Mais le Yishouv s\u2019organise et les travaux sont lanc\u00e9s.<\/p>\n<p>Par Laure L\u00e9vy<\/p>\n<div class=\\\"PostContent\\\">\n<p>&nbsp;<\/p>\n<\/div>\n<blockquote class=\"wp-embedded-content\" data-secret=\"k5S2blMzsy\"><p><a href=\"https:\/\/israelmagazine.co.il\/coronavirus-la-chine-et-le-defi-au-judaisme\/\">Coronavirus : la Chine et le d\u00e9fi au Juda\u00efsme<\/a><\/p><\/blockquote>\n<p><iframe class=\"wp-embedded-content\" sandbox=\"allow-scripts\" security=\"restricted\" style=\"position: absolute; clip: rect(1px, 1px, 1px, 1px);\" title=\"\u00ab\u00a0Coronavirus : la Chine et le d\u00e9fi au Juda\u00efsme\u00a0\u00bb &#8212; Israel Magazine\" src=\"https:\/\/israelmagazine.co.il\/coronavirus-la-chine-et-le-defi-au-judaisme\/embed\/#?secret=35jnFVN42l#?secret=k5S2blMzsy\" data-secret=\"k5S2blMzsy\" width=\"500\" height=\"282\" frameborder=\"0\" marginwidth=\"0\" marginheight=\"0\" scrolling=\"no\"><\/iframe><\/p>\n<h4 class=\\\"p1\\\"><span class=\\\"s1\\\">La suite de l\u2019article se trouve dans le prochain num\u00e9ro d\u2019Isra\u00ebl Magazine<\/span><\/h4>\n<p class=\\\"p1\\\"><span class=\\\"s1\\\">S\u2019abonner au magazine par t\u00e9l\u00e9phone ou par whats app 00972 (0) 54 254 45 20 ou au 0186982727\u00a0\u00a0\u00a0<\/span><\/p>\n<p class=\\\"p2\\\"><span class=\\\"s2\\\">Par email\u00a0\u00a0<a href=\\\"mailto:Andredarmon78@gmail.com\\\"><span class=\\\"s3\\\">Andredarmon78@gmail.com<\/span><\/a><\/span><\/p>\n<p class=\\\"p1\\\"><span class=\\\"s1\\\">Ou directement sur le site\u00a0<a href=\\\"http:\/\/www.israelmagazine.co.il\/\\\"><span class=\\\"s4\\\">www.israelmagazine.co.il<\/span><\/a><\/span><\/p>\n<p class=\\\"p1\\\"><span class=\\\"s1\\\">D\u00e9couvrez un exemplaire du magazine gratuitement et cliquez sur le rebord droit du mag<\/span><\/p>\n<p><a href=\\\"https:\/\/israelmagazine.co.il\/sabonner-au-magazine\/\\\" target=\\\"_blank\\\" rel=\\\"noopener noreferrer\\\"><img class=\\\"wp-image-53593 aligncenter\\\" src=\\\"https:\/\/israelmagazine.co.il\/wp-content\/uploads\/2020\/03\/camp-ABO1-1200x628-300x157.jpg\\\" alt=\\\"camp-ABO1-1200x628\\\" width=\\\"464\\\" height=\\\"259\\\" \/><\/a><\/p>\n<p class=\\\"p2\\\"><span class=\\\"s5\\\"><a href=\\\"https:\/\/fr.calameo.com\/read\/0010965002cfce9dee566?authid=IRnvqb59CRHm\\\" target=\\\"_blank\\\" rel=\\\"noopener noreferrer\\\">https:\/\/fr.calameo.com\/read\/0010965002cfce9dee566?authid=IRnvqb59CRHm<\/a><\/span><\/p>\n","protected":false},"excerpt":{"rendered":"<p>LE PREMIER PORT JUIF Construit au lendemain des r\u00e9voltes arabes de 1936 pour permettre aux Juifs un acc\u00e8s au commerce maritime, la construction du Port de Tel-Aviv est d\u2019abord l\u2019histoire d\u2019un enjeu strat\u00e9gique, devenu au fil des ann\u00e9es la vitrine d\u2019une Tel-Aviv qui se veut \u00eatre \u00e0 la pointe de toutes les tendances. R\u00e9cit. Palestine, &hellip;<\/p>\n<p class=\"read-more\"> <a class=\"\" href=\"https:\/\/israelmagazine.net\/?p=53828\"> <span class=\"screen-reader-text\">Le Port de TEL-AVIV<\/span> Lire la suite \u00bb<\/a><\/p>\n","protected":false},"author":4,"featured_media":53829,"comment_status":"open","ping_status":"open","sticky":false,"template":"","format":"standard","meta":{"site-sidebar-layout":"default","site-content-layout":"default","ast-global-header-display":"","ast-main-header-display":"","ast-hfb-above-header-display":"","ast-hfb-below-header-display":"","ast-hfb-mobile-header-display":"","site-post-title":"","ast-breadcrumbs-content":"","ast-featured-img":"","footer-sml-layout":"","theme-transparent-header-meta":"","adv-header-id-meta":"","stick-header-meta":"","header-above-stick-meta":"","header-main-stick-meta":"","header-below-stick-meta":""},"categories":[1687,84,1621,814,1617,1767,1613,1642,1674,1623],"tags":[2443,2444,1780,2445,2446,2447,2448],"sujet":[],"_links":{"self":[{"href":"https:\/\/israelmagazine.net\/index.php?rest_route=\/wp\/v2\/posts\/53828"}],"collection":[{"href":"https:\/\/israelmagazine.net\/index.php?rest_route=\/wp\/v2\/posts"}],"about":[{"href":"https:\/\/israelmagazine.net\/index.php?rest_route=\/wp\/v2\/types\/post"}],"author":[{"embeddable":true,"href":"https:\/\/israelmagazine.net\/index.php?rest_route=\/wp\/v2\/users\/4"}],"replies":[{"embeddable":true,"href":"https:\/\/israelmagazine.net\/index.php?rest_route=%2Fwp%2Fv2%2Fcomments&post=53828"}],"version-history":[{"count":0,"href":"https:\/\/israelmagazine.net\/index.php?rest_route=\/wp\/v2\/posts\/53828\/revisions"}],"wp:featuredmedia":[{"embeddable":true,"href":"https:\/\/israelmagazine.net\/index.php?rest_route=\/"}],"wp:attachment":[{"href":"https:\/\/israelmagazine.net\/index.php?rest_route=%2Fwp%2Fv2%2Fmedia&parent=53828"}],"wp:term":[{"taxonomy":"category","embeddable":true,"href":"https:\/\/israelmagazine.net\/index.php?rest_route=%2Fwp%2Fv2%2Fcategories&post=53828"},{"taxonomy":"post_tag","embeddable":true,"href":"https:\/\/israelmagazine.net\/index.php?rest_route=%2Fwp%2Fv2%2Ftags&post=53828"},{"taxonomy":"sujet","embeddable":true,"href":"https:\/\/israelmagazine.net\/index.php?rest_route=%2Fwp%2Fv2%2Fsujet&post=53828"}],"curies":[{"name":"wp","href":"https:\/\/api.w.org\/{rel}","templated":true}]}}