{"id":53831,"date":"2020-04-02T13:11:47","date_gmt":"2020-04-02T11:11:47","guid":{"rendered":"https:\/\/israelmagazine.net\/?p=53831"},"modified":"2020-04-02T13:11:47","modified_gmt":"2020-04-02T11:11:47","slug":"le-centenaire-de-la-bataille-de-tel-hai","status":"publish","type":"post","link":"https:\/\/israelmagazine.net\/?p=53831","title":{"rendered":"Le Centenaire de la Bataille de Tel Ha\u00cf"},"content":{"rendered":"<div class=\\\"PostContent\\\">\n<h3 style=\\\"font-weight: 400;\\\"><strong>Il y a 100 ans, le sanglant affrontement de Tel Ha\u00ef entre Juifs et arabes est devenu l\u2019arch\u00e9type de l\\&rsquo;effort sioniste pour contr\u00f4ler la terre sur laquelle les pionniers se sont install\u00e9s. Cet anniversaire est l\u2019occasion de revenir sur un \u00e9v\u00e9nement historique fondateur et de comprendre sa port\u00e9e symbolique.<\/strong><\/h3>\n<\/div>\n<p>Dans le nord d\\&rsquo;Isra\u00ebl, la localit\u00e9 agricole juive de Tel Ha\u00ef est fond\u00e9e entre 1905 et 1907. Jusqu\u2019\u00e0 la Premi\u00e8re Guerre mondiale, le yeshouv est habit\u00e9 par intermittence. Apr\u00e8s la guerre, un groupe de pionniers s\\&rsquo;y installe et change son nom de Telha en Tel Ha\u00ef (\u00ab colline de la vie \u00bb en h\u00e9breu). L\u2019implantation devient d\u00e9finitive en tant qu\\&rsquo;avant-poste frontalier en 1918, apr\u00e8s la d\u00e9faite de l\\&rsquo;Empire ottoman. La r\u00e9gion fait ensuite l\\&rsquo;objet d\\&rsquo;ajustements frontaliers temporaires entre les Britanniques et les Fran\u00e7ais. En 1919, les Britanniques abandonnent la partie nord de la Haute Galil\u00e9e \u00e0 la juridiction fran\u00e7aise qui gagne son contr\u00f4le. Elle est peupl\u00e9e de plusieurs tribus arabes b\u00e9douines semi-nomades et de quatre minuscules colonies juives : Metoula, Kfar Giladi, Tel Ha\u00ef et Hamra. Mais la contr\u00e9e reste en proie \u00e0 des troubles religieux et politiques g\u00e9n\u00e9ralis\u00e9s.<\/p>\n<h3><strong>Une bataille l\u00e9gendaire<\/strong><\/h3>\n<p>Au d\u00e9but des ann\u00e9es 1920, la guerre franco-syrienne s\u2019y d\u00e9clare entre les nationalistes arabes et la France. Des gangs de paysans frontaliers s\u00e9vissent dans la zone d\u00e9finie entre la Palestine mandataire, le Liban et la Syrie. Ainsi les villages juifs de Haute Galil\u00e9e se voient r\u00e9guli\u00e8rement pill\u00e9s par les b\u00e9douins pro-syriens sous pr\u00e9texte de rechercher des espions et des militaires fran\u00e7ais. Finalement en 1926, l\u2019ancienne colonie juive du nord est int\u00e9gr\u00e9e au kibboutz Kfar Giladi. \u00c0 la fin de 1919, la tension dans la zone augmente, les Arabes attaquant les patrouilles fran\u00e7aises en prenant le contr\u00f4le effectif de la r\u00e9gion. La situation des colonies juives isol\u00e9es de la pointe nord de la Galil\u00e9e semble tr\u00e8s mauvaise. Une discussion acharn\u00e9e se d\u00e9veloppe au sein de la communaut\u00e9 du yeshouv concernant leur avenir.<\/p>\n<p>&nbsp;<\/p>\n<img class=\\\"size-medium wp-image-53832\\\" src=\\\"https:\/\/israelmagazine.co.il\/wp-content\/uploads\/2020\/04\/Joseph_Trumpeldor-206x300.jpg\\\" alt=\\\"Joseph Trumpeldor\\\" width=\\\"206\\\" height=\\\"300\\\" \/>\n<p>&nbsp;<\/p>\n<p>Certains d\u00e9clarent qu\u2019elles doivent \u00eatre abandonn\u00e9es car le prix de leur d\u00e9fense s\\&rsquo;av\u00e8re trop \u00e9lev\u00e9. Mais d\\&rsquo;autres pensent que les colonies du nord doivent \u00eatre d\u00e9fendues quel qu\\&rsquo;en soit le co\u00fbt. Ils con\u00e7oivent que l\\&rsquo;abandon d\u2019implantations menac\u00e9es telles que Tel Ha\u00ef et Kfar Giladi indiquerait un signe de faiblesse, un manque de d\u00e9termination \u00e0 les pr\u00e9server et constituerait une invitation ouverte aux ennemies \u00e0 attaquer n\\&rsquo;importe o\u00f9 sur le territoire. Toute l\\&rsquo;entreprise sioniste pourrait alors \u00eatre en danger. Les colons des avant-postes du nord se montrent d\u00e9termin\u00e9s \u00e0 ne pas l\u00e2cher. Le faire leur parait une trahison. Mais en inspectant les forces arabes de la r\u00e9gion et en les comparant \u00e0 leurs propres maigres effectifs, ils h\u00e9sitent. Il ne reste que 20 d\u00e9fenseurs \u00e0 Tel Ha\u00ef et environ le m\u00eame nombre \u00e0 Kfar Giladi ; en face, les adversaires arabes ont d\u00e9j\u00e0 mis en fuite les troupes fran\u00e7aises avec tous leurs canons<\/p>\n<p>Par No\u00e9mie Grynberg<\/p>\n<div class=\\\"PostContent\\\">\n<p>&nbsp;<\/p>\n<\/div>\n<blockquote class=\"wp-embedded-content\" data-secret=\"pJWOvZ4a08\"><p><a href=\"https:\/\/israelmagazine.co.il\/coronavirus-la-chine-et-le-defi-au-judaisme\/\">Coronavirus : la Chine et le d\u00e9fi au Juda\u00efsme<\/a><\/p><\/blockquote>\n<p><iframe class=\"wp-embedded-content\" sandbox=\"allow-scripts\" security=\"restricted\" style=\"position: absolute; clip: rect(1px, 1px, 1px, 1px);\" title=\"\u00ab\u00a0Coronavirus : la Chine et le d\u00e9fi au Juda\u00efsme\u00a0\u00bb &#8212; Israel Magazine\" src=\"https:\/\/israelmagazine.co.il\/coronavirus-la-chine-et-le-defi-au-judaisme\/embed\/#?secret=a7vN4nn4jo#?secret=pJWOvZ4a08\" data-secret=\"pJWOvZ4a08\" width=\"500\" height=\"282\" frameborder=\"0\" marginwidth=\"0\" marginheight=\"0\" scrolling=\"no\"><\/iframe><\/p>\n<h4 class=\\\"p1\\\"><span class=\\\"s1\\\">La suite de l\u2019article se trouve dans le prochain num\u00e9ro d\u2019Isra\u00ebl Magazine<\/span><\/h4>\n<p class=\\\"p1\\\"><span class=\\\"s1\\\">S\u2019abonner au magazine par t\u00e9l\u00e9phone ou par whats app 00972 (0) 54 254 45 20 ou au 0186982727\u00a0\u00a0\u00a0<\/span><\/p>\n<p class=\\\"p2\\\"><span class=\\\"s2\\\">Par email\u00a0\u00a0<a href=\\\"mailto:Andredarmon78@gmail.com\\\"><span class=\\\"s3\\\">Andredarmon78@gmail.com<\/span><\/a><\/span><\/p>\n<p class=\\\"p1\\\"><span class=\\\"s1\\\">Ou directement sur le site\u00a0<a href=\\\"http:\/\/www.israelmagazine.co.il\/\\\"><span class=\\\"s4\\\">www.israelmagazine.co.il<\/span><\/a><\/span><\/p>\n<p class=\\\"p1\\\"><span class=\\\"s1\\\">D\u00e9couvrez un exemplaire du magazine gratuitement et cliquez sur le rebord droit du mag<\/span><\/p>\n<p><a href=\\\"https:\/\/israelmagazine.co.il\/sabonner-au-magazine\/\\\" target=\\\"_blank\\\" rel=\\\"noopener noreferrer\\\"><img class=\\\"wp-image-53593 aligncenter\\\" src=\\\"https:\/\/israelmagazine.co.il\/wp-content\/uploads\/2020\/03\/camp-ABO1-1200x628-300x157.jpg\\\" alt=\\\"camp-ABO1-1200x628\\\" width=\\\"464\\\" height=\\\"259\\\" \/><\/a><\/p>\n<p class=\\\"p2\\\"><span class=\\\"s5\\\"><a href=\\\"https:\/\/fr.calameo.com\/read\/0010965002cfce9dee566?authid=IRnvqb59CRHm\\\" target=\\\"_blank\\\" rel=\\\"noopener noreferrer\\\">https:\/\/fr.calameo.com\/read\/0010965002cfce9dee566?authid=IRnvqb59CRHm<\/a><\/span><\/p>\n","protected":false},"excerpt":{"rendered":"<p>Il y a 100 ans, le sanglant affrontement de Tel Ha\u00ef entre Juifs et arabes est devenu l\u2019arch\u00e9type de l\\&rsquo;effort sioniste pour contr\u00f4ler la terre sur laquelle les pionniers se sont install\u00e9s. Cet anniversaire est l\u2019occasion de revenir sur un \u00e9v\u00e9nement historique fondateur et de comprendre sa port\u00e9e symbolique. Dans le nord d\\&rsquo;Isra\u00ebl, la localit\u00e9 &hellip;<\/p>\n<p class=\"read-more\"> <a class=\"\" href=\"https:\/\/israelmagazine.net\/?p=53831\"> <span class=\"screen-reader-text\">Le Centenaire de la Bataille de Tel Ha\u00cf<\/span> Lire la suite \u00bb<\/a><\/p>\n","protected":false},"author":4,"featured_media":53833,"comment_status":"open","ping_status":"open","sticky":false,"template":"","format":"standard","meta":{"site-sidebar-layout":"default","site-content-layout":"default","ast-global-header-display":"","ast-main-header-display":"","ast-hfb-above-header-display":"","ast-hfb-below-header-display":"","ast-hfb-mobile-header-display":"","site-post-title":"","ast-breadcrumbs-content":"","ast-featured-img":"","footer-sml-layout":"","theme-transparent-header-meta":"","adv-header-id-meta":"","stick-header-meta":"","header-above-stick-meta":"","header-main-stick-meta":"","header-below-stick-meta":""},"categories":[1687,84,1621,814,1617,1767,1613,1642,1614,1674,1623],"tags":[],"sujet":[],"_links":{"self":[{"href":"https:\/\/israelmagazine.net\/index.php?rest_route=\/wp\/v2\/posts\/53831"}],"collection":[{"href":"https:\/\/israelmagazine.net\/index.php?rest_route=\/wp\/v2\/posts"}],"about":[{"href":"https:\/\/israelmagazine.net\/index.php?rest_route=\/wp\/v2\/types\/post"}],"author":[{"embeddable":true,"href":"https:\/\/israelmagazine.net\/index.php?rest_route=\/wp\/v2\/users\/4"}],"replies":[{"embeddable":true,"href":"https:\/\/israelmagazine.net\/index.php?rest_route=%2Fwp%2Fv2%2Fcomments&post=53831"}],"version-history":[{"count":0,"href":"https:\/\/israelmagazine.net\/index.php?rest_route=\/wp\/v2\/posts\/53831\/revisions"}],"wp:featuredmedia":[{"embeddable":true,"href":"https:\/\/israelmagazine.net\/index.php?rest_route=\/"}],"wp:attachment":[{"href":"https:\/\/israelmagazine.net\/index.php?rest_route=%2Fwp%2Fv2%2Fmedia&parent=53831"}],"wp:term":[{"taxonomy":"category","embeddable":true,"href":"https:\/\/israelmagazine.net\/index.php?rest_route=%2Fwp%2Fv2%2Fcategories&post=53831"},{"taxonomy":"post_tag","embeddable":true,"href":"https:\/\/israelmagazine.net\/index.php?rest_route=%2Fwp%2Fv2%2Ftags&post=53831"},{"taxonomy":"sujet","embeddable":true,"href":"https:\/\/israelmagazine.net\/index.php?rest_route=%2Fwp%2Fv2%2Fsujet&post=53831"}],"curies":[{"name":"wp","href":"https:\/\/api.w.org\/{rel}","templated":true}]}}