{"id":53851,"date":"2020-04-05T15:21:48","date_gmt":"2020-04-05T13:21:48","guid":{"rendered":"https:\/\/israelmagazine.net\/?p=53851"},"modified":"2020-04-05T15:21:48","modified_gmt":"2020-04-05T13:21:48","slug":"le-gouvernement-evacue-4-500-personnes-agees-de-bnei-brak","status":"publish","type":"post","link":"https:\/\/israelmagazine.net\/?p=53851","title":{"rendered":"Le gouvernement \u00e9vacue 4 500 personnes \u00e2g\u00e9es de Bnei Brak"},"content":{"rendered":"<div class=\\\"PostContent\\\">\n<h3 style=\\\"font-weight: 400;\\\"><strong>Les personnes \u00e2g\u00e9es de 80 ans et plus doivent \u00eatre emmen\u00e9es dans un h\u00f4tel d\u00e9sign\u00e9 \u00e0 l\\&rsquo;ext\u00e9rieur de la ville \u00e0 pr\u00e9dominance ultra-orthodoxe ; Tsahal annonce le d\u00e9ploiement de soldats pour distribuer de la nourriture et des m\u00e9dicaments pendant le verrouillage.<\/strong><\/h3>\n<p>&nbsp;<\/p>\n<blockquote>\n<h3 style=\\\"font-weight: 400;\\\"><strong>Le ministre de l\\&rsquo;Int\u00e9rieur Arye Dery et le ministre de la D\u00e9fense Naftali Bennett ont ordonn\u00e9 jeudi d\\&rsquo;\u00e9vacuer quelque 4 500 personnes \u00e2g\u00e9es de 80 ans et plus de Bnei Brak vers un h\u00f4tel en dehors de la ville afin de les prot\u00e9ger de la propagation rapide du coronavirus dans la ville.<\/strong><\/h3>\n<p>&nbsp;<\/p><\/blockquote>\n<p style=\\\"font-weight: 400;\\\">Les personnes \u00e2g\u00e9es seront transf\u00e9r\u00e9es dans un h\u00f4tel d\u00e9sign\u00e9 g\u00e9r\u00e9 par le Home Front Command de Tsahal. Le reste de la population \u00e2g\u00e9e de la ville, \u00e2g\u00e9e de 60 \u00e0 80 ans, restera en stricte mise en quarantaine \u00e0 domicile. Le nombre de patients atteints de coronavirus dans la ville \u00e0 pr\u00e9dominance ultra-orthodoxe depasse les 1000 avec au moins 900 diagnostics confirm\u00e9s jusqu\\&rsquo;\u00e0 pr\u00e9sent, alors que les villes ultra-orthodoxes continuent d\\&rsquo;enregistrer les augmentations les plus marqu\u00e9es dans les nouveaux cas de COVID-19, ont annonc\u00e9 jeudi des responsables de la sant\u00e9.<\/p>\n<p style=\\\"font-weight: 400;\\\">Jeudi \u00e9galement, Tsahal a annonc\u00e9 qu\\&rsquo;elle se pr\u00e9parait \u00e0 d\u00e9ployer la 98e Division \u00e0 Bnei Brak pour aider les r\u00e9sidents pendant le verrouillage de la zone. L\\&rsquo;arm\u00e9e a d\u00e9clar\u00e9 que les troupes n\\&rsquo;appliqueront pas les restrictions, mais serviront plut\u00f4t sous le commandement du Front int\u00e9rieur pour distribuer de la nourriture, des m\u00e9dicaments et d\\&rsquo;autres services aux r\u00e9sidents de la banlieue de Tel Aviv. DEs centaines de soldats suivent actuellement une formation pour la mission.<\/p>\n<p style=\\\"font-weight: 400;\\\">Au total, l\\&rsquo;arm\u00e9e compte 12000 soldats qui aident \u00e0 lutter contre les coronavirus &#8211; r\u00e9pondant aux questions des civils sur les lignes d\\&rsquo;assistance t\u00e9l\u00e9phonique, distribuant de la nourriture et des m\u00e9dicaments aux personnes \u00e2g\u00e9es et handicap\u00e9es, conduisant des m\u00e9decins pour effectuer des tests et exploitant des installations de quarantaine \u00e0 travers le pays.<\/p>\n<h2 class=\\\"p1\\\"><span style=\\\"font-size: 16px;\\\">Par Andr\u00e9 Darmon<\/span><\/h2>\n<\/div>\n<div class=\\\"PostContent\\\">\n<p>&nbsp;<\/p>\n<\/div>\n<blockquote class=\"wp-embedded-content\" data-secret=\"QLGxqo435K\"><p><a href=\"https:\/\/israelmagazine.co.il\/coronavirus-la-chine-et-le-defi-au-judaisme\/\">Coronavirus : la Chine et le d\u00e9fi au Juda\u00efsme<\/a><\/p><\/blockquote>\n<p><iframe class=\"wp-embedded-content\" sandbox=\"allow-scripts\" security=\"restricted\" style=\"position: absolute; clip: rect(1px, 1px, 1px, 1px);\" title=\"\u00ab\u00a0Coronavirus : la Chine et le d\u00e9fi au Juda\u00efsme\u00a0\u00bb &#8212; Israel Magazine\" src=\"https:\/\/israelmagazine.co.il\/coronavirus-la-chine-et-le-defi-au-judaisme\/embed\/#?secret=2hjkcsbSEl#?secret=QLGxqo435K\" data-secret=\"QLGxqo435K\" width=\"500\" height=\"282\" frameborder=\"0\" marginwidth=\"0\" marginheight=\"0\" scrolling=\"no\"><\/iframe><\/p>\n<h4 class=\\\"p1\\\"><span class=\\\"s1\\\">La suite de l\u2019article se trouve dans le prochain num\u00e9ro d\u2019Isra\u00ebl Magazine<\/span><\/h4>\n<p class=\\\"p1\\\"><span class=\\\"s1\\\">S\u2019abonner au magazine par t\u00e9l\u00e9phone ou par whats app 00972 (0) 54 254 45 20 ou au 0186982727\u00a0\u00a0\u00a0<\/span><\/p>\n<p class=\\\"p2\\\"><span class=\\\"s2\\\">Par email\u00a0\u00a0<a href=\\\"mailto:Andredarmon78@gmail.com\\\"><span class=\\\"s3\\\">Andredarmon78@gmail.com<\/span><\/a><\/span><\/p>\n<p class=\\\"p1\\\"><span class=\\\"s1\\\">Ou directement sur le site\u00a0<a href=\\\"http:\/\/www.israelmagazine.co.il\/\\\"><span class=\\\"s4\\\">www.israelmagazine.co.il<\/span><\/a><\/span><\/p>\n<p class=\\\"p1\\\"><span class=\\\"s1\\\">D\u00e9couvrez un exemplaire du magazine gratuitement et cliquez sur le rebord droit du mag<\/span><\/p>\n<p><a href=\\\"https:\/\/israelmagazine.co.il\/sabonner-au-magazine\/\\\" target=\\\"_blank\\\" rel=\\\"noopener noreferrer\\\"><img class=\\\"wp-image-53593 aligncenter\\\" src=\\\"https:\/\/israelmagazine.co.il\/wp-content\/uploads\/2020\/03\/camp-ABO1-1200x628-300x157.jpg\\\" alt=\\\"camp-ABO1-1200x628\\\" width=\\\"464\\\" height=\\\"259\\\" \/><\/a><\/p>\n<p class=\\\"p2\\\"><span class=\\\"s5\\\"><a href=\\\"https:\/\/fr.calameo.com\/read\/0010965002cfce9dee566?authid=IRnvqb59CRHm\\\" target=\\\"_blank\\\" rel=\\\"noopener noreferrer\\\">https:\/\/fr.calameo.com\/read\/0010965002cfce9dee566?authid=IRnvqb59CRHm<\/a><\/span><\/p>\n","protected":false},"excerpt":{"rendered":"<p>Les personnes \u00e2g\u00e9es de 80 ans et plus doivent \u00eatre emmen\u00e9es dans un h\u00f4tel d\u00e9sign\u00e9 \u00e0 l\\&rsquo;ext\u00e9rieur de la ville \u00e0 pr\u00e9dominance ultra-orthodoxe ; Tsahal annonce le d\u00e9ploiement de soldats pour distribuer de la nourriture et des m\u00e9dicaments pendant le verrouillage. &nbsp; Le ministre de l\\&rsquo;Int\u00e9rieur Arye Dery et le ministre de la D\u00e9fense Naftali &hellip;<\/p>\n<p class=\"read-more\"> <a class=\"\" href=\"https:\/\/israelmagazine.net\/?p=53851\"> <span class=\"screen-reader-text\">Le gouvernement \u00e9vacue 4 500 personnes \u00e2g\u00e9es de Bnei Brak<\/span> Lire la suite \u00bb<\/a><\/p>\n","protected":false},"author":4,"featured_media":53848,"comment_status":"open","ping_status":"open","sticky":false,"template":"","format":"standard","meta":{"site-sidebar-layout":"default","site-content-layout":"default","ast-global-header-display":"","ast-main-header-display":"","ast-hfb-above-header-display":"","ast-hfb-below-header-display":"","ast-hfb-mobile-header-display":"","site-post-title":"","ast-breadcrumbs-content":"","ast-featured-img":"","footer-sml-layout":"","theme-transparent-header-meta":"","adv-header-id-meta":"","stick-header-meta":"","header-above-stick-meta":"","header-main-stick-meta":"","header-below-stick-meta":""},"categories":[1687,84,1621,1609,1617,1767,1613,1618,1615],"tags":[],"sujet":[],"_links":{"self":[{"href":"https:\/\/israelmagazine.net\/index.php?rest_route=\/wp\/v2\/posts\/53851"}],"collection":[{"href":"https:\/\/israelmagazine.net\/index.php?rest_route=\/wp\/v2\/posts"}],"about":[{"href":"https:\/\/israelmagazine.net\/index.php?rest_route=\/wp\/v2\/types\/post"}],"author":[{"embeddable":true,"href":"https:\/\/israelmagazine.net\/index.php?rest_route=\/wp\/v2\/users\/4"}],"replies":[{"embeddable":true,"href":"https:\/\/israelmagazine.net\/index.php?rest_route=%2Fwp%2Fv2%2Fcomments&post=53851"}],"version-history":[{"count":0,"href":"https:\/\/israelmagazine.net\/index.php?rest_route=\/wp\/v2\/posts\/53851\/revisions"}],"wp:featuredmedia":[{"embeddable":true,"href":"https:\/\/israelmagazine.net\/index.php?rest_route=\/"}],"wp:attachment":[{"href":"https:\/\/israelmagazine.net\/index.php?rest_route=%2Fwp%2Fv2%2Fmedia&parent=53851"}],"wp:term":[{"taxonomy":"category","embeddable":true,"href":"https:\/\/israelmagazine.net\/index.php?rest_route=%2Fwp%2Fv2%2Fcategories&post=53851"},{"taxonomy":"post_tag","embeddable":true,"href":"https:\/\/israelmagazine.net\/index.php?rest_route=%2Fwp%2Fv2%2Ftags&post=53851"},{"taxonomy":"sujet","embeddable":true,"href":"https:\/\/israelmagazine.net\/index.php?rest_route=%2Fwp%2Fv2%2Fsujet&post=53851"}],"curies":[{"name":"wp","href":"https:\/\/api.w.org\/{rel}","templated":true}]}}