{"id":53903,"date":"2020-04-22T08:31:30","date_gmt":"2020-04-22T06:31:30","guid":{"rendered":"https:\/\/israelmagazine.net\/?p=53903"},"modified":"2020-04-22T08:31:30","modified_gmt":"2020-04-22T06:31:30","slug":"covid-19-premier-pour-le-depistage-lislande-pour-le-depistage","status":"publish","type":"post","link":"https:\/\/israelmagazine.net\/?p=53903","title":{"rendered":"Covid-19 : premier pour le depistage l\u2019Islande"},"content":{"rendered":"<div class=\\\"PostContent\\\">\n<h5 style=\\\"font-weight: 400;\\\">En islande, les scientifiques ont s\u00e9quenc\u00e9 le g\u00e9nome de 600 \u00e9chantillons de virus, afin de voir quelles souches circulaient pour reconstituer en quelque sorte son d\\&rsquo;arbre g\u00e9n\u00e9alogique et g\u00e9ographique. \u00a9 Cr\u00e9dit photo : LILLIAN SUWANRUMPHA AFP<\/h5>\n<\/div>\n<div>\n<p>En testant plus que n\u2019importe quel autre pays, l\u2019Islande s\u2019est non seulement rendue compte que 43% des porteurs du Covid-19 sont asymptomatiques, mais elle a aussi pu reconstituer l\u2019arbre g\u00e9n\u00e9alogique du virus sur son territoire<\/p>\n<\/div>\n<div>\n<div>\n<p>L\u2019Islande a test\u00e9 10% de sa population pour le nouveau coronavirus, et le petit pays de 364\u00a0000\u00a0habitants a commenc\u00e9 le d\u00e9pistage un mois avant que le premier malade ne soit confirm\u00e9 sur son territoire. Un cas d\u2019\u00e9cole pour la gestion de la pand\u00e9mie.<\/p>\n<p>Dans une \u00e9tude publi\u00e9e mardi par la grande revue m\u00e9dicale am\u00e9ricaine New England Journal of Medicine, des chercheurs d\u2019universit\u00e9s islandaises et de la soci\u00e9t\u00e9 locale de CODE Genetics, filiale du g\u00e9ant am\u00e9ricain Amgen, livrent les r\u00e9sultats de l\u2019important programme de d\u00e9pistage lanc\u00e9 le 31 janvier, plus d\u2019un mois avant que la pand\u00e9mie ne soit d\u00e9clar\u00e9e.<\/p>\n<div id=\\\"m_951604513082510024gmail-d6003126-d4c1-4de9-a8e7-1fe733348c4c\\\">\n<div id=\\\"m_951604513082510024gmail-google_ads_iframe_\/25384414\/sudouest_site\/article&gt;inread1_0__container__\\\" style=\\\"box-sizing: border-box; margin: 0px; padding: 0px; border: 0pt none; font: inherit; vertical-align: baseline;\\\"><\/div>\n<\/div>\n<h3>Championne du monde du d\u00e9pistage<\/h3>\n<p>Deux campagnes de d\u00e9pistage ont \u00e9t\u00e9 r\u00e9alis\u00e9es. La premi\u00e8re a \u00e9t\u00e9 cibl\u00e9e par les autorit\u00e9s \u00e0 partir du 31\u00a0janvier sur les personnes symptomatiques et voyageurs revenant de zones \u00e0 risque (initialement Chine, Alpes autrichiennes, italiennes et suisses) ou ayant \u00e9t\u00e9 en contact avec des personnes infect\u00e9es. Elle a \u00e9tabli que 13,3% des plus de 9\u00a0000\u00a0personnes test\u00e9es \u00e9taient infect\u00e9es, \u00e0 la fin mars, tandis que le\u00a0premier cas positif a \u00e9t\u00e9 confirm\u00e9 le 28\u00a0f\u00e9vrier dans le pays.<\/p>\n<p>Un deuxi\u00e8me d\u00e9pistage a \u00e9t\u00e9 lanc\u00e9 par deCODE Genetics le 13\u00a0mars pour le reste de la population, tous les Islandais sans sympt\u00f4mes ou avec des sympt\u00f4mes b\u00e9nins et n\u2019\u00e9tant pas en quarantaine. La proportion de cas positifs y \u00e9tait tr\u00e8s inf\u00e9rieure\u00a0: entre 0,6\u00a0et 0,8%.A ce jour, plus de 36\u00a0000\u00a0tests ont \u00e9t\u00e9 r\u00e9alis\u00e9s en Islande. Ce qui fait de l\u2019\u00eele la championne du monde du d\u00e9pistage par habitant, de loin. Elle a test\u00e9 dix fois plus que la Cor\u00e9e du Sud (10\u00a0tests pour 1\u00a0000\u00a0habitants, selon le site Our World in Data), un autre pays montr\u00e9 en exemple pour avoir rapidement mis\u00e9 sur les tests pour surveiller l\u2019\u00e9volution de la pand\u00e9mie.<\/p>\n<p>&nbsp;<\/p>\n<h3>43% de malades sans sympt\u00f4mes<\/h3>\n<p>A quoi a servi ce d\u00e9pistage massif\u202f? Il a apparemment aid\u00e9 \u00e0 freiner la circulation du virus en permettant de rep\u00e9rer des personnes infect\u00e9es et contagieuses, mais qui n\u2019avaient pas de sympt\u00f4mes ou croyaient seulement avoir un rhume ou une grippe.<\/p>\n<p>Quand elles apprenaient que leurs tests \u00e9taient positifs, les personnes devaient s\u2019isoler chez elles jusqu\u2019\u00e0 10\u00a0jours apr\u00e8s la fin de la fi\u00e8vre ou jusqu\u2019\u00e0 un test n\u00e9gatif, et toutes les personnes les ayant rencontr\u00e9es devaient se placer en quarantaine pendant deux semaines. Si elles n\u2019avaient pas \u00e9t\u00e9 test\u00e9es, elles ne se seraient sans doute pas isol\u00e9es et auraient contamin\u00e9 d\u2019autres gens \u00e0 leur insu.<\/p>\n<p>Une proportion \u00e9lev\u00e9e de personnes ayant re\u00e7u un r\u00e9sultat positif, soit 43%, n\u2019avaient pas de sympt\u00f4mes (ou pas encore). Une nouvelle preuve que les porteurs asymptomatiques et pr\u00e9symptomatiques sont nombreux.<\/p>\n<p>&nbsp;<\/p>\n<h3>Une mortalit\u00e9 dix fois moindre que la France<\/h3>\n<p>L\u2019Islande a d\u00e9tect\u00e9 actuellement 1\u00a0720\u00a0cas, ce qui est proportionnellement \u00e9lev\u00e9 par rapport \u00e0 d\u2019autres pays qui ne testent que les patients hospitalis\u00e9s, mais le nombre de d\u00e9c\u00e8s (huit) rapport\u00e9 \u00e0 la population est dix fois moindre qu\u2019en France. Le gouvernement islandais estime le pic pass\u00e9 et rouvrira lyc\u00e9es, universit\u00e9s, mus\u00e9es et salons de coiffure le 4\u00a0mai.<\/p>\n<p>L\u2019\u00e9tude livre une autre information int\u00e9ressante. Les scientifiques ont s\u00e9quenc\u00e9 le g\u00e9nome de 600 \u00e9chantillons de virus, afin de voir quelles souches circulaient pour reconstituer en quelque sorte son d\u2019arbre g\u00e9n\u00e9alogique et g\u00e9ographique. Les analyses montrent que dans un premier temps, ce sont probablement les Islandais revenant d\u2019Italie et d\u2019Autriche qui ont ramen\u00e9 le virus chez eux.<\/p>\n<p>Puis il semble que ce soit, en partie, des voyageurs revenant du Royaume-Uni, avant que ce pays-l\u00e0 ne soit d\u00e9clar\u00e9 zone \u00e0 risque\u2026 Ce qui sugg\u00e8re que le coronavirus circulait assez t\u00f4t chez les Britanniques<\/p>\n<\/div>\n<\/div>\n<p>&nbsp;<\/p>\n<div class=\\\"PostContent\\\">\n<h2 class=\\\"p1\\\"><span style=\\\"font-size: 16px;\\\">Par Andr\u00e9 Darmon<\/span><\/h2>\n<\/div>\n<div class=\\\"PostContent\\\">\n<p>&nbsp;<\/p>\n<\/div>\n<blockquote class=\"wp-embedded-content\" data-secret=\"xfTk8lG9wL\"><p><a href=\"https:\/\/israelmagazine.co.il\/coronavirus-la-chine-et-le-defi-au-judaisme\/\">Coronavirus : la Chine et le d\u00e9fi au Juda\u00efsme<\/a><\/p><\/blockquote>\n<p><iframe class=\"wp-embedded-content\" sandbox=\"allow-scripts\" security=\"restricted\" style=\"position: absolute; clip: rect(1px, 1px, 1px, 1px);\" title=\"\u00ab\u00a0Coronavirus : la Chine et le d\u00e9fi au Juda\u00efsme\u00a0\u00bb &#8212; Israel Magazine\" src=\"https:\/\/israelmagazine.co.il\/coronavirus-la-chine-et-le-defi-au-judaisme\/embed\/#?secret=HLQzm5p2Lq#?secret=xfTk8lG9wL\" data-secret=\"xfTk8lG9wL\" width=\"500\" height=\"282\" frameborder=\"0\" marginwidth=\"0\" marginheight=\"0\" scrolling=\"no\"><\/iframe><\/p>\n<h4 class=\\\"p1\\\"><span class=\\\"s1\\\">La suite de l\u2019article se trouve dans le prochain num\u00e9ro d\u2019Isra\u00ebl Magazine<\/span><\/h4>\n<p class=\\\"p1\\\"><span class=\\\"s1\\\">S\u2019abonner au magazine par t\u00e9l\u00e9phone ou par whats app 00972 (0) 54 254 45 20 ou au 0186982727\u00a0\u00a0\u00a0<\/span><\/p>\n<p class=\\\"p2\\\"><span class=\\\"s2\\\">Par email\u00a0\u00a0<a href=\\\"mailto:Andredarmon78@gmail.com\\\"><span class=\\\"s3\\\">Andredarmon78@gmail.com<\/span><\/a><\/span><\/p>\n<p class=\\\"p1\\\"><span class=\\\"s1\\\">Ou directement sur le site\u00a0<a href=\\\"http:\/\/www.israelmagazine.co.il\/\\\"><span class=\\\"s4\\\">www.israelmagazine.co.il<\/span><\/a><\/span><\/p>\n<p class=\\\"p1\\\"><span class=\\\"s1\\\">D\u00e9couvrez un exemplaire du magazine gratuitement et cliquez sur le rebord droit du mag<\/span><\/p>\n<p><a href=\\\"https:\/\/israelmagazine.co.il\/sabonner-au-magazine\/\\\" target=\\\"_blank\\\" rel=\\\"noopener noreferrer\\\"><img class=\\\"wp-image-53593 aligncenter\\\" src=\\\"https:\/\/israelmagazine.co.il\/wp-content\/uploads\/2020\/03\/camp-ABO1-1200x628-300x157.jpg\\\" alt=\\\"camp-ABO1-1200x628\\\" width=\\\"464\\\" height=\\\"259\\\" \/><\/a><\/p>\n<p class=\\\"p2\\\"><span class=\\\"s5\\\"><a href=\\\"https:\/\/fr.calameo.com\/read\/0010965002cfce9dee566?authid=IRnvqb59CRHm\\\" target=\\\"_blank\\\" rel=\\\"noopener noreferrer\\\">https:\/\/fr.calameo.com\/read\/0010965002cfce9dee566?authid=IRnvqb59CRHm<\/a><\/span><\/p>\n","protected":false},"excerpt":{"rendered":"<p>En islande, les scientifiques ont s\u00e9quenc\u00e9 le g\u00e9nome de 600 \u00e9chantillons de virus, afin de voir quelles souches circulaient pour reconstituer en quelque sorte son d\\&rsquo;arbre g\u00e9n\u00e9alogique et g\u00e9ographique. \u00a9 Cr\u00e9dit photo : LILLIAN SUWANRUMPHA AFP En testant plus que n\u2019importe quel autre pays, l\u2019Islande s\u2019est non seulement rendue compte que 43% des porteurs du &hellip;<\/p>\n<p class=\"read-more\"> <a class=\"\" href=\"https:\/\/israelmagazine.net\/?p=53903\"> <span class=\"screen-reader-text\">Covid-19 : premier pour le depistage l\u2019Islande<\/span> Lire la suite \u00bb<\/a><\/p>\n","protected":false},"author":4,"featured_media":53904,"comment_status":"open","ping_status":"open","sticky":false,"template":"","format":"standard","meta":{"site-sidebar-layout":"default","site-content-layout":"default","ast-global-header-display":"","ast-main-header-display":"","ast-hfb-above-header-display":"","ast-hfb-below-header-display":"","ast-hfb-mobile-header-display":"","site-post-title":"","ast-breadcrumbs-content":"","ast-featured-img":"","footer-sml-layout":"","theme-transparent-header-meta":"","adv-header-id-meta":"","stick-header-meta":"","header-above-stick-meta":"","header-main-stick-meta":"","header-below-stick-meta":""},"categories":[1687,84,1621,1767,1613,1618,1619],"tags":[1889,2499,2500,2501],"sujet":[],"_links":{"self":[{"href":"https:\/\/israelmagazine.net\/index.php?rest_route=\/wp\/v2\/posts\/53903"}],"collection":[{"href":"https:\/\/israelmagazine.net\/index.php?rest_route=\/wp\/v2\/posts"}],"about":[{"href":"https:\/\/israelmagazine.net\/index.php?rest_route=\/wp\/v2\/types\/post"}],"author":[{"embeddable":true,"href":"https:\/\/israelmagazine.net\/index.php?rest_route=\/wp\/v2\/users\/4"}],"replies":[{"embeddable":true,"href":"https:\/\/israelmagazine.net\/index.php?rest_route=%2Fwp%2Fv2%2Fcomments&post=53903"}],"version-history":[{"count":0,"href":"https:\/\/israelmagazine.net\/index.php?rest_route=\/wp\/v2\/posts\/53903\/revisions"}],"wp:featuredmedia":[{"embeddable":true,"href":"https:\/\/israelmagazine.net\/index.php?rest_route=\/"}],"wp:attachment":[{"href":"https:\/\/israelmagazine.net\/index.php?rest_route=%2Fwp%2Fv2%2Fmedia&parent=53903"}],"wp:term":[{"taxonomy":"category","embeddable":true,"href":"https:\/\/israelmagazine.net\/index.php?rest_route=%2Fwp%2Fv2%2Fcategories&post=53903"},{"taxonomy":"post_tag","embeddable":true,"href":"https:\/\/israelmagazine.net\/index.php?rest_route=%2Fwp%2Fv2%2Ftags&post=53903"},{"taxonomy":"sujet","embeddable":true,"href":"https:\/\/israelmagazine.net\/index.php?rest_route=%2Fwp%2Fv2%2Fsujet&post=53903"}],"curies":[{"name":"wp","href":"https:\/\/api.w.org\/{rel}","templated":true}]}}