{"id":53918,"date":"2020-04-24T12:52:25","date_gmt":"2020-04-24T10:52:25","guid":{"rendered":"https:\/\/israelmagazine.net\/?p=53918"},"modified":"2020-04-24T12:52:25","modified_gmt":"2020-04-24T10:52:25","slug":"le-retour-de-la-turquie-derdogan-nest-pas-pour-maintenant","status":"publish","type":"post","link":"https:\/\/israelmagazine.net\/?p=53918","title":{"rendered":"Le retour de la Turquie d\\&rsquo;Erdo\u011fan n\\&rsquo;est pas pour maintenant"},"content":{"rendered":"<div class=\\\"PostContent\\\"><\/div>\n<div class=\\\"PostContent\\\">\n<h3>Depuis l\\&rsquo;arriv\u00e9e au pouvoir de Recep Tayyip Erdo\u011fan et de son parti, l\\&rsquo;AKP, en 2002 jusqu\\&rsquo;aux environs de 2016, les observateurs de la Turquie aux \u00c9tats-Unis se sont divis\u00e9s sur la question de savoir si la Turquie \u00e9tait toujours un alli\u00e9.<\/h3>\n<p>En r\u00e9alit\u00e9, ce d\u00e9bat a perdur\u00e9 en raison d\\&rsquo;une certaine nostalgie alors qu\\&rsquo;il \u00e9tait clair depuis longtemps que la Turquie avait cess\u00e9 d\\&rsquo;\u00eatre un alli\u00e9. Fort heureusement, le d\u00e9bat est clos d\u00e9sormais et il n\\&rsquo;y a plus personne pour affirmer s\u00e9rieusement que la Turquie, malgr\u00e9 sa qualit\u00e9 de membre de l\\&rsquo;OTAN, est encore un alli\u00e9.<\/p>\n<p>Cependant, un nouveau d\u00e9bat s\\&rsquo;est cr\u00e9\u00e9 sur la question de savoir si l\\&rsquo;hostilit\u00e9 manifest\u00e9e par la Turquie est soit une aberration temporaire, soit la nouvelle norme \u00e0 long terme. La situation s\\&rsquo;apparente-t-elle plut\u00f4t \u00e0 la prise de pouvoir de Necmettin Erbakan en 1996-1997 et de Mohammed Morsi en \u00c9gypte en 2012-2013, ou ressemble-t-elle davantage \u00e0 la R\u00e9volution iranienne qui en est maintenant \u00e0 sa cinqui\u00e8me d\u00e9cennie ?<\/p>\n<p>\u00c0 Washington, les avis sont partag\u00e9s. D\\&rsquo;une fa\u00e7on g\u00e9n\u00e9rale, le pr\u00e9sident, le D\u00e9partement de la D\u00e9fense, le D\u00e9partement d\\&rsquo;\u00c9tat et le monde des affaires voient dans cette situation une aberration et esp\u00e8rent que ce malheureux \u00e9pisode conna\u00eetra bient\u00f4t une fin heureuse \u00e0 savoir le retour au bon vieux temps. Le Congr\u00e8s am\u00e9ricain et la plupart des analystes quant \u00e0 eux, y voient plut\u00f4t un changement \u00e0 long terme et c\\&rsquo;est la position que je vais d\u00e9fendre ici.<\/p>\n<p>Pour comprendre le d\u00e9bat qui a cours en Am\u00e9rique, il faut se reporter \u00e0 ce fameux bon vieux temps. La p\u00e9riode allant de l\\&rsquo;accession de la Turquie \u00e0 l\\&rsquo;OTAN en 1952 jusqu\\&rsquo;aux \u00e9lections cruciales de 2002, a dur\u00e9 tout juste cinquante ans. M\u00eame si elles n\\&rsquo;ont pas \u00e9t\u00e9 sans accrocs (notamment les vives tensions mutuelles sur la question de Chypre en 1964), les relations entre l\\&rsquo;Am\u00e9rique et la Turquie ont \u00e9t\u00e9 durant tout ce temps au beau fixe : Washington menait la danse et Ankara lui embo\u00eetait le pas.<\/p>\n<p>En octobre 1992, j\\&rsquo;ai eu l\\&rsquo;occasion de passer en tant qu\\&rsquo;invit\u00e9, une semaine au Minist\u00e8re des Affaires \u00e9trang\u00e8res \u00e0 Ankara. Mon souvenir le plus clair de ce s\u00e9jour est le manque d\\&rsquo;esprit de d\u00e9cision. Les fonctionnaires \u00e9taient litt\u00e9ralement suspendus au t\u00e9l\u00e9copieur dans l\\&rsquo;attente d\\&rsquo;instructions en provenance de l\\&rsquo;ambassade turque \u00e0 Washington sur la politique \u00e0 suivre. J\\&rsquo;exag\u00e8re \u00e0 peine. Cet arrangement a bien fonctionn\u00e9 pour les deux parties pendant un demi-si\u00e8cle. La Turquie jouissait d\\&rsquo;une protection contre l\\&rsquo;Union sovi\u00e9tique et les \u00c9tats-Unis pouvaient compter sur un alli\u00e9 fiable.<\/p>\n<\/div>\n<p>Deux ph\u00e9nom\u00e8nes datant des ann\u00e9es 1990 ont contribu\u00e9 \u00e0 miner cette stabilit\u00e9 : la chute de l\\&rsquo;Union sovi\u00e9tique et le basculement progressif des principaux partis politiques turcs dans la corruption et l\\&rsquo;incomp\u00e9tence. Force politique mineure depuis l\\&rsquo;\u00e9poque d\\&rsquo;Atat\u00fcrk, les islamistes ont alors profit\u00e9 de ces changements pour acc\u00e9der bri\u00e8vement au pouvoir en 1996-1997 avant d\\&rsquo;\u00eatre \u00e9cart\u00e9s du pouvoir par une arm\u00e9e qui a n\u00e9glig\u00e9 les probl\u00e8mes sous-jacents \u00e0 cette situation.<\/p>\n<p>Ensuite sont arriv\u00e9es les \u00e9lections insens\u00e9es de 2002. L\\&rsquo;AKP est alors sorti de nulle part en b\u00e9n\u00e9ficiant d\\&rsquo;une particularit\u00e9 de la constitution turque qui fixe un seuil \u00e9lectoral de 10% pour permettre \u00e0 un parti de si\u00e9ger au parlement. Cette ann\u00e9e-l\u00e0, seuls deux partis ont d\u00e9pass\u00e9 ce seuil, les autres n\\&rsquo;ayant atteint que, 9, 8, 7, 6 et 5%. Cette bizarrerie a permis \u00e0 l\\&rsquo;AKP, fort d\\&rsquo;un tiers des suffrages, de contr\u00f4ler les deux tiers du parlement turc. Le choc qui en a r\u00e9sult\u00e9 a lamin\u00e9 une opposition demeur\u00e9e groggy jusqu\\&rsquo;\u00e0 ce qu\\&rsquo;elle remporte finalement une victoire lors de l\\&rsquo;\u00e9lection du maire d\\&rsquo;Istanbul en 2019.<\/p>\n<p>Les relations avec les \u00c9tats-Unis, quant \u00e0 elles, ont connu un tournant tr\u00e8s peu de temps apr\u00e8s l\\&rsquo;accession de l\\&rsquo;AKP au pouvoir. Le 1<sup>er<\/sup>\u00a0mars 2003, le parlement turc a refus\u00e9 aux troupes am\u00e9ricaines le droit d\\&rsquo;utiliser le sol turc comme base militaire dans la guerre contre le r\u00e9gime de Saddam Hussein en Irak. Malgr\u00e9 ce revirement incroyable apr\u00e8s une alliance exemplaire de cinquante ann\u00e9es, les autorit\u00e9s am\u00e9ricaines ont fait comme si de rien n\\&rsquo;\u00e9tait. Le pr\u00e9sident George W. Bush a continu\u00e9 \u00e0 entretenir des relations \u00e9troites avec Erdo\u011fan qu\\&rsquo;il a aid\u00e9 personnellement \u00e0 passer outre une condamnation judiciaire et \u00e0 devenir Premier ministre. Barack Obama a m\u00eame consid\u00e9r\u00e9 Erdo\u011fan comme l\\&rsquo;un de ses cinq dirigeants \u00e9trangers favoris. Donald Trump, quant \u00e0 lui, l\\&rsquo;a flatt\u00e9 et apais\u00e9.<\/p>\n<p>L\\&rsquo;amabilit\u00e9 constante dont ont fait preuve ces trois pr\u00e9sidents aussi dissemblables d\u00e9montre la r\u00e9ticence de la Maison Blanche \u00e0 admettre les changements fondamentaux survenus en Turquie. De la m\u00eame mani\u00e8re, le D\u00e9partement de la D\u00e9fense a tent\u00e9 de faire perdurer le bon vieux temps, le D\u00e9partement d\\&rsquo;\u00c9tat a jou\u00e9 la carte de la conciliation et Boeing ainsi que d\\&rsquo;autres grandes entreprises avaient pour volont\u00e9 de continuer \u00e0 vendre leurs produits.<\/p>\n<p>Dans le m\u00eame esprit, le pouvoir ex\u00e9cutif minimise le fait que la Turquie est dirig\u00e9e d\\&rsquo;une main de fer par un islamiste qui contr\u00f4le les principales institutions turques : l\\&rsquo;arm\u00e9e, les services de renseignement, la police, le pouvoir judiciaire, les banques, les m\u00e9dias, les commissions \u00e9lectorales, les mosqu\u00e9es et le syst\u00e8me \u00e9ducatif. Plus encore, Erdo\u011fan a mis sur pied une\u00a0<a href=\\\"https:\/\/foreignpolicy.com\/2017\/07\/13\/turkeys-post-coup-purge-and-erdogans-private-army-sadat-perincek-gulen\/?mod=article_inline\\\" target=\\\"_blank\\\" rel=\\\"noopener noreferrer\\\" data-saferedirecturl=\\\"https:\/\/www.google.com\/url?q=https:\/\/foreignpolicy.com\/2017\/07\/13\/turkeys-post-coup-purge-and-erdogans-private-army-sadat-perincek-gulen\/?mod%3Darticle_inline&amp;source=gmail&amp;ust=1587809760931000&amp;usg=AFQjCNEJxLxkNkW7bTx_GmL5mhBBZd-9Ig\\\">arm\u00e9e priv\u00e9e<\/a>, SADAT qui lui permet de r\u00e9primer \u00e0 sa guise quiconque marque publiquement son d\u00e9saccord avec lui. Ainsi, si vous osez\u00a0<a href=\\\"https:\/\/www.insidehighered.com\/news\/2019\/07\/01\/about-700-academics-have-been-criminally-charged-turkey-their-signatures-petition?mod=article_inline\\\" target=\\\"_blank\\\" rel=\\\"noopener noreferrer\\\" data-saferedirecturl=\\\"https:\/\/www.google.com\/url?q=https:\/\/www.insidehighered.com\/news\/2019\/07\/01\/about-700-academics-have-been-criminally-charged-turkey-their-signatures-petition?mod%3Darticle_inline&amp;source=gmail&amp;ust=1587809760931000&amp;usg=AFQjCNHR5Knmd4yY8hDC8VF4dEA0Vm1rCw\\\">signer une p\u00e9tition inoffensive<\/a>, vous pouvez \u00eatre consid\u00e9r\u00e9 comme un terroriste et finir en prison. Alors que sa popularit\u00e9 s\\&rsquo;\u00e9rodait, il a eu recours de plus en plus souvent \u00e0 la\u00a0<a href=\\\"http:\/\/www.danielpipes.org\/blog\/2011\/06\/turkey-last-free-election\\\" target=\\\"_blank\\\" rel=\\\"noopener noreferrer\\\" data-saferedirecturl=\\\"https:\/\/www.google.com\/url?q=http:\/\/www.danielpipes.org\/blog\/2011\/06\/turkey-last-free-election&amp;source=gmail&amp;ust=1587809760931000&amp;usg=AFQjCNEJFTgD8jgBNlRSOnosS04bXGqhcw\\\">fraude \u00e9lectorale<\/a>, mettant en prison les leaders d\\&rsquo;opposition et envoyant ses hommes de main attaquer les bureaux des partis adverses.<\/p>\n<p>Non seulement Erdo\u011fan et l\\&rsquo;AKP sont install\u00e9s au pouvoir mais ils ont aussi fa\u00e7onn\u00e9 toute une g\u00e9n\u00e9ration et sont en train de transformer le pays. Ce qui permet de dire que la Turquie est en train de subir une sorte de r\u00e9volution islamique \u00e0 l\\&rsquo;iranienne. Nous assistons \u00e0 la lente transformation d\\&rsquo;un second Iran, d\\&rsquo;une fa\u00e7on moins violente et moins spectaculaire mais plus sophistiqu\u00e9e et potentiellement plus durable. En termes informatiques, Khomeiny repr\u00e9sentait la version 1.0 de l\\&rsquo;islamisme, Erdo\u011fan en est la version 2.0 voire, 3.0.<\/p>\n<p>La cons\u00e9quence a \u00e9t\u00e9 un changement radical dans l\\&rsquo;attitude de la Turquie vis-\u00e0-vis de l\\&rsquo;Occident en g\u00e9n\u00e9ral et des \u00c9tats-Unis en particulier. En 2000, peu avant l\\&rsquo;arriv\u00e9e au pouvoir d\\&rsquo;Erdo\u011fan, des\u00a0<a href=\\\"https:\/\/en.wikipedia.org\/wiki\/Turkey%E2%80%93United_States_relations#Opinion\\\" target=\\\"_blank\\\" rel=\\\"noopener noreferrer\\\" data-saferedirecturl=\\\"https:\/\/www.google.com\/url?q=https:\/\/en.wikipedia.org\/wiki\/Turkey%25E2%2580%2593United_States_relations%23Opinion&amp;source=gmail&amp;ust=1587809760932000&amp;usg=AFQjCNHxAQUd-w5xOnJn_1Gsrw_OLHk5Xg\\\">sondages d\\&rsquo;opinion<\/a>\u00a0montraient qu\\&rsquo;un peu plus de la moiti\u00e9 de la population turque \u00e9tait favorable \u00e0 l\\&rsquo;Am\u00e9rique. Ce nombre a chut\u00e9 pour atteindre 18% au cours du mandat d\\&rsquo;Erdo\u011fan. \u00c0 pr\u00e9sent, l\\&rsquo;antiam\u00e9ricanisme est omnipr\u00e9sent dans le monde politique, les m\u00e9dias, les films, la manuels scolaires, les sermons dans les mosqu\u00e9es et ailleurs.<\/p>\n<p>L\\&rsquo;hostilit\u00e9 est devenue r\u00e9ciproque. La col\u00e8re suscit\u00e9e par l\\&rsquo;achat du syst\u00e8me de d\u00e9fense antimissile russe S-400 par la Turquie a conduit le Congr\u00e8s am\u00e9ricain \u00e0 exclure celle-ci du programme F-35. Apr\u00e8s des d\u00e9cennies pass\u00e9es \u00e0 \u00e9viter tout vote d\\&rsquo;une r\u00e9solution sur le g\u00e9nocide arm\u00e9nien afin de m\u00e9nager les sensibilit\u00e9s turques, la Chambre a franchi le pas en 2019 en votant une telle r\u00e9solution \u00e0 405 voix pour et 11 contre. Quant au S\u00e9nat, il a adopt\u00e9 le projet par acclamation.<\/p>\n<p>Il y a peu de raisons de penser que les Am\u00e9ricains seront mieux accept\u00e9s une fois qu\\&rsquo;Erdo\u011fan sera parti. Certes, il est \u00e2g\u00e9 de soixante-six ans et on le dit atteint de plusieurs maladies. Mais les candidats qui pourraient lui succ\u00e9der (tel que S\u00fcleyman Soylu) partagent tr\u00e8s largement ses conceptions. De plus, les autres grands courants politiques en Turquie, les nationalistes et la gauche, sont m\u00eame plus hostiles que le parti d\\&rsquo;Erdo\u011fan. \u00c0 l\\&rsquo;exception du parti kurde HDP, tous les autres partis si\u00e9geant au parlement turc (MHP, CHP Iyi) sont plus antiam\u00e9ricains que l\\&rsquo;AKP et accusent m\u00eame Erdo\u011fan d\\&rsquo;\u00eatre proam\u00e9ricain.<\/p>\n<p>En conclusion, l\\&rsquo;Am\u00e9rique ne doit pas axer sa politique sur l\\&rsquo;espoir d\\&rsquo;un retour de la Turquie. Tout comme l\\&rsquo;Iran nagu\u00e8re, la Turquie est bel et bien partie. Pas pour toujours mais pour un long moment. Le gouvernement am\u00e9ricain doit se pr\u00e9parer \u00e0 une longue p\u00e9riode durant laquelle Ankara sera d\u00e9plorable et peut-\u00eatre malfaisante. Voici donc huit recommandations, en commen\u00e7ant par les moins cons\u00e9quentes, sur la politique \u00e0 suivre en mati\u00e8re de relations avec la nouvelle Turquie :<\/p>\n<table border=\\\"0\\\" cellspacing=\\\"0\\\" cellpadding=\\\"0\\\">\n<tbody>\n<tr>\n<td><img class=\\\"CToWUd\\\" src=\\\"https:\/\/ci4.googleusercontent.com\/proxy\/mneIewPlppykCMr6a-OewLEPVQreecyMzIMMKU7qo2pLuWoZ_wwctlTYBK34NLTYzdI8i9Z7-2Okh8WMaxM0u9IBO6-6=s0-d-e1-ft#http:\/\/www.danielpipes.org\/pics\/new\/large\/5059.jpg\\\" width=\\\"250\\\" height=\\\"293\\\" border=\\\"0\\\" \/>Fethullah G\u00fclen ne peut pas \u00eatre renvoy\u00e9 en Turquie.<\/td>\n<\/tr>\n<\/tbody>\n<\/table>\n<p>1. D\u00e9noncer, condamner et dans une certaine mesure agir sur toute une s\u00e9rie de questions de politique \u00e9trang\u00e8re impliquant la Turquie comme son soutien \u00e0 l\\&rsquo;EI, l\\&rsquo;invasion de la Syrie, le fait de priver la Syrie et l\\&rsquo;Irak des eaux fluviales, le montage d\\&rsquo;une exp\u00e9dition en Libye et le forage dans la zone \u00e9conomique exclusive de Chypre.<\/p>\n<p>2. Rejeter publiquement la demande d\\&rsquo;extradition de Fethullah G\u00fclen, cet ancien alli\u00e9 d\\&rsquo;Erdo\u011fan qui est devenu son pire ennemi politique et r\u00e9side en Pennsylvanie.<\/p>\n<p>3. Inviter, entre autres, des Kurdes, des g\u00fclenistes et des personnalit\u00e9s de l\\&rsquo;opposition parlementaire \u00e0 des r\u00e9unions de haut niveau \u00e0 Washington en signe de soutien.<\/p>\n<p>4. Se d\u00e9sengager \u00e9conomiquement. Par exemple, interdire le rachat de\u00a0<a href=\\\"https:\/\/www.govtrack.us\/congress\/bills\/116\/s2644\/text\\\" target=\\\"_blank\\\" rel=\\\"noopener noreferrer\\\" data-saferedirecturl=\\\"https:\/\/www.google.com\/url?q=https:\/\/www.govtrack.us\/congress\/bills\/116\/s2644\/text&amp;source=gmail&amp;ust=1587809760932000&amp;usg=AFQjCNHQhEm_R0ShwLoP328-xTXEcGHm0g\\\">dette souveraine<\/a>\u00a0turque, exclure les\u00a0<a href=\\\"https:\/\/www.reuters.com\/article\/us-syria-security-turkey-sanctions-factb\/factbox-major-turkish-companies-affiliated-with-u-s-sanctioned-turkish-energy-ministry-idUSKBN1WU2IE\\\" target=\\\"_blank\\\" rel=\\\"noopener noreferrer\\\" data-saferedirecturl=\\\"https:\/\/www.google.com\/url?q=https:\/\/www.reuters.com\/article\/us-syria-security-turkey-sanctions-factb\/factbox-major-turkish-companies-affiliated-with-u-s-sanctioned-turkish-energy-ministry-idUSKBN1WU2IE&amp;source=gmail&amp;ust=1587809760932000&amp;usg=AFQjCNEtK3PV59D0qAs3DozybmOz4e7mJA\\\">soci\u00e9t\u00e9s \u00e9nerg\u00e9tiques turques<\/a>\u00a0et imposer des droits antidumping sur\u00a0<a href=\\\"https:\/\/www.federalregister.gov\/documents\/2020\/03\/19\/2020-05754\/steel-concrete-reinforcing-bar-from-the-republic-of-turkey-final-results-of-antidumping-duty\\\" target=\\\"_blank\\\" rel=\\\"noopener noreferrer\\\" data-saferedirecturl=\\\"https:\/\/www.google.com\/url?q=https:\/\/www.federalregister.gov\/documents\/2020\/03\/19\/2020-05754\/steel-concrete-reinforcing-bar-from-the-republic-of-turkey-final-results-of-antidumping-duty&amp;source=gmail&amp;ust=1587809760932000&amp;usg=AFQjCNFYtwTBH0x103bxsgPNhl4tI8JCFA\\\">l\\&rsquo;acier<\/a>.<\/p>\n<p>5. Inclure la Turquie dans le Countering America\\&rsquo;s Adversaries Through Sanctions Act (CAATSA, Loi sur la lutte contre les adversaires de l\\&rsquo;Am\u00e9rique au moyen de sanctions) en r\u00e9ponse \u00e0 l\\&rsquo;achat par la Turquie du syst\u00e8me antimissile russe S-400.<\/p>\n<p>6. Retirer les armes nucl\u00e9aires d\\&rsquo;Incirlik, une base de l\\&rsquo;OTAN en Turquie. L\\&rsquo;acc\u00e8s \u00e0 la base est parfois restreint. Les armes ne peuvent pas \u00eatre charg\u00e9es sur les avions qui y sont stationn\u00e9s. Les Turcs pourraient saisir les armes.<\/p>\n<p>7. Retirer les troupes am\u00e9ricaines de Turquie.<\/p>\n<p>8. Exclure la Turquie de l\\&rsquo;Organisation du Trait\u00e9 de l\\&rsquo;Atlantique Nord. Bien que les statuts de l\\&rsquo;OTAN n\\&rsquo;offrent aucun moyen pour \u00e9vincer l\\&rsquo;un de ses membres, la\u00a0<a href=\\\"https:\/\/www.justsecurity.org\/66574\/can-turkey-be-expelled-from-nato\/\\\" target=\\\"_blank\\\" rel=\\\"noopener noreferrer\\\" data-saferedirecturl=\\\"https:\/\/www.google.com\/url?q=https:\/\/www.justsecurity.org\/66574\/can-turkey-be-expelled-from-nato\/&amp;source=gmail&amp;ust=1587809760932000&amp;usg=AFQjCNHyxqLJ07-HYIe6xd6jKhVmByF-fQ\\\">Convention de Vienne sur le droit des trait\u00e9s<\/a>\u00a0permet \u00e0 une majorit\u00e9 unanime de rejeter un \u00c9tat voyou. Cette \u00e9ventualit\u00e9 est tout \u00e0 fait concevable alors, faisons-le.<\/p>\n<p>&nbsp;<\/p>\n<blockquote class=\"wp-embedded-content\" data-secret=\"kXGNjBaqFZ\"><p><a href=\"https:\/\/israelmagazine.co.il\/coronavirus-la-chine-et-le-defi-au-judaisme\/\">Coronavirus : la Chine et le d\u00e9fi au Juda\u00efsme<\/a><\/p><\/blockquote>\n<p><iframe class=\"wp-embedded-content\" sandbox=\"allow-scripts\" security=\"restricted\" style=\"position: absolute; clip: rect(1px, 1px, 1px, 1px);\" title=\"\u00ab\u00a0Coronavirus : la Chine et le d\u00e9fi au Juda\u00efsme\u00a0\u00bb &#8212; Israel Magazine\" src=\"https:\/\/israelmagazine.co.il\/coronavirus-la-chine-et-le-defi-au-judaisme\/embed\/#?secret=u3iDRthsXj#?secret=kXGNjBaqFZ\" data-secret=\"kXGNjBaqFZ\" width=\"500\" height=\"282\" frameborder=\"0\" marginwidth=\"0\" marginheight=\"0\" scrolling=\"no\"><\/iframe><\/p>\n<h4 class=\\\"p1\\\"><span class=\\\"s1\\\">La suite de l\u2019article se trouve dans le prochain num\u00e9ro d\u2019Isra\u00ebl Magazine<\/span><\/h4>\n<p class=\\\"p1\\\"><span class=\\\"s1\\\">S\u2019abonner au magazine par t\u00e9l\u00e9phone ou par whats app 00972 (0) 54 254 45 20 ou au 0186982727\u00a0\u00a0\u00a0<\/span><\/p>\n<p class=\\\"p2\\\"><span class=\\\"s2\\\">Par email\u00a0\u00a0<a href=\\\"mailto:Andredarmon78@gmail.com\\\"><span class=\\\"s3\\\">Andredarmon78@gmail.com<\/span><\/a><\/span><\/p>\n<p class=\\\"p1\\\"><span class=\\\"s1\\\">Ou directement sur le site\u00a0<a href=\\\"http:\/\/www.israelmagazine.co.il\/\\\"><span class=\\\"s4\\\">www.israelmagazine.co.il<\/span><\/a><\/span><\/p>\n<p class=\\\"p1\\\"><span class=\\\"s1\\\">D\u00e9couvrez un exemplaire du magazine gratuitement et cliquez sur le rebord droit du mag<\/span><\/p>\n<p><a href=\\\"https:\/\/israelmagazine.co.il\/sabonner-au-magazine\/\\\" target=\\\"_blank\\\" rel=\\\"noopener noreferrer\\\"><img class=\\\"wp-image-53593 aligncenter\\\" src=\\\"https:\/\/israelmagazine.co.il\/wp-content\/uploads\/2020\/03\/camp-ABO1-1200x628-300x157.jpg\\\" alt=\\\"camp-ABO1-1200x628\\\" width=\\\"464\\\" height=\\\"259\\\" \/><\/a><\/p>\n<p class=\\\"p2\\\"><span class=\\\"s5\\\"><a href=\\\"https:\/\/fr.calameo.com\/read\/0010965002cfce9dee566?authid=IRnvqb59CRHm\\\" target=\\\"_blank\\\" rel=\\\"noopener noreferrer\\\">https:\/\/fr.calameo.com\/read\/0010965002cfce9dee566?authid=IRnvqb59CRHm<\/a><\/span><\/p>\n","protected":false},"excerpt":{"rendered":"<p>Depuis l\\&rsquo;arriv\u00e9e au pouvoir de Recep Tayyip Erdo\u011fan et de son parti, l\\&rsquo;AKP, en 2002 jusqu\\&rsquo;aux environs de 2016, les observateurs de la Turquie aux \u00c9tats-Unis se sont divis\u00e9s sur la question de savoir si la Turquie \u00e9tait toujours un alli\u00e9. En r\u00e9alit\u00e9, ce d\u00e9bat a perdur\u00e9 en raison d\\&rsquo;une certaine nostalgie alors qu\\&rsquo;il \u00e9tait &hellip;<\/p>\n<p class=\"read-more\"> <a class=\"\" href=\"https:\/\/israelmagazine.net\/?p=53918\"> <span class=\"screen-reader-text\">Le retour de la Turquie d\\&rsquo;Erdo\u011fan n\\&rsquo;est pas pour maintenant<\/span> Lire la suite \u00bb<\/a><\/p>\n","protected":false},"author":4,"featured_media":53919,"comment_status":"open","ping_status":"open","sticky":false,"template":"","format":"standard","meta":{"site-sidebar-layout":"default","site-content-layout":"default","ast-global-header-display":"","ast-main-header-display":"","ast-hfb-above-header-display":"","ast-hfb-below-header-display":"","ast-hfb-mobile-header-display":"","site-post-title":"","ast-breadcrumbs-content":"","ast-featured-img":"","footer-sml-layout":"","theme-transparent-header-meta":"","adv-header-id-meta":"","stick-header-meta":"","header-above-stick-meta":"","header-main-stick-meta":"","header-below-stick-meta":""},"categories":[1687,84,1621,1609,1767,1613,1623,1191],"tags":[2506,2507],"sujet":[],"_links":{"self":[{"href":"https:\/\/israelmagazine.net\/index.php?rest_route=\/wp\/v2\/posts\/53918"}],"collection":[{"href":"https:\/\/israelmagazine.net\/index.php?rest_route=\/wp\/v2\/posts"}],"about":[{"href":"https:\/\/israelmagazine.net\/index.php?rest_route=\/wp\/v2\/types\/post"}],"author":[{"embeddable":true,"href":"https:\/\/israelmagazine.net\/index.php?rest_route=\/wp\/v2\/users\/4"}],"replies":[{"embeddable":true,"href":"https:\/\/israelmagazine.net\/index.php?rest_route=%2Fwp%2Fv2%2Fcomments&post=53918"}],"version-history":[{"count":0,"href":"https:\/\/israelmagazine.net\/index.php?rest_route=\/wp\/v2\/posts\/53918\/revisions"}],"wp:featuredmedia":[{"embeddable":true,"href":"https:\/\/israelmagazine.net\/index.php?rest_route=\/"}],"wp:attachment":[{"href":"https:\/\/israelmagazine.net\/index.php?rest_route=%2Fwp%2Fv2%2Fmedia&parent=53918"}],"wp:term":[{"taxonomy":"category","embeddable":true,"href":"https:\/\/israelmagazine.net\/index.php?rest_route=%2Fwp%2Fv2%2Fcategories&post=53918"},{"taxonomy":"post_tag","embeddable":true,"href":"https:\/\/israelmagazine.net\/index.php?rest_route=%2Fwp%2Fv2%2Ftags&post=53918"},{"taxonomy":"sujet","embeddable":true,"href":"https:\/\/israelmagazine.net\/index.php?rest_route=%2Fwp%2Fv2%2Fsujet&post=53918"}],"curies":[{"name":"wp","href":"https:\/\/api.w.org\/{rel}","templated":true}]}}