{"id":53928,"date":"2020-04-24T13:31:50","date_gmt":"2020-04-24T11:31:50","guid":{"rendered":"https:\/\/israelmagazine.net\/?p=53928"},"modified":"2020-04-24T13:31:50","modified_gmt":"2020-04-24T11:31:50","slug":"la-vague-actuelle-du-covid-19-en-israel-est-terminee","status":"publish","type":"post","link":"https:\/\/israelmagazine.net\/?p=53928","title":{"rendered":"La vague actuelle du COVID-19 en Isra\u00ebl est termin\u00e9e"},"content":{"rendered":"<div class=\\\"PostContent\\\"><\/div>\n<div class=\\\"PostContent\\\">\n<h5>Le directeur g\u00e9n\u00e9ral adjoint du minist\u00e8re de la Sant\u00e9, le professeur\u00a0<span id=\\\"m_-5668110110586365836:182.1\\\">Itamar<\/span>\u00a0<span id=\\\"m_-5668110110586365836:182.2\\\">Grotto<\/span><\/h5>\n<p>&nbsp;<\/p>\n<h3 style=\\\"font-weight: 400;\\\"><strong>Le professeur Itamar Grotto pr\u00e9cise que, bien que les chiffres montrent une trajectoire positive, la r\u00e9ouverture trop rapide de l\\&rsquo;\u00e9conomie et du syst\u00e8me \u00e9ducatif pourrait conduire \u00e0 une autre \u00e9pid\u00e9mie massive de COVID-19 ; ajoute que le public doit s\\&rsquo;abstenir de c\u00e9l\u00e9brer les prochaines vacances.<\/strong><\/h3>\n<p style=\\\"font-weight: 400;\\\">\\\u00a0\u00bbNous pouvons dire que nous avons stopp\u00e9 la vague actuelle de l\\&rsquo;\u00e9pid\u00e9mie\\\u00a0\u00bb, a d\u00e9clar\u00e9 le num\u00e9ro 2 du minist\u00e8re de la Sant\u00e9.\u00a0 Il a toutefois averti qu\\&rsquo;une nouvelle vague de\u00a0COVID-19 pourrait \u00eatre imminente si l\\&rsquo;\u00e9conomie et le syst\u00e8me \u00e9ducatif \u00e9taient rouverts trop t\u00f4t. \\\u00a0\u00bbM\u00eame 200 nouveaux patients par jour pourraient \u00eatre l\\&rsquo;\u00e9tincelle d\\&rsquo;une nouvelle \u00e9pid\u00e9mie.\\\u00a0\u00bb<\/p>\n<p style=\\\"font-weight: 400;\\\">\\\u00a0\u00bbIl [la nouvelle vague] sera beaucoup plus difficile \u00e0 contenir contrairement \u00e0 il y a deux mois, o\u00f9 la plupart des personnes infect\u00e9es venaient de l\\&rsquo;\u00e9tranger et nous pouvions les mettre en quarantaine.\\\u00a0\u00bb<\/p>\n<p style=\\\"font-weight: 400;\\\">Le professeur\u00a0Grotto\u00a0a \u00e9galement abord\u00e9 la forte augmentation des infections au cours des derni\u00e8res 24 heures publi\u00e9es mercredi matin. \\\u00a0\u00bbCe n\\&rsquo;est pas correct de ne regarder que la hausse quotidienne, mais nous en sommes conscients et un peu troubl\u00e9s\\\u00a0\u00bb, a-t-il d\u00e9clar\u00e9. \\\u00a0\u00bbNous d\u00e9veloppons de nouvelles techniques pour estimer le nombre de patients que nous pouvons traiter \u00e0 un moment donn\u00e9, afin que nous puissions d\u00e9cider si nous pouvons aller de l\\&rsquo;avant avec l\\&rsquo;assouplissement des restrictions ou si nous devons les faire reculer.\\\u00a0\u00bb<\/p>\n<p style=\\\"font-weight: 400;\\\">Interrog\u00e9 sur le verrouillage probable du jour de l\\&rsquo;ind\u00e9pendance\u00a0d\\&rsquo;Isra\u00ebl\u00a0et des jours comm\u00e9moratifs, le professeur\u00a0Grotto\u00a0a d\u00e9clar\u00e9 que \\\u00a0\u00bbnous devons nous abstenir compl\u00e8tement des c\u00e9l\u00e9brations publiques\\\u00a0\u00bb. \\\u00a0\u00bbLes familles seront toujours autoris\u00e9es \u00e0 se rendre aux cimeti\u00e8res un jour avant le\u00a0Yom\u00a0Hazikarone, a-t-il dit, se r\u00e9f\u00e9rant \u00e0 la fermeture pr\u00e9vue de tous les cimeti\u00e8res militaires le\u00a0Memorial\u00a0Day. \\\u00a0\u00bbNous devons \u00e9galement tenir compte du fait que la majorit\u00e9 des personnes qui se rendront dans le groupe font partie des groupes \u00e0 risque en raison de leur \u00e2ge et nous devons nous assurer qu\\&rsquo;il n\\&rsquo;y aura aucun risque.\\\u00a0\u00bb \\\u00a0\u00bbEn ce qui concerne le Ramadan, nous nous concentrerons principalement sur l\\&rsquo;application [des directives] et sur la fermeture des magasins la nuit. Nous voulons que les gens prient \u00e0 la maison et non dans les mosqu\u00e9es. Je m\\&rsquo;attends \u00e0 ce que la population arabe adh\u00e8re aux de nouvelles restrictions \\\u00a0\u00bb,\u00a0at-il dit.<\/p>\n<p style=\\\"font-weight: 400;\\\">Le directeur g\u00e9n\u00e9ral adjoint a \u00e9galement d\u00e9clar\u00e9 que le minist\u00e8re de la Sant\u00e9 surveillait de pr\u00e8s des pays comme le\u00a0Danemark, qui avaient d\u00e9cid\u00e9 de rouvrir progressivement son syst\u00e8me \u00e9ducatif.<\/p>\n<p style=\\\"font-weight: 400;\\\">\\\u00a0\u00bbNous avons plusieurs plans pour rouvrir le syst\u00e8me \u00e9ducatif\\\u00a0\u00bb, a d\u00e9clar\u00e9\u00a0Grotto. \u00abCependant, si nous rouvrons le syst\u00e8me \u00e9ducatif, il est clair pour nous qu\\&rsquo;il y aura plus de patients.\u00a0L\\&rsquo;\u00c9tat\u00a0doit d\u00e9cider du niveau de risque qu\\&rsquo;il est pr\u00eat \u00e0 prendre. \\\u00a0\u00bb Commentant\u00a0Singapour, qui compte une forte augmentation de patients apr\u00e8s avoir proclam\u00e9 qu\\&rsquo;ils avaient r\u00e9ussi \u00e0 contenir le virus, le professeur\u00a0Grotto\u00a0a d\u00e9clar\u00e9 qu\\&rsquo;il esp\u00e9rait\u00a0qu\\&rsquo;Isra\u00ebl\u00a0ne se retrouverait pas dans une situation similaire \u00e0 l\\&rsquo;avenir.<\/p>\n<p style=\\\"font-weight: 400;\\\">\\\u00a0\u00bbNous essayons toujours de marcher sur la corde raide entre l\\&rsquo;ouverture de l\\&rsquo;\u00e9conomie et le taux d\\&rsquo;infection, donc nous devons tout faire lentement et progressivement\\\u00a0\u00bb, a d\u00e9clar\u00e9\u00a0Grotto.<\/p>\n<p>&nbsp;<\/p>\n<\/div>\n<blockquote class=\"wp-embedded-content\" data-secret=\"CRMYtEj5sO\"><p><a href=\"https:\/\/israelmagazine.co.il\/coronavirus-la-chine-et-le-defi-au-judaisme\/\">Coronavirus : la Chine et le d\u00e9fi au Juda\u00efsme<\/a><\/p><\/blockquote>\n<p><iframe class=\"wp-embedded-content\" sandbox=\"allow-scripts\" security=\"restricted\" style=\"position: absolute; clip: rect(1px, 1px, 1px, 1px);\" title=\"\u00ab\u00a0Coronavirus : la Chine et le d\u00e9fi au Juda\u00efsme\u00a0\u00bb &#8212; Israel Magazine\" src=\"https:\/\/israelmagazine.co.il\/coronavirus-la-chine-et-le-defi-au-judaisme\/embed\/#?secret=zZkoE3q86H#?secret=CRMYtEj5sO\" data-secret=\"CRMYtEj5sO\" width=\"500\" height=\"282\" frameborder=\"0\" marginwidth=\"0\" marginheight=\"0\" scrolling=\"no\"><\/iframe><\/p>\n<h4 class=\\\"p1\\\"><span class=\\\"s1\\\">La suite de l\u2019article se trouve dans le prochain num\u00e9ro d\u2019Isra\u00ebl Magazine<\/span><\/h4>\n<p class=\\\"p1\\\"><span class=\\\"s1\\\">S\u2019abonner au magazine par t\u00e9l\u00e9phone ou par whats app 00972 (0) 54 254 45 20 ou au 0186982727\u00a0\u00a0\u00a0<\/span><\/p>\n<p class=\\\"p2\\\"><span class=\\\"s2\\\">Par email\u00a0\u00a0<a href=\\\"mailto:Andredarmon78@gmail.com\\\"><span class=\\\"s3\\\">Andredarmon78@gmail.com<\/span><\/a><\/span><\/p>\n<p class=\\\"p1\\\"><span class=\\\"s1\\\">Ou directement sur le site\u00a0<a href=\\\"http:\/\/www.israelmagazine.co.il\/\\\"><span class=\\\"s4\\\">www.israelmagazine.co.il<\/span><\/a><\/span><\/p>\n<p class=\\\"p1\\\"><span class=\\\"s1\\\">D\u00e9couvrez un exemplaire du magazine gratuitement et cliquez sur le rebord droit du mag<\/span><\/p>\n<p><a href=\\\"https:\/\/israelmagazine.co.il\/sabonner-au-magazine\/\\\" target=\\\"_blank\\\" rel=\\\"noopener noreferrer\\\"><img class=\\\"wp-image-53593 aligncenter\\\" src=\\\"https:\/\/israelmagazine.co.il\/wp-content\/uploads\/2020\/03\/camp-ABO1-1200x628-300x157.jpg\\\" alt=\\\"camp-ABO1-1200x628\\\" width=\\\"464\\\" height=\\\"259\\\" \/><\/a><\/p>\n<p class=\\\"p2\\\"><span class=\\\"s5\\\"><a href=\\\"https:\/\/fr.calameo.com\/read\/0010965002cfce9dee566?authid=IRnvqb59CRHm\\\" target=\\\"_blank\\\" rel=\\\"noopener noreferrer\\\">https:\/\/fr.calameo.com\/read\/0010965002cfce9dee566?authid=IRnvqb59CRHm<\/a><\/span><\/p>\n","protected":false},"excerpt":{"rendered":"<p>Le directeur g\u00e9n\u00e9ral adjoint du minist\u00e8re de la Sant\u00e9, le professeur\u00a0Itamar\u00a0Grotto &nbsp; Le professeur Itamar Grotto pr\u00e9cise que, bien que les chiffres montrent une trajectoire positive, la r\u00e9ouverture trop rapide de l\\&rsquo;\u00e9conomie et du syst\u00e8me \u00e9ducatif pourrait conduire \u00e0 une autre \u00e9pid\u00e9mie massive de COVID-19 ; ajoute que le public doit s\\&rsquo;abstenir de c\u00e9l\u00e9brer les &hellip;<\/p>\n<p class=\"read-more\"> <a class=\"\" href=\"https:\/\/israelmagazine.net\/?p=53928\"> <span class=\"screen-reader-text\">La vague actuelle du COVID-19 en Isra\u00ebl est termin\u00e9e<\/span> Lire la suite \u00bb<\/a><\/p>\n","protected":false},"author":4,"featured_media":53929,"comment_status":"open","ping_status":"open","sticky":false,"template":"","format":"standard","meta":{"site-sidebar-layout":"default","site-content-layout":"default","ast-global-header-display":"","ast-main-header-display":"","ast-hfb-above-header-display":"","ast-hfb-below-header-display":"","ast-hfb-mobile-header-display":"","site-post-title":"","ast-breadcrumbs-content":"","ast-featured-img":"","footer-sml-layout":"","theme-transparent-header-meta":"","adv-header-id-meta":"","stick-header-meta":"","header-above-stick-meta":"","header-main-stick-meta":"","header-below-stick-meta":""},"categories":[1687,84,1621,1609,1767,1613,1618,1619],"tags":[2131,2510,2511],"sujet":[],"_links":{"self":[{"href":"https:\/\/israelmagazine.net\/index.php?rest_route=\/wp\/v2\/posts\/53928"}],"collection":[{"href":"https:\/\/israelmagazine.net\/index.php?rest_route=\/wp\/v2\/posts"}],"about":[{"href":"https:\/\/israelmagazine.net\/index.php?rest_route=\/wp\/v2\/types\/post"}],"author":[{"embeddable":true,"href":"https:\/\/israelmagazine.net\/index.php?rest_route=\/wp\/v2\/users\/4"}],"replies":[{"embeddable":true,"href":"https:\/\/israelmagazine.net\/index.php?rest_route=%2Fwp%2Fv2%2Fcomments&post=53928"}],"version-history":[{"count":0,"href":"https:\/\/israelmagazine.net\/index.php?rest_route=\/wp\/v2\/posts\/53928\/revisions"}],"wp:featuredmedia":[{"embeddable":true,"href":"https:\/\/israelmagazine.net\/index.php?rest_route=\/"}],"wp:attachment":[{"href":"https:\/\/israelmagazine.net\/index.php?rest_route=%2Fwp%2Fv2%2Fmedia&parent=53928"}],"wp:term":[{"taxonomy":"category","embeddable":true,"href":"https:\/\/israelmagazine.net\/index.php?rest_route=%2Fwp%2Fv2%2Fcategories&post=53928"},{"taxonomy":"post_tag","embeddable":true,"href":"https:\/\/israelmagazine.net\/index.php?rest_route=%2Fwp%2Fv2%2Ftags&post=53928"},{"taxonomy":"sujet","embeddable":true,"href":"https:\/\/israelmagazine.net\/index.php?rest_route=%2Fwp%2Fv2%2Fsujet&post=53928"}],"curies":[{"name":"wp","href":"https:\/\/api.w.org\/{rel}","templated":true}]}}