{"id":54015,"date":"2020-05-11T11:09:51","date_gmt":"2020-05-11T09:09:51","guid":{"rendered":"https:\/\/israelmagazine.net\/?p=54015"},"modified":"2020-05-11T11:09:51","modified_gmt":"2020-05-11T09:09:51","slug":"a-la-veille-du-proces-de-bibi-le-24-mai-les-attaques-contre-mandelblit-redoublent","status":"publish","type":"post","link":"https:\/\/israelmagazine.net\/?p=54015","title":{"rendered":"A la veille du proc\u00e8s de Bibi, le 24 mai, les attaques contre Mandelblit redoublent"},"content":{"rendered":"<h5 style=\\\"font-weight: 400;\\\"><strong>Le procureur g\u00e9n\u00e9ral Avi\\&rsquo;hai Mandelblit inculpe Benjamin Netanyahu, Photo: GPO<\/strong><\/h5>\n<p>&nbsp;<\/p>\n<h3 style=\\\"font-weight: 400;\\\"><strong>Le but du Premier ministre est d\\&rsquo;arriver devant le tribunal apr\u00e8s que Mandelblit ait \u00e9t\u00e9 d\u00e9shonor\u00e9, comme s\\&rsquo;il \u00e9tait lui-m\u00eame un criminel \\&rsquo;\\&rsquo;, a d\u00e9clar\u00e9 un responsable du parquet.\u00a0 Les partisans du Premier ministre assi\u00e9g\u00e9 sont persuad\u00e9s d\\&rsquo;avoir des preuves des m\u00e9faits du conseiller juridique du Gouvernement<\/strong><\/h3>\n<p style=\\\"font-weight: 400;\\\">Apr\u00e8s que la Haute Cour a statu\u00e9 mercredi qu\\&rsquo;un Premier ministre inculp\u00e9 peut effectivement former un gouvernement, les proches collaborateurs de Netanyahou tenteront de pr\u00e9senter Mandelblit comme l\\&rsquo;accus\u00e9 plut\u00f4t que l\\&rsquo;accusateur\\\u00a0\u00bb, a d\u00e9clar\u00e9 un haut responsable du bureau du procureur.<\/p>\n<p style=\\\"font-weight: 400;\\\">Le but, a-t-il dit, est de montrer que durant son mandat en tant que procureur g\u00e9n\u00e9ral militaire, Mandelblit \\\u00a0\u00bba aid\u00e9 le chef d\\&rsquo;\u00e9tat-major des FDI, Gabi Ashkenazi, lors de l\\&rsquo;affaire Harpaz . Ce r\u00e9cit d\u00e9peindra Mandelblit comme indigne de mener des poursuites contre Netanyahou\\\u00a0\u00bb.<\/p>\n<p style=\\\"font-weight: 400;\\\">Vendredi, la pr\u00e9sentatrice de la cha\u00eene 13, Ayala Hasson, a d\u00e9clar\u00e9 qu\\&rsquo;elle avait fait un enregistrement lors de l\\&rsquo;affaire de 2010, dans lequel un document affirmait que Yoav Galant avait \u00e9t\u00e9 sali afin de garantir le poste de chef des FDI a un proche d\\&rsquo;Ashkenazi, en l\\&rsquo;occurrence Beny Gantz.<\/p>\n<p style=\\\"font-weight: 400;\\\">Le document \u00e9tait en fait une contrefa\u00e7on produite par Boaz Harpaz, un ancien officier du renseignement militaire et associ\u00e9 d\\&rsquo;Ashkenazi, dans le but de discr\u00e9diter Galant..<\/p>\n<p style=\\\"font-weight: 400;\\\">Galant a par la suite innocent\u00e9 mais Ashkenazi a finalement \u00e9t\u00e9 remplac\u00e9 par Benny Gantz, qui est maintenant son partenaire politique dans Cahol Laban.<\/p>\n<p style=\\\"font-weight: 400;\\\">Mandelblit a ensuite \u00e9t\u00e9 accus\u00e9 d\\&rsquo;avoir cach\u00e9 le fait qu\\&rsquo;Ashkenazi avait en sa possession le faux document, bien que la Haute Cour ait par la suite statu\u00e9 qu\\&rsquo;il n\\&rsquo;y avait eu aucune faute de sa part.<\/p>\n<p style=\\\"font-weight: 400;\\\">Selon Hasson, l\\&rsquo;enregistrement est d\\&rsquo;une conversation de 2010 entre Mandelblit et Ashkenazi, et bien que son contenu soit sous s\u00e9questre, elle pr\u00e9tend que c\\&rsquo;est la preuve de l\\&rsquo;implication indue de Mandelblit dans l\\&rsquo;affaire.<\/p>\n<p style=\\\"font-weight: 400;\\\">\\\u00a0\u00bbMandelblit est cuit\\\u00a0\u00bb, ont \u00e9crit les abonn\u00e9s de Netanyahou sur Twitter \u00e0 la suite du rapport de Hasson. \u00ab Il est maintenant temps d\\&rsquo;insister pour que le proc\u00e8s honteux contre Netanyahou soit abandonn\u00e9. \u00bb\u00a0Une vid\u00e9o incitant contre Mandelblit a \u00e9t\u00e9 partag\u00e9e par des militants de droite qui s\\&rsquo;opposent aux poursuites judiciaires contre Netanyahou..<\/p>\n<p style=\\\"font-weight: 400;\\\">Le parquet a d\u00e9clar\u00e9 que des informations partielles et partiales \u00e9taient diffus\u00e9es sur les m\u00e9dias sociaux afin de fausser les faits et de se concentrer sur les all\u00e9gations contre Mandelblit, plut\u00f4t que de se concentrer sur les accusations port\u00e9es contre Netanyahou.<\/p>\n<p style=\\\"font-weight: 400;\\\">\\\u00a0\u00bbSur cette base, certains d\u00e9put\u00e9s et ministres du Likoud appellent le procureur g\u00e9n\u00e9ral \u00e0 d\u00e9missionner\\\u00a0\u00bb, a d\u00e9clar\u00e9 le parquet.<\/p>\n<p style=\\\"font-weight: 400;\\\">Le ministre de la Justice sortant Amir Ohana<\/p>\n<p style=\\\"font-weight: 400;\\\">Pendant ce temps, le ministre de la Justice, Amir Ohana, qui quittera son poste avec la prestation de serment du nouveau gouvernement, a clairement fait savoir qu\\&rsquo;il avait l\\&rsquo;intention d\\&rsquo;exiger une enqu\u00eate approfondie du parquet. Si le contr\u00f4leur de l\\&rsquo;\u00c9tat s\\&rsquo;abstient de mener l\\&rsquo;enqu\u00eate, j\\&rsquo;envisagerais de cr\u00e9er une commission d\\&rsquo;enqu\u00eate gouvernementale pour proc\u00e9der \u00e0 un examen complet de toutes les all\u00e9gations graves \\\u00a0\u00bb\\\u00a0\u00bb, a \u00e9crit Ohana sur les r\u00e9seaux sociaux.<\/p>\n<blockquote class=\"wp-embedded-content\" data-secret=\"TAXSO1px5x\"><p><a href=\"https:\/\/israelmagazine.co.il\/bill-gates-le-prophete\/\">Bill Gates le Proph\u00e8te ?<\/a><\/p><\/blockquote>\n<p><iframe class=\"wp-embedded-content\" sandbox=\"allow-scripts\" security=\"restricted\" style=\"position: absolute; clip: rect(1px, 1px, 1px, 1px);\" title=\"\u00ab\u00a0Bill Gates le Proph\u00e8te ?\u00a0\u00bb &#8212; Israel Magazine\" src=\"https:\/\/israelmagazine.co.il\/bill-gates-le-prophete\/embed\/#?secret=zse5v8ecQa#?secret=TAXSO1px5x\" data-secret=\"TAXSO1px5x\" width=\"500\" height=\"282\" frameborder=\"0\" marginwidth=\"0\" marginheight=\"0\" scrolling=\"no\"><\/iframe><\/p>\n<h4 class=\\\"p1\\\"><span class=\\\"s1\\\">La suite de l\u2019article se trouve dans le prochain num\u00e9ro d\u2019Isra\u00ebl Magazine<\/span><\/h4>\n<p class=\\\"p1\\\"><span class=\\\"s1\\\">S\u2019abonner au magazine par t\u00e9l\u00e9phone ou par whats app 00972 (0) 54 254 45 20 ou au 0186982727\u00a0\u00a0\u00a0<\/span><\/p>\n<p class=\\\"p2\\\"><span class=\\\"s2\\\">Par email\u00a0\u00a0<a href=\\\"mailto:Andredarmon78@gmail.com\\\"><span class=\\\"s3\\\">Andredarmon78@gmail.com<\/span><\/a><\/span><\/p>\n<p class=\\\"p1\\\"><span class=\\\"s1\\\">Ou directement sur le site\u00a0<a href=\\\"http:\/\/www.israelmagazine.co.il\/\\\"><span class=\\\"s4\\\">www.israelmagazine.co.il<\/span><\/a><\/span><\/p>\n<p class=\\\"p1\\\"><span class=\\\"s1\\\">D\u00e9couvrez un exemplaire du magazine gratuitement et cliquez sur le rebord droit du mag<\/span><\/p>\n<p><a href=\\\"https:\/\/israelmagazine.co.il\/sabonner-au-magazine\/\\\" target=\\\"_blank\\\" rel=\\\"noopener noreferrer\\\"><img class=\\\"wp-image-53593 aligncenter\\\" src=\\\"https:\/\/israelmagazine.co.il\/wp-content\/uploads\/2020\/03\/camp-ABO1-1200x628-300x157.jpg\\\" alt=\\\"camp-ABO1-1200x628\\\" width=\\\"464\\\" height=\\\"259\\\" \/><\/a><\/p>\n<p class=\\\"p2\\\"><span class=\\\"s5\\\"><a href=\\\"https:\/\/fr.calameo.com\/read\/0010965002cfce9dee566?authid=IRnvqb59CRHm\\\" target=\\\"_blank\\\" rel=\\\"noopener noreferrer\\\">https:\/\/fr.calameo.com\/read\/0010965002cfce9dee566?authid=IRnvqb59CRHm<\/a><\/span><\/p>\n","protected":false},"excerpt":{"rendered":"<p>Le procureur g\u00e9n\u00e9ral Avi\\&rsquo;hai Mandelblit inculpe Benjamin Netanyahu, Photo: GPO &nbsp; Le but du Premier ministre est d\\&rsquo;arriver devant le tribunal apr\u00e8s que Mandelblit ait \u00e9t\u00e9 d\u00e9shonor\u00e9, comme s\\&rsquo;il \u00e9tait lui-m\u00eame un criminel \\&rsquo;\\&rsquo;, a d\u00e9clar\u00e9 un responsable du parquet.\u00a0 Les partisans du Premier ministre assi\u00e9g\u00e9 sont persuad\u00e9s d\\&rsquo;avoir des preuves des m\u00e9faits du conseiller &hellip;<\/p>\n<p class=\"read-more\"> <a class=\"\" href=\"https:\/\/israelmagazine.net\/?p=54015\"> <span class=\"screen-reader-text\">A la veille du proc\u00e8s de Bibi, le 24 mai, les attaques contre Mandelblit redoublent<\/span> Lire la suite \u00bb<\/a><\/p>\n","protected":false},"author":4,"featured_media":54016,"comment_status":"open","ping_status":"open","sticky":false,"template":"","format":"standard","meta":{"site-sidebar-layout":"default","site-content-layout":"default","ast-global-header-display":"","ast-main-header-display":"","ast-hfb-above-header-display":"","ast-hfb-below-header-display":"","ast-hfb-mobile-header-display":"","site-post-title":"","ast-breadcrumbs-content":"","ast-featured-img":"","footer-sml-layout":"","theme-transparent-header-meta":"","adv-header-id-meta":"","stick-header-meta":"","header-above-stick-meta":"","header-main-stick-meta":"","header-below-stick-meta":""},"categories":[1687,84,1621,1767,1613,1191],"tags":[2556,2379,2557,2558,2559,2560],"sujet":[],"_links":{"self":[{"href":"https:\/\/israelmagazine.net\/index.php?rest_route=\/wp\/v2\/posts\/54015"}],"collection":[{"href":"https:\/\/israelmagazine.net\/index.php?rest_route=\/wp\/v2\/posts"}],"about":[{"href":"https:\/\/israelmagazine.net\/index.php?rest_route=\/wp\/v2\/types\/post"}],"author":[{"embeddable":true,"href":"https:\/\/israelmagazine.net\/index.php?rest_route=\/wp\/v2\/users\/4"}],"replies":[{"embeddable":true,"href":"https:\/\/israelmagazine.net\/index.php?rest_route=%2Fwp%2Fv2%2Fcomments&post=54015"}],"version-history":[{"count":0,"href":"https:\/\/israelmagazine.net\/index.php?rest_route=\/wp\/v2\/posts\/54015\/revisions"}],"wp:featuredmedia":[{"embeddable":true,"href":"https:\/\/israelmagazine.net\/index.php?rest_route=\/"}],"wp:attachment":[{"href":"https:\/\/israelmagazine.net\/index.php?rest_route=%2Fwp%2Fv2%2Fmedia&parent=54015"}],"wp:term":[{"taxonomy":"category","embeddable":true,"href":"https:\/\/israelmagazine.net\/index.php?rest_route=%2Fwp%2Fv2%2Fcategories&post=54015"},{"taxonomy":"post_tag","embeddable":true,"href":"https:\/\/israelmagazine.net\/index.php?rest_route=%2Fwp%2Fv2%2Ftags&post=54015"},{"taxonomy":"sujet","embeddable":true,"href":"https:\/\/israelmagazine.net\/index.php?rest_route=%2Fwp%2Fv2%2Fsujet&post=54015"}],"curies":[{"name":"wp","href":"https:\/\/api.w.org\/{rel}","templated":true}]}}