{"id":54021,"date":"2020-05-12T13:11:17","date_gmt":"2020-05-12T11:11:17","guid":{"rendered":"https:\/\/israelmagazine.net\/?p=54021"},"modified":"2020-05-12T13:11:17","modified_gmt":"2020-05-12T11:11:17","slug":"gilad-erdan-nouvel-ambassadeur-des-etats-unis-et-de-lonu","status":"publish","type":"post","link":"https:\/\/israelmagazine.net\/?p=54021","title":{"rendered":"Gilad Erdan nouvel ambassadeur des \u00c9tats-Unis et de l\\&rsquo;ONU"},"content":{"rendered":"<div>\n<div>\n<div>\n<h3><span>Gilad Erdan remplacera Danny Danon comme ambassadeur aux Nations Unies et Ron Dermer comme ambassadeur aux \u00c9tats-Unis;\u00a0un accord intervient alors que le Premier ministre cherche plus de latitude avec les nominations minist\u00e9rielles<\/span><\/h3>\n<\/div>\n<\/div>\n<\/div>\n<div>\n<div>\n<div>\n<div>\n<div>\n<div>\n<div>\n<div><span>Le ministre de la S\u00e9curit\u00e9 publique, Gilad Erdan, se rendra aux \u00c9tats-Unis apr\u00e8s avoir accept\u00e9 l\\&rsquo;offre du Premier ministre Benjamin Netanyahou de devenir le prochain ambassadeur d\\&rsquo;Isra\u00ebl aupr\u00e8s des Nations Unies, en remplacement de Danny Danon.<\/span><\/div>\n<\/div>\n<div>\n<div>Mais dans une d\u00e9marche non conventionnelle, le bureau du Premier ministre a \u00e9galement annonc\u00e9 qu\\&rsquo;Erdan succ\u00e9derait en tant que prochain ambassadeur du pays aux \u00c9tats-Unis \u00e0 Ron Dermer, qui est \u00e0 Washington depuis juillet 2013.<\/div>\n<div>\n<div><span>\\\u00a0\u00bbJe suis fier et \u00e9mu de l\\&rsquo;honneur de me battre pour la justice de notre cause sur la sc\u00e8ne internationale et de d\u00e9fendre Isra\u00ebl face aux d\u00e9fis \u00e0 venir\\\u00a0\u00bb, a d\u00e9clar\u00e9 Erdan dans un communiqu\u00e9.<\/span><\/div>\n<\/div>\n<div>\n<div><span>On ne sait pas encore comment Erdan jonglera entre les responsabilit\u00e9s des deux bureaux, mais un porte-parole de son bureau a d\u00e9clar\u00e9 qu\\&rsquo;il \u00e9tait confiant de pouvoir g\u00e9rer chaque r\u00f4le efficacement et de voyager entre Washington DC et New York.<\/span><\/div>\n<\/div>\n<div>\n<div><span>Erdan a h\u00e9sit\u00e9 \u00e0 assumer un r\u00f4le diplomatique dans le pass\u00e9, rejetant plusieurs offres ces derni\u00e8res ann\u00e9es, mais a finalement \u00e9t\u00e9 convaincu apr\u00e8s avoir rencontr\u00e9 Netanyah\u05ddu \u00e0 J\u00e9rusalem ce week-end.<\/span><\/div>\n<\/div>\n<div>\n<div><span>Netanyah\u05ddu aura d\u00e9sormais plus de latitude pour nommer les ministres.<\/span><\/div>\n<\/div>\n<\/div>\n<\/div>\n<\/div>\n<\/div>\n<\/div>\n<\/div>\n<\/div>\n<p>&nbsp;<\/p>\n<blockquote class=\"wp-embedded-content\" data-secret=\"aB21h2UFwp\"><p><a href=\"https:\/\/israelmagazine.co.il\/bill-gates-le-prophete\/\">Bill Gates le Proph\u00e8te ?<\/a><\/p><\/blockquote>\n<p><iframe class=\"wp-embedded-content\" sandbox=\"allow-scripts\" security=\"restricted\" style=\"position: absolute; clip: rect(1px, 1px, 1px, 1px);\" title=\"\u00ab\u00a0Bill Gates le Proph\u00e8te ?\u00a0\u00bb &#8212; Israel Magazine\" src=\"https:\/\/israelmagazine.co.il\/bill-gates-le-prophete\/embed\/#?secret=ZyYN0JSRqz#?secret=aB21h2UFwp\" data-secret=\"aB21h2UFwp\" width=\"500\" height=\"282\" frameborder=\"0\" marginwidth=\"0\" marginheight=\"0\" scrolling=\"no\"><\/iframe><\/p>\n<h4 class=\\\"p1\\\"><span class=\\\"s1\\\">La suite de l\u2019article se trouve dans le prochain num\u00e9ro d\u2019Isra\u00ebl Magazine<\/span><\/h4>\n<p class=\\\"p1\\\"><span class=\\\"s1\\\">S\u2019abonner au magazine par t\u00e9l\u00e9phone ou par whats app 00972 (0) 54 254 45 20 ou au 0186982727\u00a0\u00a0\u00a0<\/span><\/p>\n<p class=\\\"p2\\\"><span class=\\\"s2\\\">Par email\u00a0\u00a0<a href=\\\"mailto:Andredarmon78@gmail.com\\\"><span class=\\\"s3\\\">Andredarmon78@gmail.com<\/span><\/a><\/span><\/p>\n<p class=\\\"p1\\\"><span class=\\\"s1\\\">Ou directement sur le site\u00a0<a href=\\\"http:\/\/www.israelmagazine.co.il\/\\\"><span class=\\\"s4\\\">www.israelmagazine.co.il<\/span><\/a><\/span><\/p>\n<p class=\\\"p1\\\"><span class=\\\"s1\\\">D\u00e9couvrez un exemplaire du magazine gratuitement et cliquez sur le rebord droit du mag<\/span><\/p>\n<p><a href=\\\"https:\/\/israelmagazine.co.il\/sabonner-au-magazine\/\\\" target=\\\"_blank\\\" rel=\\\"noopener noreferrer\\\"><img class=\\\"wp-image-53593 aligncenter\\\" src=\\\"https:\/\/israelmagazine.co.il\/wp-content\/uploads\/2020\/03\/camp-ABO1-1200x628-300x157.jpg\\\" alt=\\\"camp-ABO1-1200x628\\\" width=\\\"464\\\" height=\\\"259\\\" \/><\/a><\/p>\n<p class=\\\"p2\\\"><span class=\\\"s5\\\"><a href=\\\"https:\/\/fr.calameo.com\/read\/0010965002cfce9dee566?authid=IRnvqb59CRHm\\\" target=\\\"_blank\\\" rel=\\\"noopener noreferrer\\\">https:\/\/fr.calameo.com\/read\/0010965002cfce9dee566?authid=IRnvqb59CRHm<\/a><\/span><\/p>\n","protected":false},"excerpt":{"rendered":"<p>Gilad Erdan remplacera Danny Danon comme ambassadeur aux Nations Unies et Ron Dermer comme ambassadeur aux \u00c9tats-Unis;\u00a0un accord intervient alors que le Premier ministre cherche plus de latitude avec les nominations minist\u00e9rielles Le ministre de la S\u00e9curit\u00e9 publique, Gilad Erdan, se rendra aux \u00c9tats-Unis apr\u00e8s avoir accept\u00e9 l\\&rsquo;offre du Premier ministre Benjamin Netanyahou de devenir &hellip;<\/p>\n<p class=\"read-more\"> <a class=\"\" href=\"https:\/\/israelmagazine.net\/?p=54021\"> <span class=\"screen-reader-text\">Gilad Erdan nouvel ambassadeur des \u00c9tats-Unis et de l\\&rsquo;ONU<\/span> Lire la suite \u00bb<\/a><\/p>\n","protected":false},"author":4,"featured_media":54022,"comment_status":"open","ping_status":"open","sticky":false,"template":"","format":"standard","meta":{"site-sidebar-layout":"default","site-content-layout":"default","ast-global-header-display":"","ast-main-header-display":"","ast-hfb-above-header-display":"","ast-hfb-below-header-display":"","ast-hfb-mobile-header-display":"","site-post-title":"","ast-breadcrumbs-content":"","ast-featured-img":"","footer-sml-layout":"","theme-transparent-header-meta":"","adv-header-id-meta":"","stick-header-meta":"","header-above-stick-meta":"","header-main-stick-meta":"","header-below-stick-meta":""},"categories":[1687,84,1621,1767,1679,1613,1191],"tags":[376],"sujet":[],"_links":{"self":[{"href":"https:\/\/israelmagazine.net\/index.php?rest_route=\/wp\/v2\/posts\/54021"}],"collection":[{"href":"https:\/\/israelmagazine.net\/index.php?rest_route=\/wp\/v2\/posts"}],"about":[{"href":"https:\/\/israelmagazine.net\/index.php?rest_route=\/wp\/v2\/types\/post"}],"author":[{"embeddable":true,"href":"https:\/\/israelmagazine.net\/index.php?rest_route=\/wp\/v2\/users\/4"}],"replies":[{"embeddable":true,"href":"https:\/\/israelmagazine.net\/index.php?rest_route=%2Fwp%2Fv2%2Fcomments&post=54021"}],"version-history":[{"count":0,"href":"https:\/\/israelmagazine.net\/index.php?rest_route=\/wp\/v2\/posts\/54021\/revisions"}],"wp:featuredmedia":[{"embeddable":true,"href":"https:\/\/israelmagazine.net\/index.php?rest_route=\/"}],"wp:attachment":[{"href":"https:\/\/israelmagazine.net\/index.php?rest_route=%2Fwp%2Fv2%2Fmedia&parent=54021"}],"wp:term":[{"taxonomy":"category","embeddable":true,"href":"https:\/\/israelmagazine.net\/index.php?rest_route=%2Fwp%2Fv2%2Fcategories&post=54021"},{"taxonomy":"post_tag","embeddable":true,"href":"https:\/\/israelmagazine.net\/index.php?rest_route=%2Fwp%2Fv2%2Ftags&post=54021"},{"taxonomy":"sujet","embeddable":true,"href":"https:\/\/israelmagazine.net\/index.php?rest_route=%2Fwp%2Fv2%2Fsujet&post=54021"}],"curies":[{"name":"wp","href":"https:\/\/api.w.org\/{rel}","templated":true}]}}