{"id":54046,"date":"2020-05-14T12:29:04","date_gmt":"2020-05-14T10:29:04","guid":{"rendered":"https:\/\/israelmagazine.net\/?p=54046"},"modified":"2020-05-14T12:29:04","modified_gmt":"2020-05-14T10:29:04","slug":"pas-daccord-bibi-et-bennett-tiennent-leurs-derniers-pourparlers","status":"publish","type":"post","link":"https:\/\/israelmagazine.net\/?p=54046","title":{"rendered":"Pas d\\&rsquo;accord BIbi et Bennett tiennent leurs derniers pourparlers"},"content":{"rendered":"<div>\n<h3>Apr\u00e8s avoir refus\u00e9 l\\&rsquo;offre &#8211; qui comprendrait l\\&rsquo;\u00e9ducation, le portefeuille des affaires Jerusalem, le poste de vice-ministre et la pr\u00e9sidence du comit\u00e9 de la Knesset &#8211; la d\u00e9cision du leader de Yamina sur les tweets est celle de Netanyahou<\/h3>\n<div>\n<div>\n<div>\n<div>\n<div>\n<div>\n<div>\n<div>\n<div><span>Le Premier ministre Benjamin Netanyahou et le leader de Yamina Naftali Bennett ont parl\u00e9 mercredi au t\u00e9l\u00e9phone et n\\&rsquo;ont pas r\u00e9ussi \u00e0 parvenir \u00e0 un accord sur l\\&rsquo;entr\u00e9e du parti sioniste religieux dans la coalition avant l\\&rsquo;investiture du nouveau gouvernement jeudi. <\/span><\/div>\n<\/div>\n<div>\n<div>\n<ul>\n<li><span>Suivez Ynetnews sur <\/span><a href=\\\"https:\/\/www.facebook.com\/ynetenglish\/\\\" target=\\\"_blank\\\" rel=\\\"noopener noreferrer\\\" data-saferedirecturl=\\\"https:\/\/www.google.com\/url?q=https:\/\/www.facebook.com\/ynetenglish\/&amp;source=gmail&amp;ust=1589528612210000&amp;usg=AFQjCNFYovMXB1puKwmMbsBAPz5qcKD3oQ\\\"><span>Facebook<\/span><\/a><span> et <\/span><a href=\\\"https:\/\/twitter.com\/ynetnews\\\" target=\\\"_blank\\\" rel=\\\"noopener noreferrer\\\" data-saferedirecturl=\\\"https:\/\/www.google.com\/url?q=https:\/\/twitter.com\/ynetnews&amp;source=gmail&amp;ust=1589528612210000&amp;usg=AFQjCNEfoI9lX1YUpbuq884jJDrjFKFzcw\\\"><span>Twitter<\/span><\/a><\/li>\n<\/ul>\n<\/div>\n<\/div>\n<div>\n<div><\/div>\n<\/div>\n<div>\n<div><span>Netanyahu a offert \u00e0 Bennett les portefeuilles de l\\&rsquo;\u00e9ducation et de J\u00e9rusalem et du patrimoine, ainsi qu\\&rsquo;un poste de sous-ministre supervisant les probl\u00e8mes vis-\u00e0-vis de la communaut\u00e9 religieuse sioniste et pr\u00e9sidant un comit\u00e9 de la Knesset.<\/span><\/div>\n<\/div>\n<div>\n<div><\/div>\n<p><a id=\\\"m_-8900935409273774496gmail-image_ArticleImageData.HJe100E9F98\\\"><\/a><img class=\\\"CToWUd a6T\\\" tabindex=\\\"0\\\" title=\\\"Le leader de Yamina Naftali Bennett et le Premier ministre Benjamin Netanyahu (Photo: Alex Kolomoisky)\\\" src=\\\"https:\/\/ci6.googleusercontent.com\/proxy\/YNzejHAWbiv7RCGkrYgLi3uDAgUkkSYdWkM2HWXKYctIy7Nhb4eGuYjqdm0J2fX7SgMNmAcfRcsJCecf2wKRrm_Pzm0TplNKP14E_TCixymYmgpO0vLGm5OGfWamPYmQywUN84Qoj0VxDvdkFIhXVLeCYLIU_w=s0-d-e1-ft#https:\/\/images1.ynet.co.il\/picserver5\/crop_images\/2020\/02\/19\/9794939\/9794939_0_56_980_552_large.jpg\\\" alt=\\\"\u05e0\u05e4\u05ea\u05dc\u05d9 \u05d1\u05e0\u05d8 \u05d5\u05d1\u05e0\u05d9\u05de\u05d9\u05df \u05e0\u05ea\u05e0\u05d9\u05d4\u05d5\\\" \/><\/p>\n<div>\n<div><span>Le leader de Yamina Naftali Bennett et le Premier ministre Benjamin Netanyahu <\/span><\/div>\n<div><span>( <\/span><span>Photo: Alex Kolomoisky<\/span><span> )<\/span><\/div>\n<\/div>\n<\/div>\n<div>\n<div><span>\\\u00a0\u00bbLa d\u00e9cision appartient \u00e0 Netanyahou\\\u00a0\u00bb, a \u00e9crit Bennett sur Twitter. \u00abComme je l\\&rsquo;ai dit depuis le d\u00e9but, nous ne souhaitons entrer dans un gouvernement o\u00f9 nous aurions une influence, et l\\&rsquo;influence vient des questions dont nous serions responsables. Si le Premier ministre veut que nous occupions des postes d\\&rsquo;influence, nous serions heureux d\\&rsquo;y entrer; mais s\\&rsquo;il nous veut faibles et marginaux, nous pr\u00e9f\u00e9rerions \u00eatre dans l\\&rsquo;opposition. \u00bb<\/span><\/div>\n<\/div>\n<div>\n<div><span>Le Likoud a r\u00e9pondu que Netanyahou avait am\u00e9lior\u00e9 son offre \u00e0 Bennett, mais Bennett ne se souciait que des postes minist\u00e9riels plut\u00f4t que de l\\&rsquo;id\u00e9ologie. Yamina a ni\u00e9 avoir re\u00e7u une offre am\u00e9lior\u00e9e.<\/span><\/div>\n<\/div>\n<div>\n<div><\/div>\n<p><a id=\\\"m_-8900935409273774496gmail-image_ArticleImageData.BkxRj49YcU\\\"><\/a><img class=\\\"CToWUd a6T\\\" tabindex=\\\"0\\\" title=\\\"L\\'ancien pr\u00e9sident de la Knesset Yuli Edelstein (Photo: Knesset)\\\" src=\\\"https:\/\/ci5.googleusercontent.com\/proxy\/NQvEc4hcwH70wbp2G5kkiMOo8inoKWF_ONwFO2ZXoI9mdZRU9dFi1Xba02mtfuPPE8XVZsizoG68aq0JSrYUBnUkPG9bPFaEKXB2tbnZlGS7lwwdxDR5_qyqNHAbKOGsrbcQpP6pZYcR30wa9WR4BHLHZOgZ5CJS=s0-d-e1-ft#https:\/\/images1.ynet.co.il\/picserver5\/crop_images\/2020\/03\/25\/9868577\/9868577_0_134_1280_721_large.jpg\\\" alt=\\\"\u05d9\u05d5\u05dc\u05d9 \u05d0\u05d3\u05dc\u05e9\u05d8\u05d9\u05d9\u05df\\\" \/><\/p>\n<div>\n<div><span>L\\&rsquo;ancien pr\u00e9sident de la Knesset Yuli Edelstein <\/span><\/div>\n<div><span>( <\/span><span>Photo: Knesset<\/span><span> )<\/span><\/div>\n<\/div>\n<\/div>\n<div>\n<div><span>Les tensions entre les deux se sont encore intensifi\u00e9es apr\u00e8s que Netanyahu a remis mardi le portefeuille de la sant\u00e9, que Bennett a convoit\u00e9, au d\u00e9put\u00e9 du Likud, Yuli Edelstein.<\/span><\/div>\n<\/div>\n<div>\n<div><span>\\\u00a0\u00bbNetanyahu a claqu\u00e9 la porte \u00e0 notre entr\u00e9e au gouvernement\\\u00a0\u00bb, a d\u00e9clar\u00e9 une source de Yamina dans un communiqu\u00e9 du parti. \\\u00a0\u00bbIl a cherch\u00e9 le moyen parfait d\\&rsquo;humilier Yamina et ses \u00e9lecteurs et a r\u00e9ussi.\\\u00a0\u00bb<\/span><\/div>\n<\/div>\n<\/div>\n<\/div>\n<\/div>\n<\/div>\n<\/div>\n<div><\/div>\n<\/div>\n<\/div>\n<div><\/div>\n<\/div>\n<blockquote class=\"wp-embedded-content\" data-secret=\"89bY9Jd3Hg\"><p><a href=\"https:\/\/israelmagazine.co.il\/bill-gates-le-prophete\/\">Bill Gates le Proph\u00e8te ?<\/a><\/p><\/blockquote>\n<p><iframe class=\"wp-embedded-content\" sandbox=\"allow-scripts\" security=\"restricted\" style=\"position: absolute; clip: rect(1px, 1px, 1px, 1px);\" title=\"\u00ab\u00a0Bill Gates le Proph\u00e8te ?\u00a0\u00bb &#8212; Israel Magazine\" src=\"https:\/\/israelmagazine.co.il\/bill-gates-le-prophete\/embed\/#?secret=Vb51PnzooT#?secret=89bY9Jd3Hg\" data-secret=\"89bY9Jd3Hg\" width=\"500\" height=\"282\" frameborder=\"0\" marginwidth=\"0\" marginheight=\"0\" scrolling=\"no\"><\/iframe><\/p>\n<h4 class=\\\"p1\\\"><span class=\\\"s1\\\">La suite de l\u2019article se trouve dans le prochain num\u00e9ro d\u2019Isra\u00ebl Magazine<\/span><\/h4>\n<p class=\\\"p1\\\"><span class=\\\"s1\\\">S\u2019abonner au magazine par t\u00e9l\u00e9phone ou par whats app 00972 (0) 54 254 45 20 ou au 0186982727\u00a0\u00a0\u00a0<\/span><\/p>\n<p class=\\\"p2\\\"><span class=\\\"s2\\\">Par email\u00a0\u00a0<a href=\\\"mailto:Andredarmon78@gmail.com\\\"><span class=\\\"s3\\\">Andredarmon78@gmail.com<\/span><\/a><\/span><\/p>\n<p class=\\\"p1\\\"><span class=\\\"s1\\\">Ou directement sur le site\u00a0<a href=\\\"http:\/\/www.israelmagazine.co.il\/\\\"><span class=\\\"s4\\\">www.israelmagazine.co.il<\/span><\/a><\/span><\/p>\n<p class=\\\"p1\\\"><span class=\\\"s1\\\">D\u00e9couvrez un exemplaire du magazine gratuitement et cliquez sur le rebord droit du mag<\/span><\/p>\n<p><a href=\\\"https:\/\/israelmagazine.co.il\/sabonner-au-magazine\/\\\" target=\\\"_blank\\\" rel=\\\"noopener noreferrer\\\"><img class=\\\"wp-image-53593 aligncenter\\\" src=\\\"https:\/\/israelmagazine.co.il\/wp-content\/uploads\/2020\/03\/camp-ABO1-1200x628-300x157.jpg\\\" alt=\\\"camp-ABO1-1200x628\\\" width=\\\"464\\\" height=\\\"259\\\" \/><\/a><\/p>\n<p class=\\\"p2\\\"><span class=\\\"s5\\\"><a href=\\\"https:\/\/fr.calameo.com\/read\/0010965002cfce9dee566?authid=IRnvqb59CRHm\\\" target=\\\"_blank\\\" rel=\\\"noopener noreferrer\\\">https:\/\/fr.calameo.com\/read\/0010965002cfce9dee566?authid=IRnvqb59CRHm<\/a><\/span><\/p>\n","protected":false},"excerpt":{"rendered":"<p>Apr\u00e8s avoir refus\u00e9 l\\&rsquo;offre &#8211; qui comprendrait l\\&rsquo;\u00e9ducation, le portefeuille des affaires Jerusalem, le poste de vice-ministre et la pr\u00e9sidence du comit\u00e9 de la Knesset &#8211; la d\u00e9cision du leader de Yamina sur les tweets est celle de Netanyahou Le Premier ministre Benjamin Netanyahou et le leader de Yamina Naftali Bennett ont parl\u00e9 mercredi au &hellip;<\/p>\n<p class=\"read-more\"> <a class=\"\" href=\"https:\/\/israelmagazine.net\/?p=54046\"> <span class=\"screen-reader-text\">Pas d\\&rsquo;accord BIbi et Bennett tiennent leurs derniers pourparlers<\/span> Lire la suite \u00bb<\/a><\/p>\n","protected":false},"author":4,"featured_media":54047,"comment_status":"open","ping_status":"open","sticky":false,"template":"","format":"standard","meta":{"site-sidebar-layout":"default","site-content-layout":"default","ast-global-header-display":"","ast-main-header-display":"","ast-hfb-above-header-display":"","ast-hfb-below-header-display":"","ast-hfb-mobile-header-display":"","site-post-title":"","ast-breadcrumbs-content":"","ast-featured-img":"","footer-sml-layout":"","theme-transparent-header-meta":"","adv-header-id-meta":"","stick-header-meta":"","header-above-stick-meta":"","header-main-stick-meta":"","header-below-stick-meta":""},"categories":[1687,84,1621,1767,1679,1613,1191],"tags":[],"sujet":[],"_links":{"self":[{"href":"https:\/\/israelmagazine.net\/index.php?rest_route=\/wp\/v2\/posts\/54046"}],"collection":[{"href":"https:\/\/israelmagazine.net\/index.php?rest_route=\/wp\/v2\/posts"}],"about":[{"href":"https:\/\/israelmagazine.net\/index.php?rest_route=\/wp\/v2\/types\/post"}],"author":[{"embeddable":true,"href":"https:\/\/israelmagazine.net\/index.php?rest_route=\/wp\/v2\/users\/4"}],"replies":[{"embeddable":true,"href":"https:\/\/israelmagazine.net\/index.php?rest_route=%2Fwp%2Fv2%2Fcomments&post=54046"}],"version-history":[{"count":0,"href":"https:\/\/israelmagazine.net\/index.php?rest_route=\/wp\/v2\/posts\/54046\/revisions"}],"wp:featuredmedia":[{"embeddable":true,"href":"https:\/\/israelmagazine.net\/index.php?rest_route=\/"}],"wp:attachment":[{"href":"https:\/\/israelmagazine.net\/index.php?rest_route=%2Fwp%2Fv2%2Fmedia&parent=54046"}],"wp:term":[{"taxonomy":"category","embeddable":true,"href":"https:\/\/israelmagazine.net\/index.php?rest_route=%2Fwp%2Fv2%2Fcategories&post=54046"},{"taxonomy":"post_tag","embeddable":true,"href":"https:\/\/israelmagazine.net\/index.php?rest_route=%2Fwp%2Fv2%2Ftags&post=54046"},{"taxonomy":"sujet","embeddable":true,"href":"https:\/\/israelmagazine.net\/index.php?rest_route=%2Fwp%2Fv2%2Fsujet&post=54046"}],"curies":[{"name":"wp","href":"https:\/\/api.w.org\/{rel}","templated":true}]}}