{"id":54049,"date":"2020-05-14T12:35:01","date_gmt":"2020-05-14T10:35:01","guid":{"rendered":"https:\/\/israelmagazine.net\/?p=54049"},"modified":"2020-05-14T12:35:01","modified_gmt":"2020-05-14T10:35:01","slug":"israel-devrait-se-tourner-vers-lue-avant-lannexion-de-la-judee-samarie","status":"publish","type":"post","link":"https:\/\/israelmagazine.net\/?p=54049","title":{"rendered":"Isra\u00ebl devrait se tourner vers l\\&rsquo;UE avant l\\&rsquo;annexion de la Jud\u00e9e samarie"},"content":{"rendered":"<div>\n<h5>L\\&rsquo;ambassadeur de l\\&rsquo;UE en Isra\u00ebl Emanuele Giaufret et le pr\u00e9sident Reuven Rivlin \u00e0 la r\u00e9sidence du pr\u00e9sident \u00e0 J\u00e9rusalem ( Photo: d\u00e9l\u00e9gation de l\\&rsquo;UE en Isra\u00ebl )<\/h5>\n<h3>J\u00e9rusalem est habitu\u00e9e \u00e0 voir l\\&rsquo;Europe comme une entit\u00e9 affaiblie et \u00e0 rejeter ses protestations, mais cela pourrait \u00eatre une erreur si Isra\u00ebl d\u00e9cide de prendre une mesure d\\&rsquo;annexion formelle, ce que beaucoup en Europe consid\u00e9reraient comme un changement de jeu et avancer des mesures co\u00fbteuses<\/h3>\n<div>\n<div>\n<div>\n<div><span>Isra\u00ebl a de plus en plus critiqu\u00e9 l\\&rsquo;UE ces derniers jours, alors que plusieurs dirigeants europ\u00e9ens expriment leur opposition \u00e0 une \u00e9ventuelle annexion isra\u00e9lienne en Judee Samarie <\/span><\/div>\n<\/div>\n<div>\n<div><span>\u00a0<\/span><\/div>\n<div><span> Netanyahou et ses principaux ministres ces derni\u00e8res ann\u00e9es, accusaient l\\&rsquo;UE de poursuivre des politiques anti-isra\u00e9liennes, de soutenir les boycotts et de financer les organisations soutenant le terrorisme palestinien. <\/span><\/div>\n<\/div>\n<div>\n<div><\/div>\n<p><a id=\\\"m_-5493553238000852717gmail-image_ArticleImageData.Hkgdpt8FqL\\\"><\/a><img class=\\\"CToWUd a6T\\\" tabindex=\\\"0\\\" title=\\\"L\\'ambassadeur de l\\'UE en Isra\u00ebl Emanuele Giaufret et le pr\u00e9sident Reuven Rivlin \u00e0 la r\u00e9sidence du pr\u00e9sident \u00e0 J\u00e9rusalem (Photo: d\u00e9l\u00e9gation de l\\'UE en Isra\u00ebl)\\\" src=\\\"https:\/\/ci6.googleusercontent.com\/proxy\/90tP3GN1zQkRKIBhO_CWwpOJt9Fn5YJKTs5_2u-5Gj30k-M2p1Fl21XFSKYlA1GJpdexcSSnU8hwpayJGrRMNyZVzU88QrLhxdKLVTlXiTLAVikIUp5xjAwvj2WzVCh83wPawHIh5hiva_ziQNTrPdGnpT6_1nX-wA=s0-d-e1-ft#https:\/\/images1.ynet.co.il\/picserver5\/crop_images\/2020\/05\/13\/r1eycUKqU\/r1eycUKqU_0_0_640_360_large.jpg\\\" alt=\\\"L\\'ambassadeur de l\\'UE en Isra\u00ebl Emanuele Giaufret et le pr\u00e9sident Reuven Rivlin \u00e0 la r\u00e9sidence du pr\u00e9sident \u00e0 J\u00e9rusalem\\\" \/><\/p>\n<div>\n<div><span>L\\&rsquo;ambassadeur de l\\&rsquo;UE en Isra\u00ebl Emanuele Giaufret et le pr\u00e9sident Reuven Rivlin \u00e0 la r\u00e9sidence du pr\u00e9sident \u00e0 J\u00e9rusalem <\/span><\/div>\n<div><span>( <\/span><span>Photo: d\u00e9l\u00e9gation de l\\&rsquo;UE en Isra\u00ebl<\/span><span> )<\/span><\/div>\n<\/div>\n<\/div>\n<div>\n<div><span>Des propos durs et non diplomatiques ont \u00e9t\u00e9 utilis\u00e9s \u00e0 plusieurs reprises par des responsables isra\u00e9liens contre Bruxelles, ce qui a eu un impact n\u00e9gatif sur la perception isra\u00e9lienne de l\\&rsquo;UE.<\/span><\/div>\n<\/div>\n<div>\n<div><span>Isra\u00ebl a tort de d\u00e9peindre l\\&rsquo;UE comme hostile \u00e0 Isra\u00ebl, et le nouveau gouvernement ferait bien de changer de direction. <\/span><\/div>\n<\/div>\n<div>\n<div><span>L\\&rsquo;UE est un alli\u00e9 strat\u00e9gique d\\&rsquo;Isra\u00ebl &#8211; dans le commerce et l\\&rsquo;\u00e9conomie, dans la diplomatie et la s\u00e9curit\u00e9, dans la technologie et le tourisme, dans la recherche et la culture. Ses critiques visent la politique d\\&rsquo;Isra\u00ebl \u00e0 l\\&rsquo;\u00e9gard des Palestiniens et ne sont pas intrins\u00e8quement anti-Isra\u00ebl comme certains le d\u00e9crivent.<\/span><\/div>\n<\/div>\n<div>\n<div><span>L\\&rsquo;UE s\\&rsquo;oppose aux implantation et aux intentions d\\&rsquo;annexion d\\&rsquo;Isra\u00ebl. Il encourage \u00e9galement la diff\u00e9renciation entre les territoires palestiniens et Isra\u00ebl, mais ne pr\u00e9conise en aucun cas un boycott d\\&rsquo;Isra\u00ebl.<\/span><\/div>\n<\/div>\n<div>\n<div><span>Les divisions croissantes entre les \u00c9tats membres de l\\&rsquo;UE ces derni\u00e8res ann\u00e9es ont sap\u00e9 le consensus europ\u00e9en sur une vari\u00e9t\u00e9 de questions de politique \u00e9trang\u00e8re, dont le conflit isra\u00e9lo-palestinien. <\/span><\/div>\n<\/div>\n<div>\n<div><span>Les partisans europ\u00e9ens de Netanyahu, tels que le Premier ministre hongrois Viktor Orban, qui a \u00e9rod\u00e9 la d\u00e9mocratie dans son propre pays, s\\&#8217;emploient activement \u00e0 contrecarrer les critiques de l\\&rsquo;UE \u00e0 l\\&rsquo;\u00e9gard de la politique isra\u00e9lienne dans les territoires. <\/span><\/div>\n<\/div>\n<div>\n<div><\/div>\n<p><a id=\\\"m_-5493553238000852717gmail-image_ArticleImageData.BklPswUKc8\\\"><\/a><img class=\\\"CToWUd a6T\\\" tabindex=\\\"0\\\" title=\\\"L\\'ann\u00e9e derni\u00e8re, le Premier ministre Benjamin Netanyahu avec son homologue hongrois Viktor Orban \u00e0 J\u00e9rusalem (Photo: Ruters)\\\" src=\\\"https:\/\/ci4.googleusercontent.com\/proxy\/pt9cTOdYrN81O3jAdOgQLkjC3RAl5xILRpxrqN3wPzaGFLr2DE1ew7pP4rhT9F_v4zgTo40XtxEFSJzaDMF0qshwz_8IZWKPfgNPsDlVuTD3LJQzHh8BbscB_0jHTcYFH3n-4PYQKFFrhfSgYi9P9BnXqUxG2w=s0-d-e1-ft#https:\/\/images1.ynet.co.il\/picserver5\/crop_images\/2019\/02\/19\/9074191\/9074191_0_16_981_552_large.jpg\\\" alt=\\\"\u05d1\u05e0\u05d9\u05de\u05d9\u05df \u05e0\u05ea\u05e0\u05d9\u05d4\u05d5 \u05e2\u05dd \u05e8\u05d0\u05e9 \u05de\u05de\u05e9\u05dc\u05ea \u05d4\u05d5\u05e0\u05d2\u05e8\u05d9\u05d4 \u05d5\u05d9\u05e7\u05d8\u05d5\u05e8 \u05d0\u05d5\u05e8\u05d1\u05df \u05d1 \u05d9\u05e8\u05d5\u05e9\u05dc\u05d9\u05dd\\\" \/><\/p>\n<div>\n<div><span>Le Premier ministre Benjamin Netanyahou avec son homologue hongrois Viktor Orban \u00e0 J\u00e9rusalem l\\&rsquo;ann\u00e9e derni\u00e8re <\/span><\/div>\n<div><span>( <\/span><span>Photo: Ruters<\/span><span> )<\/span><\/div>\n<\/div>\n<\/div>\n<div>\n<div><span>Le Conseil des affaires \u00e9trang\u00e8res de l\\&rsquo;UE n\\&rsquo;a pas adopt\u00e9 de r\u00e9solutions communes sur Isra\u00ebl depuis la mi-2016. La concentration de l\\&rsquo;Europe sur des d\u00e9fis plus urgents, tels que les r\u00e9fugi\u00e9s, le Brexit et maintenant le coronavirus &#8211; est \u00e9galement un facteur contributif \u00e0 cet \u00e9gard.<\/span><\/div>\n<\/div>\n<div>\n<div><span>Cependant, l\\&rsquo;Europe n\\&rsquo;est pas dispos\u00e9e \u00e0 ignorer les intentions d\\&rsquo;annexion de Netanyahou. Les chefs de l\\&rsquo;UE et les principaux \u00c9tats membres trouvent des moyens de contourner les divisions internes afin de transmettre les protestations, l\\&rsquo;opposition et les avertissements \u00e0 Isra\u00ebl: remarques franches du nouveau chef de la politique \u00e9trang\u00e8re de l\\&rsquo;UE, Josep Borrell, d\u00e9clarations conjointes de membres europ\u00e9ens du Conseil de s\u00e9curit\u00e9 des Nations unies , des manifestations coordonn\u00e9es au minist\u00e8re isra\u00e9lien des Affaires \u00e9trang\u00e8res par des ambassadeurs europ\u00e9ens repr\u00e9sentant des \u00c9tats ayant des vues politiques similaires, et une coop\u00e9ration avec d\\&rsquo;autres organismes internationaux, tels que la Ligue arabe, qui s\\&rsquo;opposent \u00e9galement \u00e0 l\\&rsquo;annexion.<\/span><\/div>\n<\/div>\n<div>\n<div><\/div>\n<p><a id=\\\"m_-5493553238000852717gmail-image_ArticleImageData.r1gAyuItqI\\\"><\/a><img class=\\\"CToWUd a6T\\\" tabindex=\\\"0\\\" title=\\\"Photo: Reuters\\\" src=\\\"https:\/\/ci6.googleusercontent.com\/proxy\/1Z-TVO15e8NkCjkWvFvJ-m7coWlH2FZoINxDzJG8OMI6v-hklzz6j_JyALvWNHWGLUbCa9JAB0vghtQq0YJLcj-zCt3ss9qiP4BnuBxM_9PXHAZOPWiwQj2S45hGrXvapW_pFttGA2P2HP2tfur05RK3Oz70=s0-d-e1-ft#https:\/\/images1.ynet.co.il\/picserver5\/crop_images\/2020\/02\/16\/9787269\/9787269_0_0_640_360_large.jpg\\\" alt=\\\"\u05d3\u05d2\u05dc \u05d4\u05d0\u05d9\u05d7\u05d5\u05d3 \u05d4\u05d0\u05d9\u05e8\u05d5\u05e4\u05d9\\\" \/><\/p>\n<div>\n<div><\/div>\n<div><span>( <\/span><span>Photo: Reuters<\/span><span> )<\/span><\/div>\n<\/div>\n<\/div>\n<div>\n<div><span>Les repr\u00e9sentants de l\\&rsquo;UE ont utilis\u00e9 tous ces outils ces derni\u00e8res semaines. Ils ont exprim\u00e9 une opposition sans \u00e9quivoque \u00e0 l\\&rsquo;annexion, soulign\u00e9 qu\\&rsquo;elle violerait le droit international, recommand\u00e9 \u00e0 Isra\u00ebl de ne pas le faire, et certains ont m\u00eame mis en garde contre les cons\u00e9quences juridiques et la d\u00e9t\u00e9rioration de leurs relations avec Isra\u00ebl.<\/span><\/div>\n<\/div>\n<div>\n<div><span>Des pays comme la France, la Belgique et le Luxembourg s\\&rsquo;efforcent de mettre cette question \u00e0 l\\&rsquo;ordre du jour du Conseil des affaires \u00e9trang\u00e8res de l\\&rsquo;UE, appelant l\\&rsquo;UE \u00e0 d\u00e9finir des mesures punitives contre l\\&rsquo;annexion isra\u00e9lienne. <\/span><\/div>\n<\/div>\n<div>\n<div><span>N\u00e9anmoins, \u00e9galement en raison de divisions internes, l\\&rsquo;Europe semble attendre de voir la nature et l\\&rsquo;\u00e9tendue de la d\u00e9cision d\\&rsquo;annexion de Netanyahu avant de pr\u00e9senter des r\u00e9actions concr\u00e8tes et un prix r\u00e9el.<\/span><\/div>\n<\/div>\n<div>\n<div><span>Les diff\u00e9rences dans les approches europ\u00e9ennes sont \u00e9videntes dans la formulation des d\u00e9clarations. La France, l\\&rsquo;Irlande et la Su\u00e8de, par exemple, s\\&rsquo;expriment plus durement.<\/span><\/div>\n<\/div>\n<div>\n<div><span>Borrell est \u00e9galement franc, mais le fait qu\\&rsquo;il ne repr\u00e9sente pas \u00e0 ce stade une position unifi\u00e9e de tous les \u00c9tats membres affaiblit la signification de ses remarques. Dans le m\u00eame temps, Borrell cherche \u00e0 renforcer les liens de l\\&rsquo;UE avec la Jordanie, qu\\&rsquo;il identifie comme un \u00c9tat cl\u00e9 en ce qui concerne le conflit isra\u00e9lo-palestinien.<\/span><\/div>\n<\/div>\n<div>\n<div><\/div>\n<p><a id=\\\"m_-5493553238000852717gmail-image_ArticleImageData.BygeZFLY9L\\\"><\/a><img class=\\\"CToWUd a6T\\\" tabindex=\\\"0\\\" title=\\\"Le Premier ministre Benjamin Netanyahu avec l\\'ancienne chef de la politique \u00e9trang\u00e8re de l\\'UE, Federica Mogherini (Photo: Reuters)\\\" src=\\\"https:\/\/ci4.googleusercontent.com\/proxy\/N2Usypp-aHrLdQSeQuzreHDNNaqo6WCmzqXNBoAr6ODCxOlktdLzmsgmxN_qpri5RLh27N0LUcKkH8LBLNzcfv8gQjHV3RxAZOYRBVIjzWvWQMkAWW1v8AUHH7saqZl91fs_-FBE2DsI2DTgDYLhyV_nsNR7zg=s0-d-e1-ft#https:\/\/images1.ynet.co.il\/picserver5\/crop_images\/2017\/12\/11\/8209122\/8209122_0_0_1300_830_large.jpg\\\" alt=\\\"Le Premier ministre Benjamin Netanyahu avec l\\'ancienne chef de la politique \u00e9trang\u00e8re de l\\'UE, Federica Mogherini\\\" \/><\/p>\n<div>\n<div><span>Le Premier ministre Benjamin Netanyahu avec l\\&rsquo;ancienne chef de la politique \u00e9trang\u00e8re de l\\&rsquo;UE, Federica Mogherini <\/span><\/div>\n<div><span>( <\/span><span>Photo: Reuters<\/span><span> )<\/span><\/div>\n<\/div>\n<\/div>\n<div>\n<div><span>Isra\u00ebl s\\&rsquo;est habitu\u00e9 \u00e0 consid\u00e9rer l\\&rsquo;Europe comme une entit\u00e9 affaiblie sur la sc\u00e8ne internationale et \u00e0 rejeter ses protestations. Cependant, cette attitude pourrait s\\&rsquo;av\u00e9rer erron\u00e9e si Isra\u00ebl d\u00e9cide de prendre une mesure d\\&rsquo;annexion formelle, ce que beaucoup en Europe consid\u00e9reraient comme un changeur de jeu. Les principaux dirigeants europ\u00e9ens pourraient proposer des mesures au sein des institutions de l\\&rsquo;UE et ailleurs qui auraient un impact sur Isra\u00ebl.<\/span><\/div>\n<\/div>\n<div>\n<div><span>Cependant, outre une menace de \u00abb\u00e2tons\u00bb, l\\&rsquo;UE offre \u00e9galement des \u00abcarottes\u00bb au cas o\u00f9 Isra\u00ebl choisirait de progresser vers une solution \u00e0 deux \u00c9tats. En 2013, l\\&rsquo;UE a propos\u00e9 une am\u00e9lioration significative des relations avec Isra\u00ebl \u00e0 celles d\\&rsquo;un partenariat privil\u00e9gi\u00e9 sp\u00e9cial si elle fait la paix avec les Palestiniens. Il est temps d\\&rsquo;examiner cette offre, \u00e0 laquelle Isra\u00ebl n\\&rsquo;a pas encore r\u00e9pondu, sous un jour positif.<\/span><\/div>\n<\/div>\n<div>\n<div><span>Cela, \u00e0 son tour, n\u00e9cessite un changement dans l\\&rsquo;attitude du nouveau gouvernement isra\u00e9lien envers l\\&rsquo;UE. Le nouveau gouvernement devrait consid\u00e9rer l\\&rsquo;UE comme un ami et un partenaire, et cesser de d\u00e9nigrer l\\&rsquo;UE.<\/span><\/div>\n<\/div>\n<div>\n<div><span>Elle devrait soutenir une UE forte qui joue un r\u00f4le cl\u00e9 sur la sc\u00e8ne internationale et donner la priorit\u00e9 aux liens avec les \u00c9tats europ\u00e9ens guid\u00e9s par les valeurs d\u00e9mocratiques lib\u00e9rales. <\/span><\/div>\n<\/div>\n<div>\n<div><\/div>\n<p><a id=\\\"m_-5493553238000852717gmail-image_ArticleImageData.rJxM7TBY9L\\\"><\/a><img class=\\\"CToWUd a6T\\\" tabindex=\\\"0\\\" title=\\\"Le chef de la politique \u00e9trang\u00e8re de l\\'UE, Joseph Borrell (Photo: AFP)\\\" src=\\\"https:\/\/ci5.googleusercontent.com\/proxy\/VqwiPVterM6JwTejyTKJBgowbMHy9mZz2f0Y5AO1SmkyUbI5yWTWTeXqTkbX44nFJdmY0GYjhlVx4hzs0FjhYlUEdBfmMznzDRRjnO2MU2YpCWUERPUvmAbR2N9a7OhF0S5-JfxaqNfDZbPpkJ2PXQp4XIV7TslIjTM=s0-d-e1-ft#https:\/\/images1.ynet.co.il\/picserver5\/crop_images\/2020\/05\/11\/ryJVLZv5L\/ryJVLZv5L_0_0_1200_752_large.jpg\\\" alt=\\\"Joseph Borrell, chef de la politique \u00e9trang\u00e8re de l\\'UE\\\" \/><\/p>\n<div>\n<div><span>Joseph Borrell, chef de la politique \u00e9trang\u00e8re de l\\&rsquo;UE <\/span><\/div>\n<div><span>( <\/span><span>Photo: AFP<\/span><span> )<\/span><\/div>\n<\/div>\n<\/div>\n<div>\n<div><span>Le gouvernement devrait chercher \u00e0 renouveler son dialogue politique de haut niveau avec l\\&rsquo;UE et convoquer \u00e0 nouveau le Conseil d\\&rsquo;association Isra\u00ebl-UE, suspendu depuis 2012. <\/span><\/div>\n<\/div>\n<div>\n<div><span>Il devrait \u00e9galement saluer la participation de l\\&rsquo;UE aux efforts visant \u00e0 faire avancer le r\u00e9tablissement de la paix isra\u00e9lo-palestinien, y compris le soutien europ\u00e9en aux organisations de la soci\u00e9t\u00e9 civile favorables \u00e0 la paix et \u00e0 la d\u00e9mocratie.<\/span><\/div>\n<\/div>\n<div>\n<div><span>Cependant, le recalibrage des relations Isra\u00ebl-UE ne sera pas possible tant qu\\&rsquo;Isra\u00ebl promeut l\\&rsquo;annexion. Ces deux choses ne vont pas ensemble.<\/span><\/div>\n<\/div>\n<div>\n<div><span>Le nouveau ministre des Affaires \u00e9trang\u00e8res d\\&rsquo;Isra\u00ebl devrait en effet transmettre un nouveau message aux Europ\u00e9ens au moment o\u00f9 il prend ses fonctions &#8211; partenariat et amiti\u00e9, attachement aux valeurs d\u00e9mocratiques, volont\u00e9 de dialogue et ouverture aux critiques &#8211; mais en m\u00eame temps, il devrait chercher \u00e0 bloquer l\\&rsquo;annexion. <\/span><\/div>\n<\/div>\n<div>\n<div><span>Non seulement \u00e0 cause de l\\&rsquo;opposition europ\u00e9enne, mais surtout par souci des int\u00e9r\u00eats nationaux d\\&rsquo;Isra\u00ebl, de son caract\u00e8re d\u00e9mocratique et de sa qu\u00eate de paix. <\/span><\/div>\n<\/div>\n<div>\n<div><span>Le Dr Nimrod Goren est le fondateur et chef de Mitvim &#8211; l\\&rsquo;Institut isra\u00e9lien pour les politiques \u00e9trang\u00e8res r\u00e9gionales et professeur en \u00e9tudes moyen-orientales \u00e0 l\\&rsquo;Universit\u00e9 h\u00e9bra\u00efque de J\u00e9rusalem. <\/span><\/div>\n<\/div>\n<\/div>\n<div><\/div>\n<\/div>\n<div><\/div>\n<\/div>\n<blockquote class=\"wp-embedded-content\" data-secret=\"OGHp7tsKbC\"><p><a href=\"https:\/\/israelmagazine.co.il\/bill-gates-le-prophete\/\">Bill Gates le Proph\u00e8te ?<\/a><\/p><\/blockquote>\n<p><iframe class=\"wp-embedded-content\" sandbox=\"allow-scripts\" security=\"restricted\" style=\"position: absolute; clip: rect(1px, 1px, 1px, 1px);\" title=\"\u00ab\u00a0Bill Gates le Proph\u00e8te ?\u00a0\u00bb &#8212; Israel Magazine\" src=\"https:\/\/israelmagazine.co.il\/bill-gates-le-prophete\/embed\/#?secret=ixb6lWZTyi#?secret=OGHp7tsKbC\" data-secret=\"OGHp7tsKbC\" width=\"500\" height=\"282\" frameborder=\"0\" marginwidth=\"0\" marginheight=\"0\" scrolling=\"no\"><\/iframe><\/p>\n<h4 class=\\\"p1\\\"><span class=\\\"s1\\\">La suite de l\u2019article se trouve dans le prochain num\u00e9ro d\u2019Isra\u00ebl Magazine<\/span><\/h4>\n<p class=\\\"p1\\\"><span class=\\\"s1\\\">S\u2019abonner au magazine par t\u00e9l\u00e9phone ou par whats app 00972 (0) 54 254 45 20 ou au 0186982727\u00a0\u00a0\u00a0<\/span><\/p>\n<p class=\\\"p2\\\"><span class=\\\"s2\\\">Par email\u00a0\u00a0<a href=\\\"mailto:Andredarmon78@gmail.com\\\"><span class=\\\"s3\\\">Andredarmon78@gmail.com<\/span><\/a><\/span><\/p>\n<p class=\\\"p1\\\"><span class=\\\"s1\\\">Ou directement sur le site\u00a0<a href=\\\"http:\/\/www.israelmagazine.co.il\/\\\"><span class=\\\"s4\\\">www.israelmagazine.co.il<\/span><\/a><\/span><\/p>\n<p class=\\\"p1\\\"><span class=\\\"s1\\\">D\u00e9couvrez un exemplaire du magazine gratuitement et cliquez sur le rebord droit du mag<\/span><\/p>\n<p><a href=\\\"https:\/\/israelmagazine.co.il\/sabonner-au-magazine\/\\\" target=\\\"_blank\\\" rel=\\\"noopener noreferrer\\\"><img class=\\\"wp-image-53593 aligncenter\\\" src=\\\"https:\/\/israelmagazine.co.il\/wp-content\/uploads\/2020\/03\/camp-ABO1-1200x628-300x157.jpg\\\" alt=\\\"camp-ABO1-1200x628\\\" width=\\\"464\\\" height=\\\"259\\\" \/><\/a><\/p>\n<p class=\\\"p2\\\"><span class=\\\"s5\\\"><a href=\\\"https:\/\/fr.calameo.com\/read\/0010965002cfce9dee566?authid=IRnvqb59CRHm\\\" target=\\\"_blank\\\" rel=\\\"noopener noreferrer\\\">https:\/\/fr.calameo.com\/read\/0010965002cfce9dee566?authid=IRnvqb59CRHm<\/a><\/span><\/p>\n","protected":false},"excerpt":{"rendered":"<p>L\\&rsquo;ambassadeur de l\\&rsquo;UE en Isra\u00ebl Emanuele Giaufret et le pr\u00e9sident Reuven Rivlin \u00e0 la r\u00e9sidence du pr\u00e9sident \u00e0 J\u00e9rusalem ( Photo: d\u00e9l\u00e9gation de l\\&rsquo;UE en Isra\u00ebl ) J\u00e9rusalem est habitu\u00e9e \u00e0 voir l\\&rsquo;Europe comme une entit\u00e9 affaiblie et \u00e0 rejeter ses protestations, mais cela pourrait \u00eatre une erreur si Isra\u00ebl d\u00e9cide de prendre une mesure &hellip;<\/p>\n<p class=\"read-more\"> <a class=\"\" href=\"https:\/\/israelmagazine.net\/?p=54049\"> <span class=\"screen-reader-text\">Isra\u00ebl devrait se tourner vers l\\&rsquo;UE avant l\\&rsquo;annexion de la Jud\u00e9e samarie<\/span> Lire la suite \u00bb<\/a><\/p>\n","protected":false},"author":4,"featured_media":54050,"comment_status":"open","ping_status":"open","sticky":false,"template":"","format":"standard","meta":{"site-sidebar-layout":"default","site-content-layout":"default","ast-global-header-display":"","ast-main-header-display":"","ast-hfb-above-header-display":"","ast-hfb-below-header-display":"","ast-hfb-mobile-header-display":"","site-post-title":"","ast-breadcrumbs-content":"","ast-featured-img":"","footer-sml-layout":"","theme-transparent-header-meta":"","adv-header-id-meta":"","stick-header-meta":"","header-above-stick-meta":"","header-main-stick-meta":"","header-below-stick-meta":""},"categories":[1687,84,1621,1767,1679,1613,1191],"tags":[383],"sujet":[],"_links":{"self":[{"href":"https:\/\/israelmagazine.net\/index.php?rest_route=\/wp\/v2\/posts\/54049"}],"collection":[{"href":"https:\/\/israelmagazine.net\/index.php?rest_route=\/wp\/v2\/posts"}],"about":[{"href":"https:\/\/israelmagazine.net\/index.php?rest_route=\/wp\/v2\/types\/post"}],"author":[{"embeddable":true,"href":"https:\/\/israelmagazine.net\/index.php?rest_route=\/wp\/v2\/users\/4"}],"replies":[{"embeddable":true,"href":"https:\/\/israelmagazine.net\/index.php?rest_route=%2Fwp%2Fv2%2Fcomments&post=54049"}],"version-history":[{"count":0,"href":"https:\/\/israelmagazine.net\/index.php?rest_route=\/wp\/v2\/posts\/54049\/revisions"}],"wp:featuredmedia":[{"embeddable":true,"href":"https:\/\/israelmagazine.net\/index.php?rest_route=\/"}],"wp:attachment":[{"href":"https:\/\/israelmagazine.net\/index.php?rest_route=%2Fwp%2Fv2%2Fmedia&parent=54049"}],"wp:term":[{"taxonomy":"category","embeddable":true,"href":"https:\/\/israelmagazine.net\/index.php?rest_route=%2Fwp%2Fv2%2Fcategories&post=54049"},{"taxonomy":"post_tag","embeddable":true,"href":"https:\/\/israelmagazine.net\/index.php?rest_route=%2Fwp%2Fv2%2Ftags&post=54049"},{"taxonomy":"sujet","embeddable":true,"href":"https:\/\/israelmagazine.net\/index.php?rest_route=%2Fwp%2Fv2%2Fsujet&post=54049"}],"curies":[{"name":"wp","href":"https:\/\/api.w.org\/{rel}","templated":true}]}}