{"id":54066,"date":"2020-05-18T10:14:29","date_gmt":"2020-05-18T08:14:29","guid":{"rendered":"https:\/\/israelmagazine.net\/?p=54066"},"modified":"2020-05-18T10:14:29","modified_gmt":"2020-05-18T08:14:29","slug":"la-cour-supreme-auditionne-une-petition-concernant-lacces-au-mont-du-temple","status":"publish","type":"post","link":"https:\/\/israelmagazine.net\/?p=54066","title":{"rendered":"La Cour supr\u00eame auditionne une p\u00e9tition concernant l\\&rsquo;acc\u00e8s au mont du Temple"},"content":{"rendered":"<div>\n<div>\n<div>\n<div>\n<h3 style=\\\"font-weight: 400;\\\"><strong>Deux candidats demandent l\\&rsquo;acc\u00e8s pour les Juifs afin de monter sur le site sacr\u00e9, refus\u00e9 depuis que le verrouillage du coronavirus a commenc\u00e9 bien que les musulmans qui g\u00e8rent le site ait en d\u00e9j\u00e0 \u00e9t\u00e9 autoris\u00e9s \u00e0 revenir<\/strong><\/h3>\n<p style=\\\"font-weight: 400;\\\">\n<p style=\\\"font-weight: 400;\\\">La Cour supr\u00eame devrait entendre ce lundi une p\u00e9tition pour permettre aux Juifs d\\&rsquo;acc\u00e9der au mont du Temple, qui a \u00e9t\u00e9 temporairement interdit pendant la crise des coronavirus.<\/p>\n<p style=\\\"font-weight: 400;\\\">Les p\u00e9titionnaires &#8211; Yehouda Etzion et Arnon Segal, militants d\\&rsquo;extr\u00eame droite qui ont mis au d\u00e9fi le gouvernement de permettre le libre acc\u00e8s au complexe &#8211; affirment qu\\&rsquo;Isra\u00ebl a conclu un accord avec le Royaume de Jordanie pour emp\u00eacher les musulmans et les juifs de quitter le mont du Temple pendant que les la pand\u00e9mie de coronavirus \u00e9tait \u00e0 son apog\u00e9e.<\/p>\n<p style=\\\"font-weight: 400;\\\">L\\&rsquo;avocat des requ\u00e9rants, l\\&rsquo;activiste Itamar Ben Gvir, a soutenu que le Waqf (autorit\u00e9 religieuse islamique) de Jordanie, qui contr\u00f4le quotidiennement le mont du Temple, a \u00e9t\u00e9 autoris\u00e9 \u00e0 rentrer, tandis que les Juifs y \u00e9taient toujours interdits.<\/p>\n<p style=\\\"font-weight: 400;\\\">Les p\u00e9titionnaires soutiennent qu\\&#8217;emp\u00eacher les Juifs de monter, alors que les musulmans sont autoris\u00e9s \u00e0 monter, est inconstitutionnel. Ils ont en outre affirm\u00e9 que l\\&rsquo;interdiction de Segal, qui est \u00e9galement journaliste, \u00e9tait une violation de la libert\u00e9 de la presse. M\u00eame \u00e0 J\u00e9rusalem, qui a de nombreuses traditions et affiliations religieuse, le Mont du Temple est un endroit sensible. Les Juifs v\u00e9n\u00e8rent la zone autour du D\u00f4me du Rocher comme site des premier et deuxi\u00e8me Temples, tandis que pendant les 1300 derni\u00e8res ann\u00e9es, les musulmans ont ador\u00e9 l\\&rsquo;endroit o\u00f9 le proph\u00e8te Mahomet serait mont\u00e9 au ciel. Alors que les Juifs sont autoris\u00e9s \u00e0 monter sur le mont du Temple en nombre tr\u00e8s restreint et uniquement par l\\&rsquo;une des 12 portes, il y a des restrictions strictes pour la pri\u00e8re sur le site le plus sacr\u00e9 du Juda\u00efsme.<\/p>\n<\/div>\n<div>\n<div>\n<div>\n<div>\n<div>\n<div>\n<div>\n<div>\n<div class=\\\"yj6qo\\\"><\/div>\n<\/div>\n<\/div>\n<\/div>\n<\/div>\n<\/div>\n<\/div>\n<\/div>\n<\/div>\n<\/div>\n<div><\/div>\n<\/div>\n<div><\/div>\n<\/div>\n<blockquote class=\"wp-embedded-content\" data-secret=\"KAMOuGzKPO\"><p><a href=\"https:\/\/israelmagazine.co.il\/bill-gates-le-prophete\/\">Bill Gates le Proph\u00e8te ?<\/a><\/p><\/blockquote>\n<p><iframe class=\"wp-embedded-content\" sandbox=\"allow-scripts\" security=\"restricted\" style=\"position: absolute; clip: rect(1px, 1px, 1px, 1px);\" title=\"\u00ab\u00a0Bill Gates le Proph\u00e8te ?\u00a0\u00bb &#8212; Israel Magazine\" src=\"https:\/\/israelmagazine.co.il\/bill-gates-le-prophete\/embed\/#?secret=qPCy6ebuff#?secret=KAMOuGzKPO\" data-secret=\"KAMOuGzKPO\" width=\"500\" height=\"282\" frameborder=\"0\" marginwidth=\"0\" marginheight=\"0\" scrolling=\"no\"><\/iframe><\/p>\n<h4 class=\\\"p1\\\"><span class=\\\"s1\\\">La suite de l\u2019article se trouve dans le prochain num\u00e9ro d\u2019Isra\u00ebl Magazine<\/span><\/h4>\n<p class=\\\"p1\\\"><span class=\\\"s1\\\">S\u2019abonner au magazine par t\u00e9l\u00e9phone ou par whats app 00972 (0) 54 254 45 20 ou au 0186982727\u00a0\u00a0\u00a0<\/span><\/p>\n<p class=\\\"p2\\\"><span class=\\\"s2\\\">Par email\u00a0\u00a0<a href=\\\"mailto:Andredarmon78@gmail.com\\\"><span class=\\\"s3\\\">Andredarmon78@gmail.com<\/span><\/a><\/span><\/p>\n<p class=\\\"p1\\\"><span class=\\\"s1\\\">Ou directement sur le site\u00a0<a href=\\\"http:\/\/www.israelmagazine.co.il\/\\\"><span class=\\\"s4\\\">www.israelmagazine.co.il<\/span><\/a><\/span><\/p>\n<p class=\\\"p1\\\"><span class=\\\"s1\\\">D\u00e9couvrez un exemplaire du magazine gratuitement et cliquez sur le rebord droit du mag<\/span><\/p>\n<p><a href=\\\"https:\/\/israelmagazine.co.il\/sabonner-au-magazine\/\\\" target=\\\"_blank\\\" rel=\\\"noopener noreferrer\\\"><img class=\\\"wp-image-53593 aligncenter\\\" src=\\\"https:\/\/israelmagazine.co.il\/wp-content\/uploads\/2020\/03\/camp-ABO1-1200x628-300x157.jpg\\\" alt=\\\"camp-ABO1-1200x628\\\" width=\\\"464\\\" height=\\\"259\\\" \/><\/a><\/p>\n<p class=\\\"p2\\\"><span class=\\\"s5\\\"><a href=\\\"https:\/\/fr.calameo.com\/read\/0010965002cfce9dee566?authid=IRnvqb59CRHm\\\" target=\\\"_blank\\\" rel=\\\"noopener noreferrer\\\">https:\/\/fr.calameo.com\/read\/0010965002cfce9dee566?authid=IRnvqb59CRHm<\/a><\/span><\/p>\n","protected":false},"excerpt":{"rendered":"<p>Deux candidats demandent l\\&rsquo;acc\u00e8s pour les Juifs afin de monter sur le site sacr\u00e9, refus\u00e9 depuis que le verrouillage du coronavirus a commenc\u00e9 bien que les musulmans qui g\u00e8rent le site ait en d\u00e9j\u00e0 \u00e9t\u00e9 autoris\u00e9s \u00e0 revenir La Cour supr\u00eame devrait entendre ce lundi une p\u00e9tition pour permettre aux Juifs d\\&rsquo;acc\u00e9der au mont du &hellip;<\/p>\n<p class=\"read-more\"> <a class=\"\" href=\"https:\/\/israelmagazine.net\/?p=54066\"> <span class=\"screen-reader-text\">La Cour supr\u00eame auditionne une p\u00e9tition concernant l\\&rsquo;acc\u00e8s au mont du Temple<\/span> Lire la suite \u00bb<\/a><\/p>\n","protected":false},"author":4,"featured_media":54067,"comment_status":"open","ping_status":"open","sticky":false,"template":"","format":"standard","meta":{"site-sidebar-layout":"default","site-content-layout":"default","ast-global-header-display":"","ast-main-header-display":"","ast-hfb-above-header-display":"","ast-hfb-below-header-display":"","ast-hfb-mobile-header-display":"","site-post-title":"","ast-breadcrumbs-content":"","ast-featured-img":"","footer-sml-layout":"","theme-transparent-header-meta":"","adv-header-id-meta":"","stick-header-meta":"","header-above-stick-meta":"","header-main-stick-meta":"","header-below-stick-meta":""},"categories":[1687,84,1621,1767,1613,1673,1674,1623,1191],"tags":[386,2568,2569],"sujet":[],"_links":{"self":[{"href":"https:\/\/israelmagazine.net\/index.php?rest_route=\/wp\/v2\/posts\/54066"}],"collection":[{"href":"https:\/\/israelmagazine.net\/index.php?rest_route=\/wp\/v2\/posts"}],"about":[{"href":"https:\/\/israelmagazine.net\/index.php?rest_route=\/wp\/v2\/types\/post"}],"author":[{"embeddable":true,"href":"https:\/\/israelmagazine.net\/index.php?rest_route=\/wp\/v2\/users\/4"}],"replies":[{"embeddable":true,"href":"https:\/\/israelmagazine.net\/index.php?rest_route=%2Fwp%2Fv2%2Fcomments&post=54066"}],"version-history":[{"count":0,"href":"https:\/\/israelmagazine.net\/index.php?rest_route=\/wp\/v2\/posts\/54066\/revisions"}],"wp:featuredmedia":[{"embeddable":true,"href":"https:\/\/israelmagazine.net\/index.php?rest_route=\/"}],"wp:attachment":[{"href":"https:\/\/israelmagazine.net\/index.php?rest_route=%2Fwp%2Fv2%2Fmedia&parent=54066"}],"wp:term":[{"taxonomy":"category","embeddable":true,"href":"https:\/\/israelmagazine.net\/index.php?rest_route=%2Fwp%2Fv2%2Fcategories&post=54066"},{"taxonomy":"post_tag","embeddable":true,"href":"https:\/\/israelmagazine.net\/index.php?rest_route=%2Fwp%2Fv2%2Ftags&post=54066"},{"taxonomy":"sujet","embeddable":true,"href":"https:\/\/israelmagazine.net\/index.php?rest_route=%2Fwp%2Fv2%2Fsujet&post=54066"}],"curies":[{"name":"wp","href":"https:\/\/api.w.org\/{rel}","templated":true}]}}